{"id":185106,"date":"2025-04-29T08:27:35","date_gmt":"2025-04-29T12:27:35","guid":{"rendered":"https:\/\/sportseco.com\/?p=185106"},"modified":"2025-04-29T09:05:36","modified_gmt":"2025-04-29T13:05:36","slug":"dia-europeo-de-la-solidaridad-y-cooperacion-entre-generaciones-29-de-abril","status":"publish","type":"post","link":"https:\/\/sportseco.com\/?p=185106","title":{"rendered":"D\u00eda Europeo de la Solidaridad y Cooperaci\u00f3n entre Generaciones, 29 de abril"},"content":{"rendered":"\n<figure class=\"wp-block-image size-full\"><img data-recalc-dims=\"1\" loading=\"lazy\" decoding=\"async\" width=\"305\" height=\"191\" src=\"https:\/\/i0.wp.com\/sportseco.com\/wp-content\/uploads\/2025\/04\/04-29_dia-europeo-cooperacion-entre-generaciones.jpg?resize=305%2C191&#038;ssl=1\" alt=\"\" class=\"wp-image-185108\" srcset=\"https:\/\/i0.wp.com\/sportseco.com\/wp-content\/uploads\/2025\/04\/04-29_dia-europeo-cooperacion-entre-generaciones.jpg?w=305&amp;ssl=1 305w, https:\/\/i0.wp.com\/sportseco.com\/wp-content\/uploads\/2025\/04\/04-29_dia-europeo-cooperacion-entre-generaciones.jpg?resize=300%2C188&amp;ssl=1 300w\" sizes=\"auto, (max-width: 305px) 100vw, 305px\" \/><\/figure>\n\n\n\n<p><strong>El 29 de abril se celebra el D\u00eda Europeo de la Solidaridad y la Cooperaci\u00f3n entre Generaciones<\/strong>, una fecha que se instaur\u00f3 a partir del a\u00f1o 2009 gracias a organizaciones como la&nbsp;<strong>Plataforma Europea de Personas Mayores y el European Youth Forum.<\/strong><\/p>\n\n\n\n<p>El objetivo de celebrar este d\u00eda, es&nbsp;<strong>permitir la inclusi\u00f3n y participaci\u00f3n de las personas mayores<\/strong>&nbsp;para que brinden su contribuci\u00f3n a la sociedad actual y con ello contribuir a una mayor solidaridad intergeneracional.<\/p>\n\n\n\n<figure class=\"wp-block-embed is-type-rich is-provider-gestor-del-servicio wp-block-embed-gestor-del-servicio wp-embed-aspect-16-9 wp-has-aspect-ratio\"><div class=\"wp-block-embed__wrapper\">\n<iframe loading=\"lazy\" title=\"Una residencia de ancianos acoge una guarder\u00eda con ni\u00f1os de preescolar\" width=\"640\" height=\"360\" src=\"https:\/\/www.youtube.com\/embed\/hpqAZRDCtAc?feature=oembed\" frameborder=\"0\" allow=\"accelerometer; autoplay; clipboard-write; encrypted-media; gyroscope; picture-in-picture; web-share\" referrerpolicy=\"strict-origin-when-cross-origin\" allowfullscreen><\/iframe>\n<\/div><\/figure>\n\n\n\n<p>Una residencia de ancianos acoge una guarder\u00eda con ni\u00f1os de preescolar<\/p>\n\n\n\n<h2 class=\"wp-block-heading\" id=\"resTit_2\">La convivencia intergeneracional para la inclusi\u00f3n<\/h2>\n\n\n\n<p><strong>La convivencia intergeneracional<\/strong>&nbsp;como una manera de incluir a las personas mayores, es la pol\u00edtica adoptada por algunos pa\u00edses del norte de Europa, donde se busca una mayor convivencia entre la juventud y las personas de mayor edad.<\/p>\n\n\n\n<p><\/p>\n\n\n\n<p>Se busca&nbsp;<strong>que ambas generaciones puedan retroalimentarse<\/strong>&nbsp;y dar lo mejor de cada una de ellas.<\/p>\n\n\n\n<p>Actualmente, vivimos en un mundo muy acelerado. Las nuevas tecnolog\u00edas han dejado atr\u00e1s muchas de las costumbres y tradiciones heredadas de los que antiguamente pose\u00edan la sabidur\u00eda y que lamentablemente hoy lo hemos dejado de lado. Sin embargo, todav\u00eda no es tarde para rescatar el valor que tiene para la sociedad la sapiencia de nuestros mayores.<\/p>\n\n\n\n<h2 class=\"wp-block-heading\" id=\"resTit_3\">Beneficios de la convivencia entre generaciones<\/h2>\n\n\n\n<figure class=\"wp-block-image\"><img data-recalc-dims=\"1\" decoding=\"async\" src=\"https:\/\/i0.wp.com\/www.diainternacionalde.com\/imagenes\/dias\/abril\/04-29_dia-europeo-cooperacion-entre-generaciones_s.jpg?w=640&#038;ssl=1\" alt=\"\" title=\"\"\/><\/figure>\n\n\n\n<p>La convivencia intergeneracional puede traer grandes beneficios a las personas de mayor edad, entre los que destacan:<\/p>\n\n\n\n<ul class=\"wp-block-list\">\n<li>Ayuda a que las personas despierten un sentido de pertenencia e inclusi\u00f3n.<\/li>\n\n\n\n<li>Incrementa el bienestar f\u00edsico, psicol\u00f3gico y emocional.<\/li>\n\n\n\n<li>Aumenta su autoestima y sus ganas de seguir disfrutando el placer de la vida.<\/li>\n\n\n\n<li>Incrementa el deseo y la motivaci\u00f3n por aprender cosas nuevas.<\/li>\n\n\n\n<li>Contribuye a un mayor dinamismo e integraci\u00f3n en la vida social.<\/li>\n\n\n\n<li>Optimiza sus potenciales y habilidades personales.<\/li>\n\n\n\n<li>Contribuye a transmitir todas sus experiencias y conocimientos a las nuevas generaciones.<\/li>\n<\/ul>\n\n\n\n<h2 class=\"wp-block-heading\" id=\"resTit_4\">El papel de la Organizaci\u00f3n Mundial de la Salud en la integraci\u00f3n de las personas mayores<\/h2>\n\n\n\n<p>De acuerdo a la&nbsp;<strong>Organizaci\u00f3n Mundial de la Salud<\/strong>, se necesita reivindicar el rol de las personas mayores dentro de la sociedad.<\/p>\n\n\n\n<p>El hecho de llegar a una cierta edad, no significa el fin de la existencia ni el valor de los seres humanos, ya que la clave del envejecimiento est\u00e1 en poder seguir desempe\u00f1ando un rol participativo y de esta forma poder alcanzar una madurez digna e incluyente.<\/p>\n\n\n\n<p>En este sentido, se necesita que se creen las condiciones para que estas personas puedan seguir activas, pudiendo desempe\u00f1ar m\u00faltiples actividades culturales, recreativas, sociales y que las mismas se ajusten a sus capacidades e intereses.<\/p>\n\n\n\n<h2 class=\"wp-block-heading\" id=\"resTit_5\">\u00bfC\u00f3mo celebrar el D\u00eda Europeo de la Solidaridad y la Cooperaci\u00f3n entre Generaciones?<\/h2>\n\n\n\n<p>Esta es una fecha propicia para rendir un homenaje a todas aquellas personas que de alguna manera han marcado un antes y un despu\u00e9s en nuestras vidas.<\/p>\n\n\n\n<p>Los adultos mayores son las personas que merecen un mayor reconocimiento por haber dedicado gran parte de su existencia a fomentar valores familiares y que han servido de legado para las nuevas generaciones.<\/p>\n\n\n\n<p>S\u00ed quieres formar parte de esta celebraci\u00f3n, te invitamos a dar tu peque\u00f1a aportaci\u00f3n aprovechando esta fecha para compartir a trav\u00e9s de las distintas redes sociales alguna experiencia familiar que te haya marcado o haya sido significativa en tu vida, gracias a las ense\u00f1anzas de alg\u00fan adulto mayor.<\/p>\n\n\n\n<p><\/p>\n\n\n\n<p><\/p>\n\n\n\n<p>diainternacionalde.com<\/p>\n","protected":false},"excerpt":{"rendered":"<p>El 29 de abril se celebra el D\u00eda Europeo de la Solidaridad y la Cooperaci\u00f3n entre Generaciones, una fecha que se instaur\u00f3 a partir del a\u00f1o 2009 gracias a organizaciones como la&nbsp;Plataforma Europea de Personas Mayores y el European Youth Forum. El objetivo de celebrar este d\u00eda, es&nbsp;permitir la inclusi\u00f3n y participaci\u00f3n de las personas [&hellip;]<\/p>\n","protected":false},"author":1,"featured_media":185108,"comment_status":"closed","ping_status":"closed","sticky":false,"template":"","format":"standard","meta":{"_acf_changed":false,"_jetpack_memberships_contains_paid_content":false,"footnotes":"","jetpack_publicize_message":"","jetpack_publicize_feature_enabled":true,"jetpack_social_post_already_shared":true,"jetpack_social_options":{"image_generator_settings":{"template":"highway","default_image_id":0,"font":"","enabled":false},"version":2}},"categories":[6],"tags":[],"class_list":["post-185106","post","type-post","status-publish","format-standard","has-post-thumbnail","hentry","category-ecologia"],"acf":[],"jetpack_publicize_connections":[],"jetpack_featured_media_url":"https:\/\/i0.wp.com\/sportseco.com\/wp-content\/uploads\/2025\/04\/04-29_dia-europeo-cooperacion-entre-generaciones.jpg?fit=305%2C191&ssl=1","jetpack_sharing_enabled":true,"_links":{"self":[{"href":"https:\/\/sportseco.com\/index.php?rest_route=\/wp\/v2\/posts\/185106","targetHints":{"allow":["GET"]}}],"collection":[{"href":"https:\/\/sportseco.com\/index.php?rest_route=\/wp\/v2\/posts"}],"about":[{"href":"https:\/\/sportseco.com\/index.php?rest_route=\/wp\/v2\/types\/post"}],"author":[{"embeddable":true,"href":"https:\/\/sportseco.com\/index.php?rest_route=\/wp\/v2\/users\/1"}],"replies":[{"embeddable":true,"href":"https:\/\/sportseco.com\/index.php?rest_route=%2Fwp%2Fv2%2Fcomments&post=185106"}],"version-history":[{"count":2,"href":"https:\/\/sportseco.com\/index.php?rest_route=\/wp\/v2\/posts\/185106\/revisions"}],"predecessor-version":[{"id":185117,"href":"https:\/\/sportseco.com\/index.php?rest_route=\/wp\/v2\/posts\/185106\/revisions\/185117"}],"wp:featuredmedia":[{"embeddable":true,"href":"https:\/\/sportseco.com\/index.php?rest_route=\/wp\/v2\/media\/185108"}],"wp:attachment":[{"href":"https:\/\/sportseco.com\/index.php?rest_route=%2Fwp%2Fv2%2Fmedia&parent=185106"}],"wp:term":[{"taxonomy":"category","embeddable":true,"href":"https:\/\/sportseco.com\/index.php?rest_route=%2Fwp%2Fv2%2Fcategories&post=185106"},{"taxonomy":"post_tag","embeddable":true,"href":"https:\/\/sportseco.com\/index.php?rest_route=%2Fwp%2Fv2%2Ftags&post=185106"}],"curies":[{"name":"wp","href":"https:\/\/api.w.org\/{rel}","templated":true}]}}