{"id":185110,"date":"2025-04-29T08:31:37","date_gmt":"2025-04-29T12:31:37","guid":{"rendered":"https:\/\/sportseco.com\/?p=185110"},"modified":"2025-04-29T08:31:43","modified_gmt":"2025-04-29T12:31:43","slug":"previa-del-arsenal-paris-saint-germain-de-la-ida-de-semifinales-de-la-champions-league","status":"publish","type":"post","link":"https:\/\/sportseco.com\/?p=185110","title":{"rendered":"Previa del Arsenal &#8211; Paris Saint-Germain de la ida de semifinales de la Champions League"},"content":{"rendered":"\n<p>D\u00f3nde verlo, alineaciones probables y noticias de los equipos antes del duelo de ida en las semifinales de la&nbsp;<a href=\"https:\/\/es.uefa.com\/uefachampionsleague\/\">UEFA Champions League<\/a>.<\/p>\n\n\n\n<p>El Arsenal recibe al Paris en su partido de ida de semifinales de la UEFA Champions League el martes 29 de abril a las 21:00 HEC.<\/p>\n\n\n\n<p>Los datos del Arsenal &#8211; Paris<\/p>\n\n\n\n<p><strong>Cu\u00e1ndo<\/strong>: martes 29 de abril (21:00 HEC)<br \/><strong>D\u00f3nde<\/strong>: Arsenal Stadium, Londres<br \/><strong>Qu\u00e9<\/strong>: ida de semifinales de la Champions League<br \/><strong>Qui\u00e9n<\/strong>: el subcampe\u00f3n de 2005\/06 contra el subcampe\u00f3n de 2019\/20<strong><br \/>C\u00f3mo seguirlo<\/strong>:\u00a0<a href=\"https:\/\/es.uefa.com\/uefachampionsleague\/match\/2044857--arsenal-vs-paris\/\">consulta aqu\u00ed la mejor cobertura en directo del partido<\/a><\/p>\n\n\n\n<h4 class=\"wp-block-heading\"><strong>Lo que necesitas saber<\/strong><\/h4>\n\n\n\n<p>Ning\u00fan equipo llega a semifinales en mejor momento que el Arsenal, despu\u00e9s de&nbsp;<a href=\"https:\/\/es.uefa.com\/uefachampionsleague\/match\/2044855--real-madrid-vs-arsenal\/\">superar con contundencia al Real Madrid por un global de 5-1<\/a>&nbsp;en cuartos de final. Al igual que en aquella eliminatoria, los&nbsp;<em>gunners<\/em>&nbsp;juegan primero en casa y posiblemente sea en Londres donde han estado mejor en lo que va de campa\u00f1a.<\/p>\n\n\n\n<p>La victoria por&nbsp;<a href=\"https:\/\/es.uefa.com\/uefachampionsleague\/match\/2044849--arsenal-vs-real-madrid\/\">3-0 en la ida contra el Madrid<\/a>&nbsp;alarg\u00f3 su racha a 17 partidos en casa sin perder en competiciones UEFA, por lo que habr\u00e1 cierta expectaci\u00f3n en el estreno de su primera semifinal de Champioons desde 2008\/09. Los hombres de Mikel Arteta tambi\u00e9n estar\u00e1n animados por la impresionante victoria de octubre por&nbsp;<a href=\"https:\/\/es.uefa.com\/uefachampionsleague\/match\/2041939--arsenal-vs-paris\/\">2-0 contra el Paris<\/a>&nbsp;ante su afici\u00f3n en la fase liga de esta temporada.<\/p>\n\n\n\n<p>Aunque el Paris todav\u00eda no ha ganado en los cinco partidos oficiales que ha disputado contra el club del norte de Londres (tres empates y dos derrotas), le animar\u00e1 el hecho de que ya se ha deshecho de dos equipos de la Premier League en las rondas eliminatorias de esta temporada (el&nbsp;<a href=\"https:\/\/es.uefa.com\/uefachampionsleague\/match\/2044776--liverpool-vs-paris\/\">Liverpool en octavos de final<\/a>&nbsp;y&nbsp;<a href=\"https:\/\/es.uefa.com\/uefachampionsleague\/match\/2044854--aston-villa-vs-paris\/\">el Aston Villa en cuartos<\/a>) y hab\u00eda ganado cuatro partidos seguidos fuera de casa en Champions antes de su derrota en Villa Park.<\/p>\n\n\n\n<p>El conjunto franc\u00e9s tambi\u00e9n tiene m\u00e1s experiencia en esta fase de la competici\u00f3n, ya que ha alcanzado las semifinales en cuatro de las seis \u00faltimas temporadas.<\/p>\n\n\n\n<p><img data-recalc-dims=\"1\" decoding=\"async\" alt=\"Todos los goles del Arsenal en la Champions League 2024\/25\" srcset=\"https:\/\/editorial.uefa.com\/resources\/0298-1d8ad81ddb26-69ba820cf9e6-1000\/format\/wide1\/arsenal_fc_v_as_monaco_-_uefa_champions_league_2024_25_league_phase_md6.jpeg?imwidth=158 158w, https:\/\/editorial.uefa.com\/resources\/0298-1d8ad81ddb26-69ba820cf9e6-1000\/format\/wide1\/arsenal_fc_v_as_monaco_-_uefa_champions_league_2024_25_league_phase_md6.jpeg?imwidth=276 276w, https:\/\/editorial.uefa.com\/resources\/0298-1d8ad81ddb26-69ba820cf9e6-1000\/format\/wide1\/arsenal_fc_v_as_monaco_-_uefa_champions_league_2024_25_league_phase_md6.jpeg?imwidth=280 280w, https:\/\/editorial.uefa.com\/resources\/0298-1d8ad81ddb26-69ba820cf9e6-1000\/format\/wide1\/arsenal_fc_v_as_monaco_-_uefa_champions_league_2024_25_league_phase_md6.jpeg?imwidth=369 369w, https:\/\/editorial.uefa.com\/resources\/0298-1d8ad81ddb26-69ba820cf9e6-1000\/format\/wide1\/arsenal_fc_v_as_monaco_-_uefa_champions_league_2024_25_league_phase_md6.jpeg?imwidth=490 490w, https:\/\/editorial.uefa.com\/resources\/0298-1d8ad81ddb26-69ba820cf9e6-1000\/format\/wide1\/arsenal_fc_v_as_monaco_-_uefa_champions_league_2024_25_league_phase_md6.jpeg?imwidth=556 556w, https:\/\/editorial.uefa.com\/resources\/0298-1d8ad81ddb26-69ba820cf9e6-1000\/format\/wide1\/arsenal_fc_v_as_monaco_-_uefa_champions_league_2024_25_league_phase_md6.jpeg?imwidth=656 656w, https:\/\/editorial.uefa.com\/resources\/0298-1d8ad81ddb26-69ba820cf9e6-1000\/format\/wide1\/arsenal_fc_v_as_monaco_-_uefa_champions_league_2024_25_league_phase_md6.jpeg?imwidth=988 988w, https:\/\/editorial.uefa.com\/resources\/0298-1d8ad81ddb26-69ba820cf9e6-1000\/format\/wide1\/arsenal_fc_v_as_monaco_-_uefa_champions_league_2024_25_league_phase_md6.jpeg?imwidth=2048 2048w\" src=\"https:\/\/i0.wp.com\/editorial.uefa.com\/resources\/0298-1d8ad81ddb26-69ba820cf9e6-1000\/format\/wide1\/arsenal_fc_v_as_monaco_-_uefa_champions_league_2024_25_league_phase_md6.jpeg?w=640&#038;ssl=1\"\/><\/p>\n\n\n\n<p>0 of 5 secondsVolume 0%<\/p>\n\n\n\n<p><em>Todos los goles del Arsenal en la Champions League 2024\/25<\/em><\/p>\n\n\n\n<h4 class=\"wp-block-heading\"><strong>Alineaciones probables<\/strong><\/h4>\n\n\n\n<p><strong>Arsenal<\/strong>: David Raya; Timber, Saliba, Kiwior, Lewis-Skelly; \u00d8degaard, Rice, Mikel Merino; Saka, Trossard, Martinelli<\/p>\n\n\n\n<p><strong>Paris<\/strong>: Donnarumma; Hakimi, Marquinhos, Pacho, Nuno Mendes; Jo\u00e3o Neves, Vitinha, Fabi\u00e1n Ruiz; Dou\u00e9, Demb\u00e9l\u00e9, Kvaratskhelia<\/p>\n\n\n\n<h4 class=\"wp-block-heading\"><strong>Estados de forma<\/strong><\/h4>\n\n\n\n<p><strong>Arsenal<\/strong><\/p>\n\n\n\n<p><strong>Estado de forma<\/strong>: EVVEVE<br \/><strong>\u00daltimo resultado<\/strong>: Arsenal &#8211; Crystal Palace 2-2, Premier League, 23\/04<\/p>\n\n\n\n<p><strong>Paris<\/strong><\/p>\n\n\n\n<p><strong>Estado de forma<\/strong>: DEVDVV<br \/><strong>\u00daltimo resultado<\/strong>: Paris &#8211; Nice 1-3, Ligue 1, 25\/04<\/p>\n\n\n\n<p><em>Los estados de forma incluyen todos los partidos oficiales de la temporada 2024\/25. El resultado m\u00e1s reciente en primer lugar. Por razones estad\u00edsticas, las tandas de penaltis no cuentan en los resultados.<\/em><\/p>\n\n\n\n<p><img data-recalc-dims=\"1\" decoding=\"async\" alt=\"Todos los goles del Paris en la Champions League 2024\/25\" srcset=\"https:\/\/editorial.uefa.com\/resources\/0298-1d88d5298f19-4f43e413012c-1000\/format\/wide1\/aston_villa_fc_v_paris_saint-germain_-_uefa_champions_league_2024_25_quarter_final_second_leg.jpeg?imwidth=158 158w, https:\/\/editorial.uefa.com\/resources\/0298-1d88d5298f19-4f43e413012c-1000\/format\/wide1\/aston_villa_fc_v_paris_saint-germain_-_uefa_champions_league_2024_25_quarter_final_second_leg.jpeg?imwidth=276 276w, https:\/\/editorial.uefa.com\/resources\/0298-1d88d5298f19-4f43e413012c-1000\/format\/wide1\/aston_villa_fc_v_paris_saint-germain_-_uefa_champions_league_2024_25_quarter_final_second_leg.jpeg?imwidth=280 280w, https:\/\/editorial.uefa.com\/resources\/0298-1d88d5298f19-4f43e413012c-1000\/format\/wide1\/aston_villa_fc_v_paris_saint-germain_-_uefa_champions_league_2024_25_quarter_final_second_leg.jpeg?imwidth=369 369w, https:\/\/editorial.uefa.com\/resources\/0298-1d88d5298f19-4f43e413012c-1000\/format\/wide1\/aston_villa_fc_v_paris_saint-germain_-_uefa_champions_league_2024_25_quarter_final_second_leg.jpeg?imwidth=490 490w, https:\/\/editorial.uefa.com\/resources\/0298-1d88d5298f19-4f43e413012c-1000\/format\/wide1\/aston_villa_fc_v_paris_saint-germain_-_uefa_champions_league_2024_25_quarter_final_second_leg.jpeg?imwidth=556 556w, https:\/\/editorial.uefa.com\/resources\/0298-1d88d5298f19-4f43e413012c-1000\/format\/wide1\/aston_villa_fc_v_paris_saint-germain_-_uefa_champions_league_2024_25_quarter_final_second_leg.jpeg?imwidth=656 656w, https:\/\/editorial.uefa.com\/resources\/0298-1d88d5298f19-4f43e413012c-1000\/format\/wide1\/aston_villa_fc_v_paris_saint-germain_-_uefa_champions_league_2024_25_quarter_final_second_leg.jpeg?imwidth=988 988w, https:\/\/editorial.uefa.com\/resources\/0298-1d88d5298f19-4f43e413012c-1000\/format\/wide1\/aston_villa_fc_v_paris_saint-germain_-_uefa_champions_league_2024_25_quarter_final_second_leg.jpeg?imwidth=2048 2048w\" src=\"https:\/\/i0.wp.com\/editorial.uefa.com\/resources\/0298-1d88d5298f19-4f43e413012c-1000\/format\/wide1\/aston_villa_fc_v_paris_saint-germain_-_uefa_champions_league_2024_25_quarter_final_second_leg.jpeg?w=640&#038;ssl=1\"\/><\/p>\n\n\n\n<p>0 of 6 secondsVolume 0%<\/p>\n\n\n\n<p>Este anuncio terminar\u00e1 en 6<\/p>\n\n\n\n<p><em>Todos los goles del Paris en la Champions League 2024\/25<\/em><\/p>\n\n\n\n<h4 class=\"wp-block-heading\"><strong>Lo que dicen los protagonistas<\/strong><\/h4>\n\n\n\n<p><strong>Mikel Arteta, entrenador del Arsenal<\/strong>: \u00abEspecialmente con las circunstancias de esta temporada y c\u00f3mo hemos superado muchos problemas y retos, nos hemos convertido en uno de los cuatro mejores equipos de Europa. Ahora mismo es una bonita historia, pero queremos m\u00e1s\u00bb.<\/p>\n\n\n\n<p><strong>Luis Enrique, entrenador del Paris<\/strong>: \u00abSomos un equipo m\u00e1s completo que en la fase liga y ahora queremos escribir una p\u00e1gina en la historia. Fue el 1 de octubre, hace siete meses (cuando perdimos contra el Arsenal). Creo que hay grandes diferencias. He vuelto a ver el partido y he visto nuestros progresos. Creo que somos mejor equipo, lo hemos demostrado a lo largo de la competici\u00f3n. Tuvimos la fase liga m\u00e1s dura y ahora estamos en semifinales. Al principio nos perjudic\u00f3, pero al final fue positivo porque nos ayud\u00f3 a progresar. Arsenal y Par\u00eds son parecidos. Son un equipo capaz de atacar y defender juntos, con individualidades de alto nivel como nosotros, sin depender de ellos\u00bb.<\/p>\n\n\n\n<p><strong>Gabriel Martinelli, delantero del Arsenal:<\/strong>&nbsp;\u00abEste club se merece tener (\u00e9xito) y estamos muy contentos de participar en este momento. Creemos que podemos ganarlo; (el t\u00edtulo es) algo incre\u00edble que podemos aportar al club. Ha sido un viaje incre\u00edble para m\u00ed. No s\u00f3lo en el campo, sino tambi\u00e9n fuera de \u00e9l. Cuando llegu\u00e9 est\u00e1bamos jugando la Europa League y ahora estamos en semifinales de la Champions League\u00bb.<\/p>\n\n\n\n<p><strong>Vitinha, centrocampista del Par\u00eds:<\/strong>&nbsp;\u00abSabemos que el Arsenal es muy fuerte en las jugadas a bal\u00f3n parado y que sigue siendo un buen equipo en comparaci\u00f3n con octubre. Tienen un equipo muy bueno, \u00e9sa es su principal caracter\u00edstica. Ofensivamente, defensivamente, lo hacen todo juntos, un poco como nosotros. Es importante mantener la cabeza fr\u00eda y la concentraci\u00f3n. Es un aspecto muy importante en este tipo de partidos, con la presi\u00f3n que hay\u00bb.<\/p>\n\n\n\n<h4 class=\"wp-block-heading\"><strong>La visi\u00f3n del reportero<\/strong><\/h4>\n\n\n\n<p><strong>Joe Terry, reportero del partido<\/strong>: la trayectoria ascendente del Paris desde su derrota por 2-0 a manos del Arsenal en la fase liga ha sido incre\u00edble. Superado merecidamente aquel d\u00eda, ha formado desde entonces uno de los equipos m\u00e1s cohesionados del mundo. Lo mismo puede decirse del Arsenal, que parece ganar confianza en cada ronda, sobre todo despu\u00e9s de dos amplias victorias contra el todav\u00eda vigente campe\u00f3n, el Real Madrid. Estos ingredientes hacen de esta semifinal un duelo que puede dar mucho que hablar.<\/p>\n\n\n\n<p><img data-recalc-dims=\"1\" decoding=\"async\" alt=\"Enfrentamientos previos entre Arsenal y Paris\" srcset=\"https:\/\/editorial.uefa.com\/resources\/0298-1d99230744cf-e722c3ff20ac-1000\/format\/wide1\/fbl-eur-c1-arsenal-psg.jpeg?imwidth=158 158w, https:\/\/editorial.uefa.com\/resources\/0298-1d99230744cf-e722c3ff20ac-1000\/format\/wide1\/fbl-eur-c1-arsenal-psg.jpeg?imwidth=276 276w, https:\/\/editorial.uefa.com\/resources\/0298-1d99230744cf-e722c3ff20ac-1000\/format\/wide1\/fbl-eur-c1-arsenal-psg.jpeg?imwidth=280 280w, https:\/\/editorial.uefa.com\/resources\/0298-1d99230744cf-e722c3ff20ac-1000\/format\/wide1\/fbl-eur-c1-arsenal-psg.jpeg?imwidth=369 369w, https:\/\/editorial.uefa.com\/resources\/0298-1d99230744cf-e722c3ff20ac-1000\/format\/wide1\/fbl-eur-c1-arsenal-psg.jpeg?imwidth=490 490w, https:\/\/editorial.uefa.com\/resources\/0298-1d99230744cf-e722c3ff20ac-1000\/format\/wide1\/fbl-eur-c1-arsenal-psg.jpeg?imwidth=556 556w, https:\/\/editorial.uefa.com\/resources\/0298-1d99230744cf-e722c3ff20ac-1000\/format\/wide1\/fbl-eur-c1-arsenal-psg.jpeg?imwidth=656 656w, https:\/\/editorial.uefa.com\/resources\/0298-1d99230744cf-e722c3ff20ac-1000\/format\/wide1\/fbl-eur-c1-arsenal-psg.jpeg?imwidth=988 988w, https:\/\/editorial.uefa.com\/resources\/0298-1d99230744cf-e722c3ff20ac-1000\/format\/wide1\/fbl-eur-c1-arsenal-psg.jpeg?imwidth=2048 2048w\" src=\"https:\/\/i0.wp.com\/editorial.uefa.com\/resources\/0298-1d99230744cf-e722c3ff20ac-1000\/format\/wide1\/fbl-eur-c1-arsenal-psg.jpeg?w=640&#038;ssl=1\"\/><\/p>\n\n\n\n<p>0 of 5 secondsVolume 0%<\/p>\n\n\n\n<p>Este anuncio terminar\u00e1 en 5<\/p>\n\n\n\n<p><em>Enfrentamientos previos entre Arsenal y Paris<\/em><\/p>\n\n\n\n<p>\u00a9 1998-2025 UEFA. All rights reserved.<\/p>\n","protected":false},"excerpt":{"rendered":"<p>D\u00f3nde verlo, alineaciones probables y noticias de los equipos antes del duelo de ida en las semifinales de la&nbsp;UEFA Champions League. El Arsenal recibe al Paris en su partido de ida de semifinales de la UEFA Champions League el martes 29 de abril a las 21:00 HEC. Los datos del Arsenal &#8211; Paris Cu\u00e1ndo: martes [&hellip;]<\/p>\n","protected":false},"author":1,"featured_media":185111,"comment_status":"closed","ping_status":"closed","sticky":false,"template":"","format":"standard","meta":{"_acf_changed":false,"_jetpack_memberships_contains_paid_content":false,"footnotes":"","jetpack_publicize_message":"","jetpack_publicize_feature_enabled":true,"jetpack_social_post_already_shared":true,"jetpack_social_options":{"image_generator_settings":{"template":"highway","default_image_id":0,"font":"","enabled":false},"version":2}},"categories":[5],"tags":[],"class_list":["post-185110","post","type-post","status-publish","format-standard","has-post-thumbnail","hentry","category-futbol"],"acf":[],"jetpack_publicize_connections":[],"jetpack_featured_media_url":"https:\/\/i0.wp.com\/sportseco.com\/wp-content\/uploads\/2025\/04\/ucl_24x27_-_h2h_-_facebook.webp?fit=988%2C556&ssl=1","jetpack_sharing_enabled":true,"_links":{"self":[{"href":"https:\/\/sportseco.com\/index.php?rest_route=\/wp\/v2\/posts\/185110","targetHints":{"allow":["GET"]}}],"collection":[{"href":"https:\/\/sportseco.com\/index.php?rest_route=\/wp\/v2\/posts"}],"about":[{"href":"https:\/\/sportseco.com\/index.php?rest_route=\/wp\/v2\/types\/post"}],"author":[{"embeddable":true,"href":"https:\/\/sportseco.com\/index.php?rest_route=\/wp\/v2\/users\/1"}],"replies":[{"embeddable":true,"href":"https:\/\/sportseco.com\/index.php?rest_route=%2Fwp%2Fv2%2Fcomments&post=185110"}],"version-history":[{"count":1,"href":"https:\/\/sportseco.com\/index.php?rest_route=\/wp\/v2\/posts\/185110\/revisions"}],"predecessor-version":[{"id":185112,"href":"https:\/\/sportseco.com\/index.php?rest_route=\/wp\/v2\/posts\/185110\/revisions\/185112"}],"wp:featuredmedia":[{"embeddable":true,"href":"https:\/\/sportseco.com\/index.php?rest_route=\/wp\/v2\/media\/185111"}],"wp:attachment":[{"href":"https:\/\/sportseco.com\/index.php?rest_route=%2Fwp%2Fv2%2Fmedia&parent=185110"}],"wp:term":[{"taxonomy":"category","embeddable":true,"href":"https:\/\/sportseco.com\/index.php?rest_route=%2Fwp%2Fv2%2Fcategories&post=185110"},{"taxonomy":"post_tag","embeddable":true,"href":"https:\/\/sportseco.com\/index.php?rest_route=%2Fwp%2Fv2%2Ftags&post=185110"}],"curies":[{"name":"wp","href":"https:\/\/api.w.org\/{rel}","templated":true}]}}