{"id":185118,"date":"2025-04-29T09:39:36","date_gmt":"2025-04-29T13:39:36","guid":{"rendered":"https:\/\/sportseco.com\/?p=185118"},"modified":"2025-04-29T09:39:40","modified_gmt":"2025-04-29T13:39:40","slug":"un-hecho-sin-precedentes-alcaldia-de-cali-recorre-junto-a-las-comunidades-indigenas-los-territorios-sagrados-del-camino-ancestral","status":"publish","type":"post","link":"https:\/\/sportseco.com\/?p=185118","title":{"rendered":"Un hecho sin precedentes: Alcald\u00eda de Cali recorre junto a las comunidades ind\u00edgenas los territorios sagrados del \u2018Camino Ancestral\u2019"},"content":{"rendered":"\n<figure class=\"wp-block-image\"><img data-recalc-dims=\"1\" decoding=\"async\" src=\"https:\/\/i0.wp.com\/www.cali.gov.co\/info\/caligovco_se\/media\/pubInt\/thumbs\/thpubInt_700X400_186548.webp?w=640&#038;ssl=1\" alt=\"Un hecho sin precedentes: Alcald\u00eda de Cali recorre junto a las comunidades ind\u00edgenas los territorios sagrados del \u2018Camino Ancestral\u2019\" title=\"Un hecho sin precedentes: Alcald\u00eda de Cali recorre junto a las comunidades ind\u00edgenas los territorios sagrados del \u2018Camino Ancestral\u2019\"\/><\/figure>\n\n\n\n<ul class=\"wp-block-list\">\n<li><em>Autoridades ind\u00edgenas y miembros de las comunidades, junto con la Alcald\u00eda de Cali, realizaron un recorrido por los territorios sagrados de La Vor\u00e1gine a Villacarmelo, visitando espacios de gran significado cultural y espiritual, con el objetivo de integrar la visi\u00f3n de los pueblos ind\u00edgenas en la construcci\u00f3n del Plan de Ordenamiento Territorial (POT).<\/em><\/li>\n<\/ul>\n\n\n\n<p><strong>Santiago de Cali, 28 de abril de 2025<\/strong><\/p>\n\n\n\n<p>Entre las monta\u00f1as de La Vor\u00e1gine y Villacarmelo, autoridades ind\u00edgenas, miembros de las comunidades y representantes de diversos organismos de la Alcald\u00eda de Cali realizaron un significativo recorrido por el \u2018Camino Ancestral\u2019. En este trayecto, visitaron espacios sagrados, r\u00edos y puntos de memoria, reafirmando que el territorio no es solo un espacio f\u00edsico, sino un legado vivo que protege la identidad, la autonom\u00eda y el arraigo espiritual de los pueblos ind\u00edgenas.<\/p>\n\n\n\n<p>La Alcald\u00eda, a trav\u00e9s de la Secretar\u00eda de Bienestar Social, acompa\u00f1\u00f3 esta jornada, en el marco del proceso de articulaci\u00f3n con las Autoridades Ind\u00edgenas de Cali para la construcci\u00f3n del Plan de Ordenamiento Territorial (POT).<\/p>\n\n\n\n<p>\u201c<em>Recorrer los territorios ind\u00edgenas y conocer de cerca sus din\u00e1micas, tradiciones y costumbres nos da herramientas reales para fortalecer sus proyectos de vida. Desde la Secretar\u00eda de Bienestar Social entendemos que no es posible planear desde un escritorio, sin caminar el territorio, sin generar confianza y sin escuchar a las comunidades. Esta experiencia, articulada con el Departamento Administrativo de Planeaci\u00f3n en el marco del Plan de Ordenamiento Territorial, es fundamental para construir desde la ra\u00edz y con respeto\u201d<\/em>, afirm\u00f3 Clara In\u00e9s Torres Sinisterra, subsecretaria de Poblaciones y Etnias.<\/p>\n\n\n\n<p>En el territorio cale\u00f1o conviven siete pueblos ind\u00edgenas organizados en ocho cabildos y un resguardo, quienes, desde su cosmovisi\u00f3n y autonom\u00eda, contribuyen activamente al cuidado del territorio, la preservaci\u00f3n de la cultura y la construcci\u00f3n de paz en la ciudad.<\/p>\n\n\n\n<p>\u201c<em>Integrar la visi\u00f3n de las comunidades ind\u00edgenas en el Plan de Ordenamiento Territorial es un compromiso que estamos construyendo desde el di\u00e1logo y el trabajo conjunto. Este recorrido nos permite entender su mirada sobre el territorio y avanzar hacia un instrumento que puedan interpretar, defender y hacer suyo<\/em>\u201d, afirm\u00f3 Alexandro Banda, subdirector de Planificaci\u00f3n del Territorio del Departamento Administrativo de Planeaci\u00f3n.<\/p>\n\n\n\n<p>Para la comunidad, estos espacios son importantes porque muestran, desde sus territorios, sus realidades. As\u00ed lo expres\u00f3 Plinio Yalanda, gobernador del Cabildo Misak Nu Pachik Chak \u201c<em>No es lo mismo que llevemos una petici\u00f3n escrita a que ustedes recorran el territorio y conozcan directamente nuestras realidades. Que comprendan nuestras necesidades de manera cercana es algo tangible y muy significativo. Este acompa\u00f1amiento es un hecho sin precedentes y lo tomamos como un \u00e9xito. La invitaci\u00f3n es a seguir fortaleciendo este proceso conjunto entre las autoridades ind\u00edgenas y la institucionalida<\/em>d\u201d.<\/p>\n\n\n\n<p>La Alcald\u00eda de Cali reafirma as\u00ed su compromiso con la defensa de los derechos ancestrales, el respeto por la diversidad cultural y el fortalecimiento de espacios de di\u00e1logo intercultural para construir una Cali m\u00e1s justa, participativa y diversa.<\/p>\n\n\n\n<figure class=\"wp-block-image size-full\"><img data-recalc-dims=\"1\" loading=\"lazy\" decoding=\"async\" width=\"533\" height=\"400\" src=\"https:\/\/i0.wp.com\/sportseco.com\/wp-content\/uploads\/2025\/04\/thgaleria_700X400_320595.webp?resize=533%2C400&#038;ssl=1\" alt=\"\" class=\"wp-image-185120\" srcset=\"https:\/\/i0.wp.com\/sportseco.com\/wp-content\/uploads\/2025\/04\/thgaleria_700X400_320595.webp?w=533&amp;ssl=1 533w, https:\/\/i0.wp.com\/sportseco.com\/wp-content\/uploads\/2025\/04\/thgaleria_700X400_320595.webp?resize=300%2C225&amp;ssl=1 300w\" sizes=\"auto, (max-width: 533px) 100vw, 533px\" \/><\/figure>\n\n\n\n<ul class=\"wp-block-list\">\n<li><a href=\"https:\/\/www.cali.gov.co\/boletines\/publicaciones\/186548\/un-hecho-sin-precedentes-alcaldia-de-cali-recorre-junto-a-las-comunidades-indigenas-los-territorios-sagrados-del-camino-ancestral\/#\"><\/a><a href=\"https:\/\/www.cali.gov.co\/boletines\/publicaciones\/186548\/un-hecho-sin-precedentes-alcaldia-de-cali-recorre-junto-a-las-comunidades-indigenas-los-territorios-sagrados-del-camino-ancestral\/#\"><\/a><\/li>\n\n\n\n<li><a href=\"https:\/\/www.cali.gov.co\/boletines\/publicaciones\/186548\/un-hecho-sin-precedentes-alcaldia-de-cali-recorre-junto-a-las-comunidades-indigenas-los-territorios-sagrados-del-camino-ancestral\/#\"><\/a><a href=\"https:\/\/www.cali.gov.co\/boletines\/publicaciones\/186548\/un-hecho-sin-precedentes-alcaldia-de-cali-recorre-junto-a-las-comunidades-indigenas-los-territorios-sagrados-del-camino-ancestral\/#\"><\/a><\/li>\n\n\n\n<li><a href=\"https:\/\/www.cali.gov.co\/boletines\/publicaciones\/186548\/un-hecho-sin-precedentes-alcaldia-de-cali-recorre-junto-a-las-comunidades-indigenas-los-territorios-sagrados-del-camino-ancestral\/#\"><\/a><a href=\"https:\/\/www.cali.gov.co\/boletines\/publicaciones\/186548\/un-hecho-sin-precedentes-alcaldia-de-cali-recorre-junto-a-las-comunidades-indigenas-los-territorios-sagrados-del-camino-ancestral\/#\"><\/a><\/li>\n\n\n\n<li><a href=\"https:\/\/www.cali.gov.co\/boletines\/publicaciones\/186548\/un-hecho-sin-precedentes-alcaldia-de-cali-recorre-junto-a-las-comunidades-indigenas-los-territorios-sagrados-del-camino-ancestral\/#\"><\/a><a href=\"https:\/\/www.cali.gov.co\/boletines\/publicaciones\/186548\/un-hecho-sin-precedentes-alcaldia-de-cali-recorre-junto-a-las-comunidades-indigenas-los-territorios-sagrados-del-camino-ancestral\/#\"><\/a><\/li>\n\n\n\n<li><a href=\"https:\/\/www.cali.gov.co\/boletines\/publicaciones\/186548\/un-hecho-sin-precedentes-alcaldia-de-cali-recorre-junto-a-las-comunidades-indigenas-los-territorios-sagrados-del-camino-ancestral\/#\"><\/a><a href=\"https:\/\/www.cali.gov.co\/boletines\/publicaciones\/186548\/un-hecho-sin-precedentes-alcaldia-de-cali-recorre-junto-a-las-comunidades-indigenas-los-territorios-sagrados-del-camino-ancestral\/#\"><\/a><\/li>\n\n\n\n<li><a href=\"https:\/\/www.cali.gov.co\/boletines\/publicaciones\/186548\/un-hecho-sin-precedentes-alcaldia-de-cali-recorre-junto-a-las-comunidades-indigenas-los-territorios-sagrados-del-camino-ancestral\/#\"><\/a><a href=\"https:\/\/www.cali.gov.co\/boletines\/publicaciones\/186548\/un-hecho-sin-precedentes-alcaldia-de-cali-recorre-junto-a-las-comunidades-indigenas-los-territorios-sagrados-del-camino-ancestral\/#\"><\/a><\/li>\n<\/ul>\n\n\n\n<p><strong>Angie Carolina Tigreros Garc\u00eda<\/strong><\/p>\n\n\n\n<p><strong>Comunicaciones Secretar\u00eda de Bienestar Social<\/strong><\/p>\n\n\n\n<p><\/p>\n\n\n\n<p>cali.gov.co<\/p>\n","protected":false},"excerpt":{"rendered":"<p>Santiago de Cali, 28 de abril de 2025 Entre las monta\u00f1as de La Vor\u00e1gine y Villacarmelo, autoridades ind\u00edgenas, miembros de las comunidades y representantes de diversos organismos de la Alcald\u00eda de Cali realizaron un significativo recorrido por el \u2018Camino Ancestral\u2019. En este trayecto, visitaron espacios sagrados, r\u00edos y puntos de memoria, reafirmando que el territorio [&hellip;]<\/p>\n","protected":false},"author":1,"featured_media":185119,"comment_status":"closed","ping_status":"closed","sticky":false,"template":"","format":"standard","meta":{"_acf_changed":false,"_jetpack_memberships_contains_paid_content":false,"footnotes":"","jetpack_publicize_message":"","jetpack_publicize_feature_enabled":true,"jetpack_social_post_already_shared":true,"jetpack_social_options":{"image_generator_settings":{"template":"highway","default_image_id":0,"font":"","enabled":false},"version":2}},"categories":[6],"tags":[],"class_list":["post-185118","post","type-post","status-publish","format-standard","has-post-thumbnail","hentry","category-ecologia"],"acf":[],"jetpack_publicize_connections":[],"jetpack_featured_media_url":"https:\/\/i0.wp.com\/sportseco.com\/wp-content\/uploads\/2025\/04\/thgaleria_700X400_320599.webp?fit=533%2C400&ssl=1","jetpack_sharing_enabled":true,"_links":{"self":[{"href":"https:\/\/sportseco.com\/index.php?rest_route=\/wp\/v2\/posts\/185118","targetHints":{"allow":["GET"]}}],"collection":[{"href":"https:\/\/sportseco.com\/index.php?rest_route=\/wp\/v2\/posts"}],"about":[{"href":"https:\/\/sportseco.com\/index.php?rest_route=\/wp\/v2\/types\/post"}],"author":[{"embeddable":true,"href":"https:\/\/sportseco.com\/index.php?rest_route=\/wp\/v2\/users\/1"}],"replies":[{"embeddable":true,"href":"https:\/\/sportseco.com\/index.php?rest_route=%2Fwp%2Fv2%2Fcomments&post=185118"}],"version-history":[{"count":1,"href":"https:\/\/sportseco.com\/index.php?rest_route=\/wp\/v2\/posts\/185118\/revisions"}],"predecessor-version":[{"id":185121,"href":"https:\/\/sportseco.com\/index.php?rest_route=\/wp\/v2\/posts\/185118\/revisions\/185121"}],"wp:featuredmedia":[{"embeddable":true,"href":"https:\/\/sportseco.com\/index.php?rest_route=\/wp\/v2\/media\/185119"}],"wp:attachment":[{"href":"https:\/\/sportseco.com\/index.php?rest_route=%2Fwp%2Fv2%2Fmedia&parent=185118"}],"wp:term":[{"taxonomy":"category","embeddable":true,"href":"https:\/\/sportseco.com\/index.php?rest_route=%2Fwp%2Fv2%2Fcategories&post=185118"},{"taxonomy":"post_tag","embeddable":true,"href":"https:\/\/sportseco.com\/index.php?rest_route=%2Fwp%2Fv2%2Ftags&post=185118"}],"curies":[{"name":"wp","href":"https:\/\/api.w.org\/{rel}","templated":true}]}}