{"id":185137,"date":"2025-04-29T15:30:56","date_gmt":"2025-04-29T19:30:56","guid":{"rendered":"https:\/\/sportseco.com\/?p=185137"},"modified":"2025-04-29T15:33:31","modified_gmt":"2025-04-29T19:33:31","slug":"semifinales-de-la-uefa-champions-league-que-ver-el-miercoles-en-partido-de-ida","status":"publish","type":"post","link":"https:\/\/sportseco.com\/?p=185137","title":{"rendered":"Semifinales de la UEFA Champions League: qu\u00e9 ver el mi\u00e9rcoles en partido de ida"},"content":{"rendered":"\n<p>El Barcelona al Inter en el segundo partido de ida de las semifinales de la&nbsp;<a href=\"https:\/\/es.uefa.com\/uefachampionsleague\/\">UEFA Champions League<\/a>.<\/p>\n\n\n\n<p>El Barcelona tratar\u00e1 de desarbolar las velas del Inter cuando ambos equipos se enfrenten en el Estadi Ol\u00edmpic Llu\u00eds Companys en el partido de ida de las semifinales de la UEFA Champions League.<\/p>\n\n\n\n<p>UEFA.com analiza toda la acci\u00f3n previa al partido de ida del mi\u00e9rcoles 30 de abril.<\/p>\n\n\n\n<p><em>Todos los horarios son a las 21:00 HEC.<\/em><\/p>\n\n\n\n<h2 class=\"wp-block-heading\"><strong>Mi\u00e9rcoles 30 de abril<\/strong><\/h2>\n\n\n\n<h3 class=\"wp-block-heading\"><a href=\"https:\/\/es.uefa.com\/uefachampionsleague\/match\/2044856--barcelona-vs-inter\/\">Barcelona &#8211; Inter<\/a><\/h3>\n\n\n\n<p>Los tiempos han sido relativamente duros para el Barcelona en los \u00faltimos a\u00f1os, y los aficionados no necesitar\u00e1n que les recuerden que el Real Madrid ha ganado cinco Champions League desde el&nbsp;<a href=\"https:\/\/es.uefa.com\/uefachampionsleague\/history\/seasons\/2015\/\">\u00faltimo \u00e9xito azulgrana en la 2014\/15<\/a>. Sin embargo, en su primera temporada bajo la direcci\u00f3n del t\u00e9cnico alem\u00e1n Hansi Flick, han alcanzado su primera semifinal de la Champions League desde la 2018\/19, con una plantilla joven y emocionante, y el importante talento ofensivo de Robert Lewandowski, de 36 a\u00f1os, y del brasile\u00f1o Raphinha, de 28 a\u00f1os.<\/p>\n\n\n\n<p>Su progresi\u00f3n superando al Dortmund en cuartos de final fue relativamente serena, pero Flick no subestimar\u00e1 al Inter en su objetivo de lograr un puesto en la final. \u00abLo que el equipo ha conseguido en las \u00faltimas semanas es fenomenal\u00bb, declar\u00f3 tras el partido contra el Dortmund. \u00abAhora hemos dado un paso m\u00e1s, pero a\u00fan estamos lejos de la final\u00bb.<\/p>\n\n\n\n<p><img data-recalc-dims=\"1\" decoding=\"async\" alt=\"Todos los goles del Barcelona en la Champions League 2024\/25\" srcset=\"https:\/\/editorial.uefa.com\/resources\/0298-1d88d367fe60-20d821731cfb-1000\/format\/wide1\/fc_barcelona_v_borussia_dortmund_-_uefa_champions_league_2024_25_quarter_final_first_leg.jpeg?imwidth=158 158w, https:\/\/editorial.uefa.com\/resources\/0298-1d88d367fe60-20d821731cfb-1000\/format\/wide1\/fc_barcelona_v_borussia_dortmund_-_uefa_champions_league_2024_25_quarter_final_first_leg.jpeg?imwidth=276 276w, https:\/\/editorial.uefa.com\/resources\/0298-1d88d367fe60-20d821731cfb-1000\/format\/wide1\/fc_barcelona_v_borussia_dortmund_-_uefa_champions_league_2024_25_quarter_final_first_leg.jpeg?imwidth=280 280w, https:\/\/editorial.uefa.com\/resources\/0298-1d88d367fe60-20d821731cfb-1000\/format\/wide1\/fc_barcelona_v_borussia_dortmund_-_uefa_champions_league_2024_25_quarter_final_first_leg.jpeg?imwidth=369 369w, https:\/\/editorial.uefa.com\/resources\/0298-1d88d367fe60-20d821731cfb-1000\/format\/wide1\/fc_barcelona_v_borussia_dortmund_-_uefa_champions_league_2024_25_quarter_final_first_leg.jpeg?imwidth=490 490w, https:\/\/editorial.uefa.com\/resources\/0298-1d88d367fe60-20d821731cfb-1000\/format\/wide1\/fc_barcelona_v_borussia_dortmund_-_uefa_champions_league_2024_25_quarter_final_first_leg.jpeg?imwidth=556 556w, https:\/\/editorial.uefa.com\/resources\/0298-1d88d367fe60-20d821731cfb-1000\/format\/wide1\/fc_barcelona_v_borussia_dortmund_-_uefa_champions_league_2024_25_quarter_final_first_leg.jpeg?imwidth=656 656w, https:\/\/editorial.uefa.com\/resources\/0298-1d88d367fe60-20d821731cfb-1000\/format\/wide1\/fc_barcelona_v_borussia_dortmund_-_uefa_champions_league_2024_25_quarter_final_first_leg.jpeg?imwidth=988 988w, https:\/\/editorial.uefa.com\/resources\/0298-1d88d367fe60-20d821731cfb-1000\/format\/wide1\/fc_barcelona_v_borussia_dortmund_-_uefa_champions_league_2024_25_quarter_final_first_leg.jpeg?imwidth=2048 2048w\" src=\"https:\/\/i0.wp.com\/editorial.uefa.com\/resources\/0298-1d88d367fe60-20d821731cfb-1000\/format\/wide1\/fc_barcelona_v_borussia_dortmund_-_uefa_champions_league_2024_25_quarter_final_first_leg.jpeg?w=640&#038;ssl=1\"\/><\/p>\n\n\n\n<p>0 of 5 secondsVolume 0%<\/p>\n\n\n\n<p>Este anuncio terminar\u00e1 en 5<\/p>\n\n\n\n<p><em>Todos los goles del Barcelona en la Champions League 2024\/25<\/em><\/p>\n\n\n\n<p>En sus 12 enfrentamientos previos en la Champions League, el Barcelona se ha llevado la mejor parte: 6V 4E 2D. Sin embargo, el Inter puede consolarse con haber salido vencedor en el m\u00e1s importante de esos enfrentamientos: los &#8216;Nerazzurri&#8217; de Jos\u00e9 Mourinho se impusieron al conjunto catal\u00e1n por un global de 3-2 en semifinales,&nbsp;<a href=\"https:\/\/es.uefa.com\/uefachampionsleague\/history\/seasons\/2010\/\">camino de su triunfo en la final de 2009\/10 contra el Bayern<\/a>.<\/p>\n\n\n\n<p>La actual cosecha de Simone Inzaghi tiene algo de la resistencia de la era Mourinho; no necesariamente marcan tantos (<a href=\"https:\/\/es.uefa.com\/uefachampionsleague\/statistics\/clubs\/goals\/?sortBy=goals&amp;order=asc\">han anotado 19 en lo que va de campa\u00f1a, frente a los 37 del Barcelona<\/a>), pero su resoluci\u00f3n defensiva ha garantizado que tiendan a hacer valer sus goles, encajando s\u00f3lo cinco a lo largo de la campa\u00f1a.<\/p>\n\n\n\n<p>Adem\u00e1s, tienen en Lautaro Mart\u00ednez a un goleador en excepcional forma continental: el argentino ha marcado en sus cinco \u00faltimos partidos de la Champions League y es el primer jugador que marca m\u00e1s de 20 goles con el Inter en la m\u00e1xima competici\u00f3n europea de clubes.<\/p>\n\n\n\n<p>Tras conocer que su equipo se enfrentar\u00eda al Barcelona en semifinales, Mart\u00ednez afirm\u00f3: \u00abSer\u00e1 una eliminatoria importante contra un gran rival; en la Champions League tienen mucha historia\u00bb. El reto de su equipo ser\u00e1 demostrar lo poco que influyen esas viejas glorias en el presente.<\/p>\n\n\n\n<p><strong>\u00bfLo sab\u00edas?<\/strong>: al Barcelona le vendr\u00eda bien una ventaja en la ida; el Inter no ha perdido en sus \u00faltimos 15 partidos de Champions League en casa (12V 3E) desde la derrota por 2-0 ante el Bayern en la fase de grupos en septiembre de 2022.<\/p>\n\n\n\n<p><img data-recalc-dims=\"1\" decoding=\"async\" alt=\"Todos los goles del Inter en la Champions League 2024\/25\" srcset=\"https:\/\/editorial.uefa.com\/resources\/0298-1d9295f904c9-981db3a11c3b-1000\/format\/wide1\/fc_bayern_munchen_v_fc_internazionale_milano_-_uefa_champions_league_2024_25_quarter_final_first_leg.jpeg?imwidth=158 158w, https:\/\/editorial.uefa.com\/resources\/0298-1d9295f904c9-981db3a11c3b-1000\/format\/wide1\/fc_bayern_munchen_v_fc_internazionale_milano_-_uefa_champions_league_2024_25_quarter_final_first_leg.jpeg?imwidth=276 276w, https:\/\/editorial.uefa.com\/resources\/0298-1d9295f904c9-981db3a11c3b-1000\/format\/wide1\/fc_bayern_munchen_v_fc_internazionale_milano_-_uefa_champions_league_2024_25_quarter_final_first_leg.jpeg?imwidth=280 280w, https:\/\/editorial.uefa.com\/resources\/0298-1d9295f904c9-981db3a11c3b-1000\/format\/wide1\/fc_bayern_munchen_v_fc_internazionale_milano_-_uefa_champions_league_2024_25_quarter_final_first_leg.jpeg?imwidth=369 369w, https:\/\/editorial.uefa.com\/resources\/0298-1d9295f904c9-981db3a11c3b-1000\/format\/wide1\/fc_bayern_munchen_v_fc_internazionale_milano_-_uefa_champions_league_2024_25_quarter_final_first_leg.jpeg?imwidth=490 490w, https:\/\/editorial.uefa.com\/resources\/0298-1d9295f904c9-981db3a11c3b-1000\/format\/wide1\/fc_bayern_munchen_v_fc_internazionale_milano_-_uefa_champions_league_2024_25_quarter_final_first_leg.jpeg?imwidth=556 556w, https:\/\/editorial.uefa.com\/resources\/0298-1d9295f904c9-981db3a11c3b-1000\/format\/wide1\/fc_bayern_munchen_v_fc_internazionale_milano_-_uefa_champions_league_2024_25_quarter_final_first_leg.jpeg?imwidth=656 656w, https:\/\/editorial.uefa.com\/resources\/0298-1d9295f904c9-981db3a11c3b-1000\/format\/wide1\/fc_bayern_munchen_v_fc_internazionale_milano_-_uefa_champions_league_2024_25_quarter_final_first_leg.jpeg?imwidth=988 988w, https:\/\/editorial.uefa.com\/resources\/0298-1d9295f904c9-981db3a11c3b-1000\/format\/wide1\/fc_bayern_munchen_v_fc_internazionale_milano_-_uefa_champions_league_2024_25_quarter_final_first_leg.jpeg?imwidth=2048 2048w\" src=\"https:\/\/i0.wp.com\/editorial.uefa.com\/resources\/0298-1d9295f904c9-981db3a11c3b-1000\/format\/wide1\/fc_bayern_munchen_v_fc_internazionale_milano_-_uefa_champions_league_2024_25_quarter_final_first_leg.jpeg?w=640&#038;ssl=1\"\/><\/p>\n\n\n\n<p>0 seconds of 0 secondsVolume 0%<\/p>\n\n\n\n<p>Este anuncio terminar\u00e1 en 6<\/p>\n\n\n\n<p><em>Todos los goles del Inter en la Champions League 2024\/25<\/em><\/p>\n\n\n\n<p>\u00bfD\u00f3nde se jugar\u00e1 la final de la UEFA Champions League de 2025?<\/p>\n\n\n\n<figure class=\"wp-block-image\"><img data-recalc-dims=\"1\" decoding=\"async\" src=\"https:\/\/i0.wp.com\/editorial.uefa.com\/resources\/0298-1d990f9e976b-d2cd50c69c8a-1000\/format\/wide1\/uclf_2025_stadium_and_match_ball_shoot.jpeg?w=640&#038;ssl=1\" alt=\"\" title=\"\"\/><\/figure>\n\n\n\n<p>UEFA via Getty Images<\/p>\n\n\n\n<p><a href=\"https:\/\/es.uefa.com\/uefachampionsleague\/news\/0283-18674f479979-862d64dd0472-1000--final-de-la-uefa-champions-league-2025-munich-football-arena\/\">La final de la UEFA Champions League 2024\/25 tendr\u00e1 lugar en el Munich Football Arena el 31 de mayo.<\/a><\/p>\n\n\n\n<p>\u00a9 1998-2025 UEFA. All rights reserved.<\/p>\n","protected":false},"excerpt":{"rendered":"<p>El Barcelona al Inter en el segundo partido de ida de las semifinales de la&nbsp;UEFA Champions League. El Barcelona tratar\u00e1 de desarbolar las velas del Inter cuando ambos equipos se enfrenten en el Estadi Ol\u00edmpic Llu\u00eds Companys en el partido de ida de las semifinales de la UEFA Champions League. UEFA.com analiza toda la acci\u00f3n [&hellip;]<\/p>\n","protected":false},"author":1,"featured_media":185138,"comment_status":"closed","ping_status":"closed","sticky":false,"template":"","format":"standard","meta":{"_acf_changed":false,"_jetpack_memberships_contains_paid_content":false,"footnotes":"","jetpack_publicize_message":"","jetpack_publicize_feature_enabled":true,"jetpack_social_post_already_shared":true,"jetpack_social_options":{"image_generator_settings":{"template":"highway","default_image_id":0,"font":"","enabled":false},"version":2}},"categories":[5],"tags":[],"class_list":["post-185137","post","type-post","status-publish","format-standard","has-post-thumbnail","hentry","category-futbol"],"acf":[],"jetpack_publicize_connections":[],"jetpack_featured_media_url":"https:\/\/i0.wp.com\/sportseco.com\/wp-content\/uploads\/2025\/04\/weds_5_.webp?fit=800%2C450&ssl=1","jetpack_sharing_enabled":true,"_links":{"self":[{"href":"https:\/\/sportseco.com\/index.php?rest_route=\/wp\/v2\/posts\/185137","targetHints":{"allow":["GET"]}}],"collection":[{"href":"https:\/\/sportseco.com\/index.php?rest_route=\/wp\/v2\/posts"}],"about":[{"href":"https:\/\/sportseco.com\/index.php?rest_route=\/wp\/v2\/types\/post"}],"author":[{"embeddable":true,"href":"https:\/\/sportseco.com\/index.php?rest_route=\/wp\/v2\/users\/1"}],"replies":[{"embeddable":true,"href":"https:\/\/sportseco.com\/index.php?rest_route=%2Fwp%2Fv2%2Fcomments&post=185137"}],"version-history":[{"count":2,"href":"https:\/\/sportseco.com\/index.php?rest_route=\/wp\/v2\/posts\/185137\/revisions"}],"predecessor-version":[{"id":185141,"href":"https:\/\/sportseco.com\/index.php?rest_route=\/wp\/v2\/posts\/185137\/revisions\/185141"}],"wp:featuredmedia":[{"embeddable":true,"href":"https:\/\/sportseco.com\/index.php?rest_route=\/wp\/v2\/media\/185138"}],"wp:attachment":[{"href":"https:\/\/sportseco.com\/index.php?rest_route=%2Fwp%2Fv2%2Fmedia&parent=185137"}],"wp:term":[{"taxonomy":"category","embeddable":true,"href":"https:\/\/sportseco.com\/index.php?rest_route=%2Fwp%2Fv2%2Fcategories&post=185137"},{"taxonomy":"post_tag","embeddable":true,"href":"https:\/\/sportseco.com\/index.php?rest_route=%2Fwp%2Fv2%2Ftags&post=185137"}],"curies":[{"name":"wp","href":"https:\/\/api.w.org\/{rel}","templated":true}]}}