{"id":185150,"date":"2025-04-29T16:39:19","date_gmt":"2025-04-29T20:39:19","guid":{"rendered":"https:\/\/sportseco.com\/?p=185150"},"modified":"2025-04-29T16:39:23","modified_gmt":"2025-04-29T20:39:23","slug":"colombia-campeon-del-panamericano-de-ciclismo-de-ruta","status":"publish","type":"post","link":"https:\/\/sportseco.com\/?p=185150","title":{"rendered":"Colombia campe\u00f3n del Panamericano de ciclismo de ruta"},"content":{"rendered":"\n<figure class=\"wp-block-image\"><img data-recalc-dims=\"1\" decoding=\"async\" src=\"https:\/\/i0.wp.com\/olimpicocol.co\/web\/wp-content\/uploads\/2025\/04\/Alvaro-Jose-Hodeg-prueba-de-fondo-campeoanto-panamericano-de-ciclismo-de-ruta-2025.jpg?w=640&#038;ssl=1\" alt=\"\"\/><\/figure>\n\n\n\n<p><strong>\u00c1lvaro Jos\u00e9 Hodeg<\/strong>,\u00a0<strong>Juliana Londo\u00f1o<\/strong>, ambos en \u00e9lite, y<strong>\u00a0Jhonatan Guatibonza<\/strong>, en sub-23, le entregaron a\u00a0<strong>Colombia\u00a0<\/strong>tres medallas de oro durante las dos \u00faltimas jornadas del\u00a0<strong>Campeonato Panamericano de Ciclismo de Ruta<\/strong>\u00a0que se disput\u00f3 hasta este domingo en Punta del Este, Uruguay.<br \/><br \/>El certamen internacional cerr\u00f3 con la disputa de la prueba de fondo masculina \u00e9lite que contemplaba\u00a0<strong>209.6 kil\u00f3metros<\/strong>\u00a0(16 vueltas al circuito).\u00a0<strong>\u00c1lvaro Jos\u00e9 Hodeg\u00a0<\/strong>brill\u00f3 en la competencia y en un emocionante embalaje final que le adjudic\u00f3 la medalla de oro al terminar el recorrido con un tiempo de\u00a0<strong>cuatro horas, 56 minutos y 44 segundos<\/strong>, seguido por los costarricenses\u00a0<strong>Sebasti\u00e1n Brenes\u00a0<\/strong>y\u00a0<strong>Jason Huertas<\/strong>.<\/p>\n\n\n\n<p>Durante la jornada del s\u00e1bado, en un recorrido de<strong>&nbsp;104.8 kil\u00f3metros<\/strong>&nbsp;(ocho vueltas al circuito),<strong>&nbsp;Juliana Londo\u00f1o<\/strong>&nbsp;obtuvo la medalla de oro \u00e9lite con un tiempo de<strong>&nbsp;2:42:37&nbsp;<\/strong>y tras un emocionante sprint final en el que super\u00f3 a la estadounidense&nbsp;<strong>Skylar Schneider&nbsp;<\/strong>(plata) y a la trinitense&nbsp;<strong>Teniel Campbell<\/strong>&nbsp;(bronce).<br \/><br \/>El triunfo de&nbsp;<strong>Juliana<\/strong>&nbsp;represent\u00f3 el cuarto en la historia de nuestro pa\u00eds en la categor\u00eda \u00e9lite panamericana tras&nbsp;<strong>Adriana Muriel<\/strong>&nbsp;(1988 y 1990) y<strong>&nbsp;Luz Delgadillo<\/strong>&nbsp;(2001). Adem\u00e1s, con la presea,&nbsp;<strong>Colombia<\/strong>&nbsp;regres\u00f3 al podio \u00e9lite de la prueba tras<strong>&nbsp;11 a\u00f1os<\/strong>, pues la \u00faltima medalla fue el bronce de&nbsp;<strong>Laura Lozano&nbsp;<\/strong>en la edici\u00f3n de 2014.<br \/><br \/>Por su parte,&nbsp;<strong>Jhonatan Guatibonza<\/strong>&nbsp;y&nbsp;<strong>Cristian V\u00e9lez&nbsp;<\/strong>se adjudicaron el primer y segundo lugar en la prueba de fondo de la categor\u00eda&nbsp;<strong>sub-23&nbsp;<\/strong>tras una carrera muy disputada con varios ataques e intentos de fuga que, finalmente, no fructificaron.<br \/><br \/>El recorrido de la categor\u00eda fue de&nbsp;<strong>157.2 kil\u00f3metros<\/strong>, 12 vueltas al circuito de 13.1 km., donde el dominio, marcaje y rivalidad lo protagonizaron&nbsp;<strong>Colombia<\/strong>&nbsp;y&nbsp;<strong>Argentina&nbsp;<\/strong>tanto a nivel individual como colectivo. Al final, el triunfo de&nbsp;<strong>Jhonatan&nbsp;<\/strong>lleg\u00f3 con un tiempo de&nbsp;<strong>3:44:46<\/strong>, seguido por&nbsp;<strong>Cristian V\u00e9lez<\/strong>&nbsp;(m.t.) y el uruguayo&nbsp;<strong>Ciro P\u00e9rez<\/strong>&nbsp;cerr\u00f3 el podio (m.t.).<br \/><br \/>De esta forma, la delegaci\u00f3n colombiana, dirigida por el seleccionador&nbsp;<strong>David Vargas,<\/strong>&nbsp;obtuvo su noveno t\u00edtulo consecutivo del<strong>&nbsp;Campeonato Panamericano de Ciclismo de Ruta&nbsp;<\/strong>y con la mayor cosecha en la historia gracias a los siete oros, seis platas y un bronce, para el total de 14 medallas.<\/p>\n\n\n\n<p>Aqu\u00ed los resultados colombianos:<\/p>\n\n\n\n<p><strong>Medallas de oro:<\/strong><\/p>\n\n\n\n<p><strong>\u00c1lvaro Hodeg<\/strong>&nbsp;\u2013 campe\u00f3n ruta \u00e9lite<br \/><strong>Walter Vargas<\/strong>&nbsp;\u2013 campe\u00f3n CRI \u00e9lite<br \/><strong>Juliana Londo\u00f1o&nbsp;<\/strong>\u2013 campeona ruta \u00e9lite<br \/><strong>Jhonatan Guatibonza<\/strong>&nbsp;\u2013 campe\u00f3n ruta sub-23<br \/><strong>Luciana Osorio<\/strong>&nbsp;\u2013 campeona CRI y ruta junior<br \/><strong>Jer\u00f3nimo Calder\u00f3n&nbsp;<\/strong>\u2013 campe\u00f3n CRI junior<\/p>\n\n\n\n<p><strong>Medallas de plata:<\/strong><\/p>\n\n\n\n<p><strong>Rodrigo Contreras<\/strong>&nbsp;\u2013 subcampe\u00f3n CRI \u00e9lite<br \/><strong>Cristian V\u00e9lez<\/strong>&nbsp;\u2013 subcampe\u00f3n ruta sub-23<br \/><strong>Juan Diego Quintero<\/strong>&nbsp;\u2013 subcampe\u00f3n CRI sub-23<br \/><strong>Yalecza Mer\u00edn<\/strong>&nbsp;\u2013 subcampeona de ruta junior<br \/><strong>Estefan\u00eda Castillo<\/strong>&nbsp;\u2013 subcampeona CRI junior<br \/><strong>Jos\u00e9 Manuel Posada<\/strong>&nbsp;\u2013 subcampe\u00f3n CRI junior<\/p>\n\n\n\n<p><strong>Medalla de bronce:<\/strong><\/p>\n\n\n\n<p><strong>Freddy \u00c1vila<\/strong>&nbsp;\u2013 tercer lugar CRI sub-23<br \/><em><br \/>Foto cortes\u00eda Santiago Faux \/ @santiagosportsphotographer.<\/em><\/p>\n\n\n\n<p><\/p>\n\n\n\n<p>olimpicocol.co<\/p>\n","protected":false},"excerpt":{"rendered":"<p>\u00c1lvaro Jos\u00e9 Hodeg,\u00a0Juliana Londo\u00f1o, ambos en \u00e9lite, y\u00a0Jhonatan Guatibonza, en sub-23, le entregaron a\u00a0Colombia\u00a0tres medallas de oro durante las dos \u00faltimas jornadas del\u00a0Campeonato Panamericano de Ciclismo de Ruta\u00a0que se disput\u00f3 hasta este domingo en Punta del Este, Uruguay. El certamen internacional cerr\u00f3 con la disputa de la prueba de fondo masculina \u00e9lite que contemplaba\u00a0209.6 kil\u00f3metros\u00a0(16 [&hellip;]<\/p>\n","protected":false},"author":1,"featured_media":185151,"comment_status":"closed","ping_status":"closed","sticky":false,"template":"","format":"standard","meta":{"_acf_changed":false,"_jetpack_memberships_contains_paid_content":false,"footnotes":"","jetpack_publicize_message":"","jetpack_publicize_feature_enabled":true,"jetpack_social_post_already_shared":true,"jetpack_social_options":{"image_generator_settings":{"template":"highway","default_image_id":0,"font":"","enabled":false},"version":2}},"categories":[14],"tags":[],"class_list":["post-185150","post","type-post","status-publish","format-standard","has-post-thumbnail","hentry","category-ciclismo"],"acf":[],"jetpack_publicize_connections":[],"jetpack_featured_media_url":"https:\/\/i0.wp.com\/sportseco.com\/wp-content\/uploads\/2025\/04\/Alvaro-Jose-Hodeg-prueba-de-fondo-campeoanto-panamericano-de-ciclismo-de-ruta-2025.jpg?fit=1080%2C608&ssl=1","jetpack_sharing_enabled":true,"_links":{"self":[{"href":"https:\/\/sportseco.com\/index.php?rest_route=\/wp\/v2\/posts\/185150","targetHints":{"allow":["GET"]}}],"collection":[{"href":"https:\/\/sportseco.com\/index.php?rest_route=\/wp\/v2\/posts"}],"about":[{"href":"https:\/\/sportseco.com\/index.php?rest_route=\/wp\/v2\/types\/post"}],"author":[{"embeddable":true,"href":"https:\/\/sportseco.com\/index.php?rest_route=\/wp\/v2\/users\/1"}],"replies":[{"embeddable":true,"href":"https:\/\/sportseco.com\/index.php?rest_route=%2Fwp%2Fv2%2Fcomments&post=185150"}],"version-history":[{"count":1,"href":"https:\/\/sportseco.com\/index.php?rest_route=\/wp\/v2\/posts\/185150\/revisions"}],"predecessor-version":[{"id":185152,"href":"https:\/\/sportseco.com\/index.php?rest_route=\/wp\/v2\/posts\/185150\/revisions\/185152"}],"wp:featuredmedia":[{"embeddable":true,"href":"https:\/\/sportseco.com\/index.php?rest_route=\/wp\/v2\/media\/185151"}],"wp:attachment":[{"href":"https:\/\/sportseco.com\/index.php?rest_route=%2Fwp%2Fv2%2Fmedia&parent=185150"}],"wp:term":[{"taxonomy":"category","embeddable":true,"href":"https:\/\/sportseco.com\/index.php?rest_route=%2Fwp%2Fv2%2Fcategories&post=185150"},{"taxonomy":"post_tag","embeddable":true,"href":"https:\/\/sportseco.com\/index.php?rest_route=%2Fwp%2Fv2%2Ftags&post=185150"}],"curies":[{"name":"wp","href":"https:\/\/api.w.org\/{rel}","templated":true}]}}