{"id":185153,"date":"2025-04-29T17:18:00","date_gmt":"2025-04-29T21:18:00","guid":{"rendered":"https:\/\/sportseco.com\/?p=185153"},"modified":"2025-04-29T17:18:03","modified_gmt":"2025-04-29T21:18:03","slug":"dia-del-arbol-bogota-celebra-este-dia-con-una-jornada-de-siembra","status":"publish","type":"post","link":"https:\/\/sportseco.com\/?p=185153","title":{"rendered":"D\u00eda del \u00c1rbol: Bogot\u00e1 celebra este d\u00eda con una jornada de siembra"},"content":{"rendered":"\n<p><img data-recalc-dims=\"1\" decoding=\"async\" src=\"https:\/\/i0.wp.com\/bogota.gov.co\/sites\/default\/files\/styles\/1050px\/public\/2025-04\/jardin_0-1.jpg?w=640&#038;ssl=1\" alt=\"Bogot\u00e1 conmemora el D\u00eda Nacional del \u00c1rbol con nuevas plantaciones\"\/>Foto: Jard\u00edn Bot\u00e1nico de Bogot\u00e1<\/p>\n\n\n\n<p>Estas acciones reafirman el compromiso del Distrito con la construcci\u00f3n de una ciudad que cuida su biodiversidad y se fortalece en coberturas vegetales.<\/p>\n\n\n\n<p><em>Publicado por: David Orduz<\/em><\/p>\n\n\n\n<p>En&nbsp;<strong><a href=\"https:\/\/bogota.gov.co\/tag\/bogota-mi-ciudad-mi-casa\">Bogot\u00e1, mi Ciudad, mi Casa<\/a>&nbsp;conmemoramos el D\u00eda Nacional del \u00c1rbol<\/strong>, que se celebra hoy martes 29 de abril. En esta fecha el&nbsp;<strong><a href=\"https:\/\/jbb.gov.co\/\" target=\"_blank\" rel=\"noreferrer noopener\">Jard\u00edn Bot\u00e1nico de Bogot\u00e1<\/a>&nbsp;Jos\u00e9 Celestino Mutis<\/strong>&nbsp; adelantar\u00e1 una jornada especial de plantaci\u00f3n de 399 \u00e1rboles y arbustos en tres puntos estrat\u00e9gicos de la ciudad: en los parques El Recreo y San Jos\u00e9 de Maryland, en la localidad de Bosa, y en el predio Las Mercedes, en la Reserva Forestal Thomas van Der Hammen, en Suba.<\/p>\n\n\n\n<p><strong>Tambi\u00e9n te puede interesar:&nbsp;<a href=\"https:\/\/bogota.gov.co\/mi-ciudad\/ambiente\/pronostico-del-clima-en-bogota-para-el-lunes-28-de-abril-de-2025\">Pron\u00f3stico del tiempo en Bogot\u00e1 para este lunes 28 de abril \u00a1Toma nota!<\/a><\/strong><\/p>\n\n\n\n<p>Estas actividades hacen parte de las acciones de renaturalizaci\u00f3n lideradas por el Distrito, con el objetivo de mejorar e incrementar la cobertura vegetal y fortalecer la estructura ecol\u00f3gica de&nbsp;<strong><a href=\"https:\/\/bogota.gov.co\/\">Bogot\u00e1<\/a><\/strong>. Este a\u00f1o, el Jard\u00edn Bot\u00e1nico tiene proyectado plantar 6.000 \u00e1rboles como parte de la meta de 20.000 que se sembrar\u00e1n durante la actual administraci\u00f3n.<\/p>\n\n\n\n<blockquote class=\"wp-block-quote is-layout-flow wp-block-quote-is-layout-flow\">\n<p>\u201cDesde el Jard\u00edn Bot\u00e1nico Jos\u00e9 Celestino Mutis promovemos la participaci\u00f3n de la ciudadan\u00eda en la plantaci\u00f3n, el cuidado y el cuidado del arbolado, como una forma de fortalecer la relaci\u00f3n con el entorno y aportar a la conservaci\u00f3n de la biodiversidad\u201d, precis\u00f3 la directora del Jard\u00edn Bot\u00e1nico de Bogot\u00e1, Mar\u00eda Claudia Garc\u00eda D\u00e1vila.<\/p>\n<\/blockquote>\n\n\n\n<p>Las y los bogotanos est\u00e1n invitados a participar en las jornadas de plantaci\u00f3n que se realizar\u00e1n este 29 de abril. En el parque El Recreo la cita es a las 9:00 a. m. en la calle 72 Sur # 100A71, frente al colegio Carlos Pizarro Le\u00f3n G\u00f3mez. En el parque San Jos\u00e9 de Maryland, la actividad comenzar\u00e1 las 11:00 a. m., en la carrera 86 # 74-00, frente al colegio Alfonso Reyes Echand\u00eda. En cuanto a la plantaci\u00f3n del predio Las Mercedes de la reserva Thomas van Der Hammen, se dar\u00e1 inicio a partir de las 8:00 a. m.<\/p>\n\n\n\n<h3 class=\"wp-block-heading\"><strong>M\u00e1s \u00e1rboles para el sur de la ciudad<\/strong><\/h3>\n\n\n\n<p>La localidad de Bosa ser\u00e1 protagonista en esta celebraci\u00f3n, debido a su d\u00e9ficit de cobertura vegetal. Seg\u00fan el Sistema de Informaci\u00f3n para la Gesti\u00f3n del Arbolado Urbano (SIGAU), esta zona cuenta con cerca de 46.000 \u00e1rboles, ocupando el s\u00e9ptimo lugar entre las&nbsp;localidades con menor n\u00famero de ejemplares. En respuesta, el Jard\u00edn Bot\u00e1nico realizar\u00e1 plantaciones en los parques El Recreo y San Jos\u00e9 de Maryland, con un total de 199 \u00e1rboles.<\/p>\n\n\n\n<p>En el parque El Recreo, que posee una extensi\u00f3n de 179.200 metros cuadrados, se sembrar\u00e1n especies como roble, hayuelo, yarumo, mangle, caucho sabanero, laurel, array\u00e1n, mano de oso y chical\u00e1 amarillo. Entre tanto, en el parque San Jos\u00e9 de Maryland, ubicado en el barrio Laureles, se plantar\u00e1n 54 \u00e1rboles de especies como roble, palma de cera, chical\u00e1 amarillo, jazm\u00edn de la China, mangle, falso pimiento, cayeno y caballero de la noche. En este punto se contar\u00e1 con la participaci\u00f3n del colectivo ambiental del bosque urbano Tierra Viva, estudiantes y vecinos del sector.<\/p>\n\n\n\n<h3 class=\"wp-block-heading\"><strong>La reserva Thomas van Der Hammen tambi\u00e9n se renaturaliza<\/strong><\/h3>\n\n\n\n<p>En el predio Las Mercedes, en la reserva Thomas van Der Hammen, se plantar\u00e1n 200 \u00e1rboles nativos en dos zonas. Esta jornada incluir\u00e1 la replantaci\u00f3n de ejemplares que no lograron desarrollarse adecuadamente debido a distintas condiciones ambientales. En total, se contempla la siembra de 30 especies nativas, entre las que se destacan el ciro, chilco, trompeto, tinto, borrachero chiquito, papayuelo, morti\u00f1o, laurel hojipeque\u00f1o, array\u00e1n, mano de oso, raque y garrocho.<\/p>\n\n\n\n<p>La jornada contar\u00e1 con el apoyo de la concesionaria OHLA, que don\u00f3 100 \u00e1rboles, as\u00ed como de estudiantes del colegio Juan Ram\u00f3n Jim\u00e9nez, funcionarios de la&nbsp;<strong><a href=\"https:\/\/www.ambientebogota.gov.co\/es\/inicio\" target=\"_blank\" rel=\"noreferrer noopener\">Secretar\u00eda de Ambiente<\/a><a href=\"https:\/\/www.ambientebogota.gov.co\/es\/inicio\" target=\"_blank\" rel=\"noreferrer noopener\">&nbsp;de Bogot\u00e1 (SDA<\/a><\/strong><a href=\"https:\/\/www.ambientebogota.gov.co\/es\/inicio\" target=\"_blank\" rel=\"noreferrer noopener\"><strong>)<\/strong><\/a>, la CAR, el IDU, la Universidad UDCA y representantes de los humedales Torca y Guaymaral. La actividad hace parte de un proceso de restauraci\u00f3n ecol\u00f3gica liderado por el Jard\u00edn Bot\u00e1nico de Bogot\u00e1, con el que se ha consolidado un bosque de 28,5 hect\u00e1reas con m\u00e1s de 53.600 individuos de 110 especies nativas.<\/p>\n\n\n\n<p>Durante la administraci\u00f3n del alcalde Carlos Fernando Gal\u00e1n, se tiene contemplado el mantenimiento anual de 500.000 \u00e1rboles en la ciudad, de los cuales 10.000 est\u00e1n ubicados en zonas rurales. Asimismo, se restaurar\u00e1n ecol\u00f3gicamente 80 hect\u00e1reas en zonas de las localidades rurales de la capital<\/p>\n\n\n\n<p><strong>No te quedes sin leer:&nbsp;<a href=\"https:\/\/bogota.gov.co\/mi-ciudad\/ambiente\/alerta-en-bogota-condiciones-climaticas-y-vulnerabilidad-en-humedales\">Distrito emite alerta por condiciones clim\u00e1ticas y vulnerabilidad en humedales<\/a><\/strong><\/p>\n\n\n\n<p>Estas acciones reafirman el compromiso del Distrito con la construcci\u00f3n de una ciudad que cuida su biodiversidad y se fortalece en coberturas vegetales, devolvi\u00e9ndole el lugar a las distintas especies que all\u00ed habitan y aportando a una mejor calidad del aire y de vida para sus habitantes. Es gracias a estos esfuerzos que Bogot\u00e1 ha sido reconocida durante los \u00faltimos cinco a\u00f1os como una \u00abCiudad Arbolada del Mundo\u00bb con el premio Tree Cities of the World.<\/p>\n\n\n\n<p><\/p>\n\n\n\n<p><\/p>\n\n\n\n<p>bogota.gov.co<\/p>\n","protected":false},"excerpt":{"rendered":"<p>Foto: Jard\u00edn Bot\u00e1nico de Bogot\u00e1 Estas acciones reafirman el compromiso del Distrito con la construcci\u00f3n de una ciudad que cuida su biodiversidad y se fortalece en coberturas vegetales. Publicado por: David Orduz En&nbsp;Bogot\u00e1, mi Ciudad, mi Casa&nbsp;conmemoramos el D\u00eda Nacional del \u00c1rbol, que se celebra hoy martes 29 de abril. En esta fecha el&nbsp;Jard\u00edn Bot\u00e1nico [&hellip;]<\/p>\n","protected":false},"author":1,"featured_media":185154,"comment_status":"closed","ping_status":"closed","sticky":false,"template":"","format":"standard","meta":{"_acf_changed":false,"_jetpack_memberships_contains_paid_content":false,"footnotes":"","jetpack_publicize_message":"","jetpack_publicize_feature_enabled":true,"jetpack_social_post_already_shared":true,"jetpack_social_options":{"image_generator_settings":{"template":"highway","default_image_id":0,"font":"","enabled":false},"version":2}},"categories":[6],"tags":[],"class_list":["post-185153","post","type-post","status-publish","format-standard","has-post-thumbnail","hentry","category-ecologia"],"acf":[],"jetpack_publicize_connections":[],"jetpack_featured_media_url":"https:\/\/i0.wp.com\/sportseco.com\/wp-content\/uploads\/2025\/04\/jardin_0-1.jpg?fit=1050%2C551&ssl=1","jetpack_sharing_enabled":true,"_links":{"self":[{"href":"https:\/\/sportseco.com\/index.php?rest_route=\/wp\/v2\/posts\/185153","targetHints":{"allow":["GET"]}}],"collection":[{"href":"https:\/\/sportseco.com\/index.php?rest_route=\/wp\/v2\/posts"}],"about":[{"href":"https:\/\/sportseco.com\/index.php?rest_route=\/wp\/v2\/types\/post"}],"author":[{"embeddable":true,"href":"https:\/\/sportseco.com\/index.php?rest_route=\/wp\/v2\/users\/1"}],"replies":[{"embeddable":true,"href":"https:\/\/sportseco.com\/index.php?rest_route=%2Fwp%2Fv2%2Fcomments&post=185153"}],"version-history":[{"count":1,"href":"https:\/\/sportseco.com\/index.php?rest_route=\/wp\/v2\/posts\/185153\/revisions"}],"predecessor-version":[{"id":185155,"href":"https:\/\/sportseco.com\/index.php?rest_route=\/wp\/v2\/posts\/185153\/revisions\/185155"}],"wp:featuredmedia":[{"embeddable":true,"href":"https:\/\/sportseco.com\/index.php?rest_route=\/wp\/v2\/media\/185154"}],"wp:attachment":[{"href":"https:\/\/sportseco.com\/index.php?rest_route=%2Fwp%2Fv2%2Fmedia&parent=185153"}],"wp:term":[{"taxonomy":"category","embeddable":true,"href":"https:\/\/sportseco.com\/index.php?rest_route=%2Fwp%2Fv2%2Fcategories&post=185153"},{"taxonomy":"post_tag","embeddable":true,"href":"https:\/\/sportseco.com\/index.php?rest_route=%2Fwp%2Fv2%2Ftags&post=185153"}],"curies":[{"name":"wp","href":"https:\/\/api.w.org\/{rel}","templated":true}]}}