{"id":185163,"date":"2025-04-30T07:46:53","date_gmt":"2025-04-30T11:46:53","guid":{"rendered":"https:\/\/sportseco.com\/?p=185163"},"modified":"2025-04-30T07:46:57","modified_gmt":"2025-04-30T11:46:57","slug":"dia-internacional-del-jazz-30-de-abril-3","status":"publish","type":"post","link":"https:\/\/sportseco.com\/?p=185163","title":{"rendered":"D\u00eda Internacional del Jazz, 30 de abril"},"content":{"rendered":"\n<h2 class=\"wp-block-heading\"><strong>&nbsp;Jazz en&nbsp;Abu Dhabi<\/strong><\/h2>\n\n\n\n<p>La edici\u00f3n de 2025&nbsp;del D\u00eda Internacional del Jazz, &nbsp;organizada por la UNESCO y el Instituto Herbie Hancock de Jazz, se celebra el 30 de abril en m\u00e1s de 190 pa\u00edses.&nbsp;La anfitriona mundial de la celebraci\u00f3n de este a\u00f1o es la ciudad de Abu Dhabi (Emiratos \u00c1rabes Unidos).<\/p>\n\n\n\n<p>Durante cinco semanas, Abu Dhabi acoger\u00e1 una serie de actuaciones de jazz, programas educativos y actividades para la comunidad. Entre ellos, el International Jazz Day 2025 All-Star Global Concert, retransmitido internacionalmente, que se celebrar\u00e1 el 30 de abril en el Etihad Arena, el mayor recinto de ocio cubierto de la regi\u00f3n.<\/p>\n\n\n\n<p>Con el punto de partida del D\u00eda Internacional del Jazz, se celebra el Mes del Jazz de Abu Dhabi, con m\u00e1s festividades mundiales, y se refuerza la presencia del jazz en la regi\u00f3n. Actuaciones en directo, conciertos emergentes, talleres, residencias de artistas y actos educativos pondr\u00e1n de relieve las conexiones del jazz con diversas tradiciones musicales y disciplinas art\u00edsticas. El programa se retransmitir\u00e1 en ingl\u00e9s a trav\u00e9s de&nbsp;<a href=\"https:\/\/www.youtube.com\/@Jazzday\">YouTube<\/a>,&nbsp;<a href=\"https:\/\/www.facebook.com\/intljazzday\">Facebook<\/a>, y&nbsp;<a href=\"https:\/\/webtv.un.org\/\">UN WebTV<\/a>&nbsp; a millones de espectadores de todo el mundo.<\/p>\n\n\n\n<p>Adem\u00e1s del Concierto Mundial, la UNESCO anima a las escuelas, universidades y organizaciones no gubernamentales de todo el mundo a celebrar el D\u00eda. Se organizan miles de actividades en centros de artes esc\u00e9nicas, plazas, parques, bibliotecas, museos, restaurantes, clubes y festivales.<\/p>\n\n\n\n<p><img data-recalc-dims=\"1\" decoding=\"async\" alt=\"collage of portraits of International Jazz Day 2025 performers\" src=\"https:\/\/i0.wp.com\/www.un.org\/sites\/un2.un.org\/files\/ijd-unesco-2025-musicians.jpg?w=640&#038;ssl=1\"\/><\/p>\n\n\n\n<h3 class=\"wp-block-heading\">Concierto Mundial de las Estrellas<\/h3>\n\n\n\n<h4 class=\"wp-block-heading\">30 April 2025<\/h4>\n\n\n\n<p>Dirigido por el legendario pianista de jazz Herbie Hancock, y presentado por el galardonado actor de un Oscar Jeremy Irons, el Concierto Mundial de las Estrellas contar\u00e1 con la actuaci\u00f3n de un elenco internacional de artistas procedentes de todos los rincones del planeta, entre ellos los pianistas John Beasley y Kenny Barron ( Estados Unidos), Danilo P\u00e9rez (Panam\u00e1) y A Bu (China); los cantantes Dee Dee Bridgewater, Dianne Reeves (Estados Unidos), Varijashree Venugopal (India); los saxofonistas David S\u00e1nchez (Puerto Rico), Tia Fuller (Estados Unidos), Tomoaki Baba (Jap\u00f3n); los bajistas Linda May Han Oh (Australia), John Patitucci ( Estados Unidos); la baterista Terri Lyne Carrington (Estados Unidos); el violonchelista Arqam Al Abri (Emiratos \u00c1rabes Unidos); la flautista Elena Pinderhughes (Estados Unidos), y muchos artistas m\u00e1s.<\/p>\n\n\n\n<p><a href=\"https:\/\/webtv.un.org\/en\/asset\/k1g\/k1gs1gal97\">Concierto en directo<\/a><\/p>\n\n\n\n<p>El 30 de abril, docentes y estudiantes de todo el mundo aprovechar\u00e1n el D\u00eda Internacional del Jazz para aprender m\u00e1s sobre la poderosa historia y el legado de la m\u00fasica jazz. Echa un vistazo a la creciente biblioteca de v\u00eddeos y recursos educativos gratuitos.<\/p>\n\n\n\n<p><small>Aprende y disfruta del jazz con estos&nbsp;<a href=\"https:\/\/jazzday.com\/educational-resources\/\">materiales educativos (en ingl\u00e9s)<\/a>.<\/small><\/p>\n\n\n\n<h3 class=\"wp-block-heading\">M\u00fasica de improvisaci\u00f3n y creaci\u00f3n colectiva<\/h3>\n\n\n\n<p>El D\u00eda Internacional del Jazz tiene por objetivo concienciar a la comunidad internacional sobre las virtudes del jazz como motor para la paz, la unidad, el di\u00e1logo y una mayor cooperaci\u00f3n entre los pueblos, as\u00ed como su uso como herramienta educativa. Muchos gobiernos, organizaciones de la sociedad civil, instituciones educativas y ciudadanos particulares que actualmente se dedican a la promoci\u00f3n de la m\u00fasica de jazz aprovechan la oportunidad para fomentar un mayor aprecio, no solo por la m\u00fasica, sino tambi\u00e9n por la contribuci\u00f3n que puede hacer a la construcci\u00f3n de sociedades m\u00e1s integradoras.<\/p>\n\n\n\n<p>Este d\u00eda ha tenido un \u00e9xito extraordinario en los \u00faltimos diez a\u00f1os, convirti\u00e9ndose en la mayor celebraci\u00f3n anual del jazz en el mundo. Se trata de un acontecimiento mundial que a\u00fana anualmente a personas de todos los continentes a trav\u00e9s de programas educativos, actuaciones, actividades de divulgaci\u00f3n y cobertura medi\u00e1tica.<\/p>\n\n\n\n<p><small><a href=\"https:\/\/www.youtube.com\/playlist?list=PLE5FC23A1EFDB7DFF\">Lista de reproducci\u00f3n del D\u00eda Internacional del Jazz de la UNESCO.<\/a><\/small><\/p>\n\n\n\n<h3 class=\"wp-block-heading\">\u00bfPor qu\u00e9 un D\u00eda Internacional del Jazz?<\/h3>\n\n\n\n<p>La celebraci\u00f3n de esta jornada tiene como objetivo sensibilizar al p\u00fablico en general sobre las virtudes de la m\u00fasica jazz como herramienta educativa y como motor para la paz, la unidad, el di\u00e1logo y el refuerzo de la cooperaci\u00f3n entre pueblos.<\/p>\n\n\n\n<p>Los gobiernos, las instituciones educativas y la sociedad civil que participan en la promoci\u00f3n del jazz aprovechan esta oportunidad para difundir la idea de que el jazz no es s\u00f3lo un estilo de m\u00fasica, sino que tambi\u00e9n contribuye a la construcci\u00f3n de sociedades m\u00e1s inclusivas, ya que:<\/p>\n\n\n\n<ul class=\"wp-block-list\">\n<li>El jazz rompe barreras y crea oportunidades para la comprensi\u00f3n mutua y la tolerancia.<\/li>\n\n\n\n<li>El jazz es una forma de libertad de expresi\u00f3n.<\/li>\n\n\n\n<li>El jazz simboliza la unidad y la paz.<\/li>\n\n\n\n<li>El jazz reduce las tensiones entre los individuos, los grupos y las comunidades.<\/li>\n\n\n\n<li>El jazz promueve la innovaci\u00f3n art\u00edstica, la improvisaci\u00f3n y la integraci\u00f3n de m\u00fasicas tradicionales en las formas musicales modernas.<\/li>\n\n\n\n<li>El jazz estimula el di\u00e1logo intercultural y facilita la integraci\u00f3n de j\u00f3venes marginados.<\/li>\n<\/ul>\n\n\n\n<p>La aprobaci\u00f3n de esta celebraci\u00f3n se remonta a noviembre de 2011, a\u00f1o en el que, durante la Conferencia General de la&nbsp;<a href=\"https:\/\/es.unesco.org\/\">UNESCO<\/a>, la comunidad internacional&nbsp;<a href=\"https:\/\/unesdoc.unesco.org\/ark:\/48223\/pf0000215084_spa.page=63\">proclam\u00f3<\/a>&nbsp;el 30 de abril como el \u00abD\u00eda Internacional del Jazz\u00bb. Este D\u00eda Internacional reune a comunidades locales, escuelas, artistas, historiadores, acad\u00e9micos y fans del jazz de todo el mundo para celebrar y aprender sobre el arte del jazz, sus ra\u00edces, su futuro y su impacto. Esta importante forma de arte internacional es un ejemplo de promoci\u00f3n de la paz, el di\u00e1logo entre culturas, la diversidad y el respeto por los derechos humanos y la dignidad humana, contribuyendo a la erradicaci\u00f3n de la discriminaci\u00f3n, la promoci\u00f3n de la libertad de expresi\u00f3n, el fomento de la igualdad de sexos y el refuerzo del papel de la juventud en el cambio de la sociedad.<\/p>\n\n\n\n<p><\/p>\n\n\n\n<p><\/p>\n\n\n\n<p>un.org<\/p>\n","protected":false},"excerpt":{"rendered":"<p>&nbsp;Jazz en&nbsp;Abu Dhabi La edici\u00f3n de 2025&nbsp;del D\u00eda Internacional del Jazz, &nbsp;organizada por la UNESCO y el Instituto Herbie Hancock de Jazz, se celebra el 30 de abril en m\u00e1s de 190 pa\u00edses.&nbsp;La anfitriona mundial de la celebraci\u00f3n de este a\u00f1o es la ciudad de Abu Dhabi (Emiratos \u00c1rabes Unidos). Durante cinco semanas, Abu Dhabi [&hellip;]<\/p>\n","protected":false},"author":1,"featured_media":185164,"comment_status":"closed","ping_status":"closed","sticky":false,"template":"","format":"standard","meta":{"_acf_changed":false,"_jetpack_memberships_contains_paid_content":false,"footnotes":"","jetpack_publicize_message":"","jetpack_publicize_feature_enabled":true,"jetpack_social_post_already_shared":true,"jetpack_social_options":{"image_generator_settings":{"template":"highway","default_image_id":0,"font":"","enabled":false},"version":2}},"categories":[6],"tags":[],"class_list":["post-185163","post","type-post","status-publish","format-standard","has-post-thumbnail","hentry","category-ecologia"],"acf":[],"jetpack_publicize_connections":[],"jetpack_featured_media_url":"https:\/\/i0.wp.com\/sportseco.com\/wp-content\/uploads\/2025\/04\/ijd-silhouettes.jpeg?fit=1350%2C500&ssl=1","jetpack_sharing_enabled":true,"_links":{"self":[{"href":"https:\/\/sportseco.com\/index.php?rest_route=\/wp\/v2\/posts\/185163","targetHints":{"allow":["GET"]}}],"collection":[{"href":"https:\/\/sportseco.com\/index.php?rest_route=\/wp\/v2\/posts"}],"about":[{"href":"https:\/\/sportseco.com\/index.php?rest_route=\/wp\/v2\/types\/post"}],"author":[{"embeddable":true,"href":"https:\/\/sportseco.com\/index.php?rest_route=\/wp\/v2\/users\/1"}],"replies":[{"embeddable":true,"href":"https:\/\/sportseco.com\/index.php?rest_route=%2Fwp%2Fv2%2Fcomments&post=185163"}],"version-history":[{"count":1,"href":"https:\/\/sportseco.com\/index.php?rest_route=\/wp\/v2\/posts\/185163\/revisions"}],"predecessor-version":[{"id":185165,"href":"https:\/\/sportseco.com\/index.php?rest_route=\/wp\/v2\/posts\/185163\/revisions\/185165"}],"wp:featuredmedia":[{"embeddable":true,"href":"https:\/\/sportseco.com\/index.php?rest_route=\/wp\/v2\/media\/185164"}],"wp:attachment":[{"href":"https:\/\/sportseco.com\/index.php?rest_route=%2Fwp%2Fv2%2Fmedia&parent=185163"}],"wp:term":[{"taxonomy":"category","embeddable":true,"href":"https:\/\/sportseco.com\/index.php?rest_route=%2Fwp%2Fv2%2Fcategories&post=185163"},{"taxonomy":"post_tag","embeddable":true,"href":"https:\/\/sportseco.com\/index.php?rest_route=%2Fwp%2Fv2%2Ftags&post=185163"}],"curies":[{"name":"wp","href":"https:\/\/api.w.org\/{rel}","templated":true}]}}