{"id":185179,"date":"2025-04-30T08:59:21","date_gmt":"2025-04-30T12:59:21","guid":{"rendered":"https:\/\/sportseco.com\/?p=185179"},"modified":"2025-04-30T08:59:27","modified_gmt":"2025-04-30T12:59:27","slug":"la-femenina-esta-lista-para-el-debut-video","status":"publish","type":"post","link":"https:\/\/sportseco.com\/?p=185179","title":{"rendered":"La Femenina est\u00e1 lista para el debut. Video"},"content":{"rendered":"\n<p><strong>La Selecci\u00f3n Colombia Femenina Sub-17, bajo la direcci\u00f3n del entrenador Carlos Paniagua,<\/strong>&nbsp;llev\u00f3 a cabo su \u00faltima sesi\u00f3n de entrenamiento en el Polideportivo SENA Regional Caldas, en Manizales, con miras a su debut este mi\u00e9rcoles 30 de abril contra Argentina en el Estadio Palogrande.&nbsp;<\/p>\n\n\n\n<p>La pr\u00e1ctica comenz\u00f3 con ejercicios de movilidad articular, seguidos de din\u00e1micas grupales que promovieron la agilidad. Posteriormente, las jugadoras realizaron rondos de 4vs1. Luego, bajo la gu\u00eda del cuerpo t\u00e9cnico, se enfocaron en el plan de partido, trabajando en movimientos y patrones. Para concluir, el equipo cerr\u00f3 la sesi\u00f3n con las acciones a bal\u00f3n parado.<\/p>\n\n\n\n<p>Por otra parte,&nbsp;<strong>las jugadoras Sof\u00eda Prieto, Ivanna Parra y&nbsp;Camila Cort\u00e9s atendieron a los medios de comunicaci\u00f3n. Sobre c\u00f3mo est\u00e1 el equipo de car\u00e1 a la CONMEBOL Sub-17, Prieto dijo:<\/strong>&nbsp;\u201cEl grupo est\u00e1 tranquilo y a la vez muy enfocado en todo lo que se viene, Argentina como primer paso. Adem\u00e1s, muy seguras de lo que se ha trabajado durante estos cuatro meses que llevamos juntas \u201d<\/p>\n\n\n\n<figure class=\"wp-block-embed is-type-video is-provider-youtube wp-block-embed-youtube wp-embed-aspect-16-9 wp-has-aspect-ratio\"><div class=\"wp-block-embed__wrapper\">\n<iframe loading=\"lazy\" title=\"Zona Mixta | Selecci\u00f3n Colombia Femenina Sub 17 desde Manizales\" width=\"640\" height=\"360\" src=\"https:\/\/www.youtube.com\/embed\/s7A6h2_fHLc?feature=oembed\" frameborder=\"0\" allow=\"accelerometer; autoplay; clipboard-write; encrypted-media; gyroscope; picture-in-picture; web-share\" referrerpolicy=\"strict-origin-when-cross-origin\" allowfullscreen><\/iframe>\n<\/div><\/figure>\n\n\n\n<figure class=\"wp-block-embed is-type-rich is-provider-gestor-del-servicio wp-block-embed-gestor-del-servicio\"><div class=\"wp-block-embed__wrapper\">\nhttps:\/\/youtube.com\/watch?v=s7A6h2_fHLc%3Ffeature%3Doembed\n<\/div><\/figure>\n\n\n\n<p>fcf.com.co<\/p>\n","protected":false},"excerpt":{"rendered":"<p>La Selecci\u00f3n Colombia Femenina Sub-17, bajo la direcci\u00f3n del entrenador Carlos Paniagua,&nbsp;llev\u00f3 a cabo su \u00faltima sesi\u00f3n de entrenamiento en el Polideportivo SENA Regional Caldas, en Manizales, con miras a su debut este mi\u00e9rcoles 30 de abril contra Argentina en el Estadio Palogrande.&nbsp; La pr\u00e1ctica comenz\u00f3 con ejercicios de movilidad articular, seguidos de din\u00e1micas grupales [&hellip;]<\/p>\n","protected":false},"author":1,"featured_media":185181,"comment_status":"closed","ping_status":"closed","sticky":false,"template":"","format":"standard","meta":{"_acf_changed":false,"_jetpack_memberships_contains_paid_content":false,"footnotes":"","jetpack_publicize_message":"","jetpack_publicize_feature_enabled":true,"jetpack_social_post_already_shared":true,"jetpack_social_options":{"image_generator_settings":{"template":"highway","default_image_id":0,"font":"","enabled":false},"version":2}},"categories":[5],"tags":[],"class_list":["post-185179","post","type-post","status-publish","format-standard","has-post-thumbnail","hentry","category-futbol"],"acf":[],"jetpack_publicize_connections":[],"jetpack_featured_media_url":"https:\/\/i0.wp.com\/sportseco.com\/wp-content\/uploads\/2025\/04\/FCF6158-2048x1365-1.jpg?fit=2048%2C1365&ssl=1","jetpack_sharing_enabled":true,"_links":{"self":[{"href":"https:\/\/sportseco.com\/index.php?rest_route=\/wp\/v2\/posts\/185179","targetHints":{"allow":["GET"]}}],"collection":[{"href":"https:\/\/sportseco.com\/index.php?rest_route=\/wp\/v2\/posts"}],"about":[{"href":"https:\/\/sportseco.com\/index.php?rest_route=\/wp\/v2\/types\/post"}],"author":[{"embeddable":true,"href":"https:\/\/sportseco.com\/index.php?rest_route=\/wp\/v2\/users\/1"}],"replies":[{"embeddable":true,"href":"https:\/\/sportseco.com\/index.php?rest_route=%2Fwp%2Fv2%2Fcomments&post=185179"}],"version-history":[{"count":1,"href":"https:\/\/sportseco.com\/index.php?rest_route=\/wp\/v2\/posts\/185179\/revisions"}],"predecessor-version":[{"id":185182,"href":"https:\/\/sportseco.com\/index.php?rest_route=\/wp\/v2\/posts\/185179\/revisions\/185182"}],"wp:featuredmedia":[{"embeddable":true,"href":"https:\/\/sportseco.com\/index.php?rest_route=\/wp\/v2\/media\/185181"}],"wp:attachment":[{"href":"https:\/\/sportseco.com\/index.php?rest_route=%2Fwp%2Fv2%2Fmedia&parent=185179"}],"wp:term":[{"taxonomy":"category","embeddable":true,"href":"https:\/\/sportseco.com\/index.php?rest_route=%2Fwp%2Fv2%2Fcategories&post=185179"},{"taxonomy":"post_tag","embeddable":true,"href":"https:\/\/sportseco.com\/index.php?rest_route=%2Fwp%2Fv2%2Ftags&post=185179"}],"curies":[{"name":"wp","href":"https:\/\/api.w.org\/{rel}","templated":true}]}}