{"id":185184,"date":"2025-04-30T09:13:14","date_gmt":"2025-04-30T13:13:14","guid":{"rendered":"https:\/\/sportseco.com\/?p=185184"},"modified":"2025-04-30T09:13:18","modified_gmt":"2025-04-30T13:13:18","slug":"giro-de-italia-se-presenta-la-etapa-de-roma-dedicada-al-papa-francisco","status":"publish","type":"post","link":"https:\/\/sportseco.com\/?p=185184","title":{"rendered":"Giro de Italia: Se presenta la etapa de Roma dedicada al Papa Francisco"},"content":{"rendered":"\n<p>La \u00faltima etapa del Giro de Italia, prevista el domingo 1 de junio, estar\u00e1 dedicada al Papa Francisco. La carrera pasar\u00e1 por la Ciudad del Vaticano y finalizar\u00e1 frente al Circo M\u00e1ximo. Un paso muy deseado por el Papa Francisco, en pleno a\u00f1o jubilar, y que tambi\u00e9n el Vaticano apoya estos d\u00edas.<\/p>\n\n\n\n<p>En la presentaci\u00f3n, celebrada en el Campidoglio, estuvieron presentes el alcalde de Roma, Roberto Gualtieri; el presidente de RCS MediaGroup, Urbano Cairo; Monse\u00f1or Paul Tighe, Secretario del Dicasterio para la Cultura y la Educaci\u00f3n; el concejal de Grandes Eventos, Deporte, Turismo y Moda de Roma, Alessandro Onorato; el director general de RCS Sports &amp; Events, Paolo Bellino; el Director del Giro de Italia, Mauro Vegni; y Vincenzo Nibali, ganador de dos Giro de Italia (2013 y 2016), as\u00ed como muchas otras instituciones, representantes de los medios de comunicaci\u00f3n y socios de la Corsa Rosa.<\/p>\n\n\n\n<p><\/p>\n\n\n\n<h1 class=\"wp-block-heading\">Giro d\u2019Italia: presentata la tappa di Roma dedicata a Papa Francesco<\/h1>\n\n\n\n<figure class=\"wp-block-image\"><img data-recalc-dims=\"1\" decoding=\"async\" src=\"https:\/\/i0.wp.com\/static2.giroditalia.it\/wp-content\/uploads\/2025\/04\/hXkZ7oVkLoiiDx9PK0Pd_290425-121145.png?w=640&#038;ssl=1\" alt=\"\"\/><\/figure>\n\n\n\n<p>L\u2019<strong>ultima tappa del Giro d\u2019Italia<\/strong>, in programma&nbsp;<strong>domenica 1\u00b0 giugno<\/strong>, sar\u00e0 dedicata a&nbsp;<strong>Papa Francesco<\/strong>. La corsa transiter\u00e0 dalla&nbsp;<strong>Citt\u00e0 del Vaticano<\/strong>&nbsp;e terminer\u00e0 davanti al&nbsp;<strong>Circo Massimo<\/strong>. Un passaggio fortemente voluto da Papa Francesco, nell\u2019anno del Giubileo, che il Vaticano sta supportando anche in questi giorni.<\/p>\n\n\n\n<p>Alla presentazione, tenutasi in Campidoglio, sono intervenuti il Sindaco di Roma, Roberto Gualtieri; il Presidente di RCS MediaGroup, Urbano Cairo; il Vescovo Paul Tighe, Segretario del Dicastero per la cultura e l\u2019educazione; l\u2019Assessore ai Grandi Eventi, Sport, Turismo e Moda di Roma, Alessandro Onorato; l\u2019Amministratore Delegato di RCS Sports &amp; Events, Paolo Bellino; il Direttore del Giro d\u2019Italia, Mauro Vegni; e Vincenzo Nibali, vincitore di due Giri d\u2019Italia (2013 e 2016) oltre a tante altre istituzioni, rappresentanti dei Media e dei partner della Corsa Rosa.<\/p>\n\n\n\n<figure class=\"wp-block-image\"><img data-recalc-dims=\"1\" decoding=\"async\" src=\"https:\/\/i0.wp.com\/static2.giroditalia.it\/wp-content\/uploads\/2025\/04\/7HlOzJcIve3iLYRqZqRs_290425-121309-scaled.jpg?w=640&#038;ssl=1\" alt=\"\"\/><\/figure>\n\n\n\n<p><\/p>\n\n\n\n<p><\/p>\n\n\n\n<p>giroditalia.it<\/p>\n","protected":false},"excerpt":{"rendered":"<p>La \u00faltima etapa del Giro de Italia, prevista el domingo 1 de junio, estar\u00e1 dedicada al Papa Francisco. La carrera pasar\u00e1 por la Ciudad del Vaticano y finalizar\u00e1 frente al Circo M\u00e1ximo. Un paso muy deseado por el Papa Francisco, en pleno a\u00f1o jubilar, y que tambi\u00e9n el Vaticano apoya estos d\u00edas. En la presentaci\u00f3n, [&hellip;]<\/p>\n","protected":false},"author":1,"featured_media":185185,"comment_status":"closed","ping_status":"closed","sticky":false,"template":"","format":"standard","meta":{"_acf_changed":false,"_jetpack_memberships_contains_paid_content":false,"footnotes":"","jetpack_publicize_message":"","jetpack_publicize_feature_enabled":true,"jetpack_social_post_already_shared":true,"jetpack_social_options":{"image_generator_settings":{"template":"highway","default_image_id":0,"font":"","enabled":false},"version":2}},"categories":[14],"tags":[],"class_list":["post-185184","post","type-post","status-publish","format-standard","has-post-thumbnail","hentry","category-ciclismo"],"acf":[],"jetpack_publicize_connections":[],"jetpack_featured_media_url":"https:\/\/i0.wp.com\/sportseco.com\/wp-content\/uploads\/2025\/04\/hXkZ7oVkLoiiDx9PK0Pd_290425-121145.png?fit=1280%2C640&ssl=1","jetpack_sharing_enabled":true,"_links":{"self":[{"href":"https:\/\/sportseco.com\/index.php?rest_route=\/wp\/v2\/posts\/185184","targetHints":{"allow":["GET"]}}],"collection":[{"href":"https:\/\/sportseco.com\/index.php?rest_route=\/wp\/v2\/posts"}],"about":[{"href":"https:\/\/sportseco.com\/index.php?rest_route=\/wp\/v2\/types\/post"}],"author":[{"embeddable":true,"href":"https:\/\/sportseco.com\/index.php?rest_route=\/wp\/v2\/users\/1"}],"replies":[{"embeddable":true,"href":"https:\/\/sportseco.com\/index.php?rest_route=%2Fwp%2Fv2%2Fcomments&post=185184"}],"version-history":[{"count":1,"href":"https:\/\/sportseco.com\/index.php?rest_route=\/wp\/v2\/posts\/185184\/revisions"}],"predecessor-version":[{"id":185186,"href":"https:\/\/sportseco.com\/index.php?rest_route=\/wp\/v2\/posts\/185184\/revisions\/185186"}],"wp:featuredmedia":[{"embeddable":true,"href":"https:\/\/sportseco.com\/index.php?rest_route=\/wp\/v2\/media\/185185"}],"wp:attachment":[{"href":"https:\/\/sportseco.com\/index.php?rest_route=%2Fwp%2Fv2%2Fmedia&parent=185184"}],"wp:term":[{"taxonomy":"category","embeddable":true,"href":"https:\/\/sportseco.com\/index.php?rest_route=%2Fwp%2Fv2%2Fcategories&post=185184"},{"taxonomy":"post_tag","embeddable":true,"href":"https:\/\/sportseco.com\/index.php?rest_route=%2Fwp%2Fv2%2Ftags&post=185184"}],"curies":[{"name":"wp","href":"https:\/\/api.w.org\/{rel}","templated":true}]}}