{"id":185187,"date":"2025-04-30T09:17:08","date_gmt":"2025-04-30T13:17:08","guid":{"rendered":"https:\/\/sportseco.com\/?p=185187"},"modified":"2025-04-30T09:17:14","modified_gmt":"2025-04-30T13:17:14","slug":"cali-conmemoro-el-dia-mundial-del-arbol-con-jornada-de-siembra-responsable-en-la-comuna-15","status":"publish","type":"post","link":"https:\/\/sportseco.com\/?p=185187","title":{"rendered":"Cali conmemor\u00f3 el \u2018D\u00eda Mundial del \u00c1rbol\u2019 con jornada de siembra responsable en la Comuna 15"},"content":{"rendered":"\n<figure class=\"wp-block-image\"><img data-recalc-dims=\"1\" decoding=\"async\" src=\"https:\/\/i0.wp.com\/www.cali.gov.co\/info\/caligovco_se\/media\/pubInt\/thumbs\/thpubInt_700X400_186581.webp?w=640&#038;ssl=1\" alt=\"Cali conmemor\u00f3 el \u2018D\u00eda Mundial del \u00c1rbol\u2019 con jornada de siembra responsable en la Comuna 15\" title=\"Cali conmemor\u00f3 el \u2018D\u00eda Mundial del \u00c1rbol\u2019 con jornada de siembra responsable en la Comuna 15\"\/><\/figure>\n\n\n\n<ul class=\"wp-block-list\">\n<li><em>Durante la jornada se realiz\u00f3 la siembra de 50 \u00e1rboles en la zona verde de la comuna.<\/em><\/li>\n<\/ul>\n\n\n\n<p><br \/>\u00a0<\/p>\n\n\n\n<p>Con una gran jornada de siembra responsable, la Alcald\u00eda de Cali, por medio del Departamento Administrativo de Gesti\u00f3n del Medio Ambiente (<em>Dagma<\/em>), conmemor\u00f3 el&nbsp;<strong><em>\u2018D\u00eda Mundial del \u00c1rbol\u2019<\/em><\/strong>&nbsp;desde la Comuna 15. La actividad cont\u00f3 con el apoyo de la comunidad, estudiantes de diferentes instituciones educativas del barrio Ciudad C\u00f3rdoba y j\u00f3venes barristas.<br \/><br \/>En ese marco, se realiz\u00f3 la siembra de&nbsp;<em>50 \u00e1rboles<\/em>&nbsp;en la zona verde del sector.&nbsp;<em>\u201cCada \u00e1rbol en nuestra ciudad est\u00e1 generando siempre servicios eco-sist\u00e9micos. Por lo tanto, estamos sembrando \u00e1rboles nativos en diferentes puntos de la ciudad, para traer m\u00e1s biodiversidad a Cali\u201d<\/em>, sostuvo Mauricio Mira Pont\u00f3n, director del&nbsp;<em>Dagma<\/em>.<\/p>\n\n\n\n<p>Por su parte, Mauricio Salazar, coordinador del Vivero Distrital, subray\u00f3 que la capital vallecaucana es una ciudad diversa en fauna y flora.&nbsp;<em>\u201cTenemos registradas m\u00e1s de 360 especies vegetales y desde el Dagma trabajamos para hacer una gran reposici\u00f3n y renovaci\u00f3n arb\u00f3rea en las diferentes zonas donde se necesita. Con estas jornadas tambi\u00e9n ayudamos enriquecer nuestra diversidad y generamos una conciencia con educaci\u00f3n ambiental para proteger y preservar\u201d<\/em>, asever\u00f3.<\/p>\n\n\n\n<p>La&nbsp;<em>jornada de siembra responsable<\/em>&nbsp;en la&nbsp;<em>Comuna 15<\/em>&nbsp;fue dirigida por los t\u00e9cnicos del Vivero Distrital, quienes dispusieron para el reverdecimiento de este espacio una estrategia denominada&nbsp;<strong><em>nucleaci\u00f3n aplicada<\/em><\/strong>. La misma, consiste en la siembra de un&nbsp;<em>\u00e1rbol nodriza<\/em>&nbsp;de una especie de r\u00e1pido crecimiento, que sirve de sustento, soporte y sombr\u00edo a las otras especies arb\u00f3reas de caracter\u00edsticas de tama\u00f1o y talla menores, que se siembran alrededor del individuo central.<br \/><br \/><em>\u201cEsta experiencia de siembra que hemos tenido hoy ha sido maravillosa. Fue un momento de ayudar en el barrio, gracias al gran apoyo que nos han brindado desde el Dagma. Es la mejor manera de conmemorar una fecha tan especial como es el D\u00eda Mundial del \u00c1rbol\u201d<\/em>, coment\u00f3 Daniel Clavijo Ospina, habitante de la zona.<\/p>\n\n\n\n<p><br \/>El Departamento Administrativo de Gesti\u00f3n del Medio Ambiente seguir\u00e1 realizando jornadas interinstitucionales en diferentes sectores de Cali, con miras a estimular el r\u00e1pido crecimiento de los individuos arb\u00f3reos plantados y la consecuente recuperaci\u00f3n del \u00e1rea intervenida en el territorio.<br \/><br \/><strong>Un dato<\/strong><br \/><br \/>Santiago de Cali, considerada como la&nbsp;<em>\u2018Capital Biodiversa de Colombia\u2019<\/em>, es una de las ciudades m\u00e1s arborizadas del pa\u00eds con unos de&nbsp;<em>384 mil \u00e1rboles<\/em>.<\/p>\n\n\n\n<p><em>\u00a1Juntos hacemos de Cali una ciudad m\u00e1s verde y sostenible!&nbsp;<\/em><\/p>\n\n\n\n<p><\/p>\n\n\n\n<p><\/p>\n\n\n\n<p>cali.gov.co<\/p>\n","protected":false},"excerpt":{"rendered":"<p>\u00a0 Con una gran jornada de siembra responsable, la Alcald\u00eda de Cali, por medio del Departamento Administrativo de Gesti\u00f3n del Medio Ambiente (Dagma), conmemor\u00f3 el&nbsp;\u2018D\u00eda Mundial del \u00c1rbol\u2019&nbsp;desde la Comuna 15. La actividad cont\u00f3 con el apoyo de la comunidad, estudiantes de diferentes instituciones educativas del barrio Ciudad C\u00f3rdoba y j\u00f3venes barristas. En ese marco, [&hellip;]<\/p>\n","protected":false},"author":1,"featured_media":185188,"comment_status":"closed","ping_status":"closed","sticky":false,"template":"","format":"standard","meta":{"_acf_changed":false,"_jetpack_memberships_contains_paid_content":false,"footnotes":"","jetpack_publicize_message":"","jetpack_publicize_feature_enabled":true,"jetpack_social_post_already_shared":true,"jetpack_social_options":{"image_generator_settings":{"template":"highway","default_image_id":0,"font":"","enabled":false},"version":2}},"categories":[6],"tags":[],"class_list":["post-185187","post","type-post","status-publish","format-standard","has-post-thumbnail","hentry","category-ecologia"],"acf":[],"jetpack_publicize_connections":[],"jetpack_featured_media_url":"https:\/\/i0.wp.com\/sportseco.com\/wp-content\/uploads\/2025\/04\/thgaleria_700X400_320737.webp?fit=533%2C400&ssl=1","jetpack_sharing_enabled":true,"_links":{"self":[{"href":"https:\/\/sportseco.com\/index.php?rest_route=\/wp\/v2\/posts\/185187","targetHints":{"allow":["GET"]}}],"collection":[{"href":"https:\/\/sportseco.com\/index.php?rest_route=\/wp\/v2\/posts"}],"about":[{"href":"https:\/\/sportseco.com\/index.php?rest_route=\/wp\/v2\/types\/post"}],"author":[{"embeddable":true,"href":"https:\/\/sportseco.com\/index.php?rest_route=\/wp\/v2\/users\/1"}],"replies":[{"embeddable":true,"href":"https:\/\/sportseco.com\/index.php?rest_route=%2Fwp%2Fv2%2Fcomments&post=185187"}],"version-history":[{"count":1,"href":"https:\/\/sportseco.com\/index.php?rest_route=\/wp\/v2\/posts\/185187\/revisions"}],"predecessor-version":[{"id":185189,"href":"https:\/\/sportseco.com\/index.php?rest_route=\/wp\/v2\/posts\/185187\/revisions\/185189"}],"wp:featuredmedia":[{"embeddable":true,"href":"https:\/\/sportseco.com\/index.php?rest_route=\/wp\/v2\/media\/185188"}],"wp:attachment":[{"href":"https:\/\/sportseco.com\/index.php?rest_route=%2Fwp%2Fv2%2Fmedia&parent=185187"}],"wp:term":[{"taxonomy":"category","embeddable":true,"href":"https:\/\/sportseco.com\/index.php?rest_route=%2Fwp%2Fv2%2Fcategories&post=185187"},{"taxonomy":"post_tag","embeddable":true,"href":"https:\/\/sportseco.com\/index.php?rest_route=%2Fwp%2Fv2%2Ftags&post=185187"}],"curies":[{"name":"wp","href":"https:\/\/api.w.org\/{rel}","templated":true}]}}