{"id":185205,"date":"2025-04-30T14:07:06","date_gmt":"2025-04-30T18:07:06","guid":{"rendered":"https:\/\/sportseco.com\/?p=185205"},"modified":"2025-04-30T14:11:00","modified_gmt":"2025-04-30T18:11:00","slug":"tour-de-romandia-matthew-brennan-domina-el-sprint-masivo-para-ganar-la-primera-etapa-y-se-coloca-lider-de-la-carrera","status":"publish","type":"post","link":"https:\/\/sportseco.com\/?p=185205","title":{"rendered":"Tour de Romand\u00eda: Matthew Brennan domina el sprint masivo para ganar la primera etapa y se coloca l\u00edder de la carrera."},"content":{"rendered":"\n<p><br \/>Matthew Brennan (Visma-Lease A Bike) se alz\u00f3 con la victoria en la primera etapa del Tour de Romand\u00eda, tras un sprint masivo en la subida hasta la meta en Friburg.<\/p>\n\n\n\n<p>La primera etapa en ruta del Tour de Romand\u00eda 2025 llevar\u00eda a los ciclistas a las primeras ascensiones importantes de la carrera, con un recorrido de 194 km desde M\u00fcnchenstein hasta Friburgo.<\/p>\n\n\n\n<p>La etapa incluy\u00f3 cuatro puertos clasificados, incluyendo el Col de Pontins, de segunda categor\u00eda (4,5 km al 7,2%), aunque los \u00faltimos 60 km transcurrieron por carreteras mayoritariamente llanas, adem\u00e1s del ascenso a meta.<\/p>\n\n\n\n<p>Los ataques desde la salida permitieron que se formara una escapada desde el principio: Silvan Dillier (Alpecin-Deceuninck), Ben Zwiehoff (Red Bull-Bora-Hansgrohe) y Gerben Kuypers (Intermarch\u00e9-Wanty) se adelantaron en cabeza. Poco despu\u00e9s, un contraataque de Amanuel Ghebreigzabhier (Lidl-Trek) y Enzo Paleni (Groupama-FDJ) elev\u00f3 el n\u00famero de ciclistas en cabeza a cinco.<\/p>\n\n\n\n<p>Mientras Ineos Grenadiers, Picnic-PostNL y Visma-Lease A Bike se posicionaban para liderar el pelot\u00f3n, la escapada aument\u00f3 su ventaja en m\u00e1s de cuatro minutos.<\/p>\n\n\n\n<p>Kuypers lider\u00f3 a Zwiehoff en el primer ascenso del d\u00eda, la prueba de tercera categor\u00eda en Grindel (2,3 km al 6,5%) tras 28 km. Har\u00eda lo mismo en Mont-Crosin (2,3 km al 7,2%) 63 km despu\u00e9s, para lograr una ventaja de cuatro puntos (10 a 6) en la cima de la clasificaci\u00f3n de monta\u00f1a.<\/p>\n\n\n\n<p>El neoprofesional brit\u00e1nico se adjudic\u00f3 con facilidad su tercera victoria en el WorldTour, saltando desde la segunda rueda en los \u00faltimos 200 metros y cruzando la meta con varias bicicletas de ventaja sobre el segundo clasificado.<\/p>\n\n\n\n<p>Aur\u00e9lien Paret-Peintre (Decathlon AG2R La Mondiale) se alz\u00f3 con el segundo puesto, a cierta distancia de Brennan, mientras que Artem Shmidt (Ineos Grenadiers) complet\u00f3 el podio.<\/p>\n\n\n\n<p><br \/>Matthew Brennan consigue su primera victoria en el GP de Denain.<br \/>\u00abDos victorias son una locura\u00bb: Matthew Brennan va viento en popa en los sprints de la Volta a Catalu\u00f1a.<br \/>Brennan, que termin\u00f3 el pr\u00f3logo en el puesto 15, a siete segundos del ganador de la etapa, Sam Watson (Ineos Grenadiers), se coloca ahora l\u00edder de la carrera gracias a la bonificaci\u00f3n de 10 segundos por la victoria de la etapa 1.<\/p>\n\n\n\n<p>Ahora aventaja a su compatriota por tres segundos de cara a la etapa 2. Ivo Oliveira (UAE Team Emirates-XRG) es tercero en la general con el mismo tiempo que Watson, mientras que Shmidt asciende al cuarto puesto a cinco segundos.<\/p>\n\n\n\n<p>\u00abCreo que una vez que superamos la subida, sab\u00edamos que ten\u00edamos buenas piernas y que pod\u00edamos remontar hacia el final. Creo que los chicos lograron una muy buena posici\u00f3n, ayud\u00e1ndome a avanzar al principio y a evitar problemas\u00bb, dijo Brennan tras la meta.<\/p>\n\n\n\n<p>\u00abAl llegar a la final, logr\u00e9 seguir algunas ruedas. Fue bastante ca\u00f3tico y un final bastante complicado. Tuvimos que usar mucho las piernas, pero al final lo logramos.<\/p>\n\n\n\n<p>\u00abFue, como digo, muy ca\u00f3tico, y cuando realmente luchas por encontrar esa rueda, es un gran desaf\u00edo. Pero lo consegu\u00ed, y de hecho avanc\u00e9 un poco m\u00e1s de lo que pensaba, pero en esos momentos, hay que reaccionar y seguir adelante.<\/p>\n\n\n\n<p>\u00abEs especial. De nuevo, al llegar a esta carrera, ten\u00edamos muchas ganas de conseguir algo y, por fin, lo conseguimos. El equipo y yo estamos muy contentos.<\/p>\n\n\n\n<p>\u00abGanar otra etapa siempre ser\u00eda genial y espero que podamos apoyar a J\u00f8rgen [Nordhagen] en la lucha por la general en las etapas de monta\u00f1a. Tengo muchas ganas de que lleguen los pr\u00f3ximos d\u00edas.\u00bb<br \/><\/p>\n\n\n\n<p><\/p>\n\n\n\n<p>cyclingnews.com<\/p>\n","protected":false},"excerpt":{"rendered":"<p>Matthew Brennan (Visma-Lease A Bike) se alz\u00f3 con la victoria en la primera etapa del Tour de Romand\u00eda, tras un sprint masivo en la subida hasta la meta en Friburg. La primera etapa en ruta del Tour de Romand\u00eda 2025 llevar\u00eda a los ciclistas a las primeras ascensiones importantes de la carrera, con un recorrido [&hellip;]<\/p>\n","protected":false},"author":1,"featured_media":185206,"comment_status":"closed","ping_status":"closed","sticky":false,"template":"","format":"standard","meta":{"_acf_changed":false,"_jetpack_memberships_contains_paid_content":false,"footnotes":"","jetpack_publicize_message":"","jetpack_publicize_feature_enabled":true,"jetpack_social_post_already_shared":true,"jetpack_social_options":{"image_generator_settings":{"template":"highway","default_image_id":0,"font":"","enabled":false},"version":2}},"categories":[14],"tags":[],"class_list":["post-185205","post","type-post","status-publish","format-standard","has-post-thumbnail","hentry","category-ciclismo"],"acf":[],"jetpack_publicize_connections":[],"jetpack_featured_media_url":"https:\/\/i0.wp.com\/sportseco.com\/wp-content\/uploads\/2025\/04\/Zn2tFFpJ4c84XcrCAc2Mxf-1200-80.png.webp?fit=1200%2C798&ssl=1","jetpack_sharing_enabled":true,"_links":{"self":[{"href":"https:\/\/sportseco.com\/index.php?rest_route=\/wp\/v2\/posts\/185205","targetHints":{"allow":["GET"]}}],"collection":[{"href":"https:\/\/sportseco.com\/index.php?rest_route=\/wp\/v2\/posts"}],"about":[{"href":"https:\/\/sportseco.com\/index.php?rest_route=\/wp\/v2\/types\/post"}],"author":[{"embeddable":true,"href":"https:\/\/sportseco.com\/index.php?rest_route=\/wp\/v2\/users\/1"}],"replies":[{"embeddable":true,"href":"https:\/\/sportseco.com\/index.php?rest_route=%2Fwp%2Fv2%2Fcomments&post=185205"}],"version-history":[{"count":1,"href":"https:\/\/sportseco.com\/index.php?rest_route=\/wp\/v2\/posts\/185205\/revisions"}],"predecessor-version":[{"id":185207,"href":"https:\/\/sportseco.com\/index.php?rest_route=\/wp\/v2\/posts\/185205\/revisions\/185207"}],"wp:featuredmedia":[{"embeddable":true,"href":"https:\/\/sportseco.com\/index.php?rest_route=\/wp\/v2\/media\/185206"}],"wp:attachment":[{"href":"https:\/\/sportseco.com\/index.php?rest_route=%2Fwp%2Fv2%2Fmedia&parent=185205"}],"wp:term":[{"taxonomy":"category","embeddable":true,"href":"https:\/\/sportseco.com\/index.php?rest_route=%2Fwp%2Fv2%2Fcategories&post=185205"},{"taxonomy":"post_tag","embeddable":true,"href":"https:\/\/sportseco.com\/index.php?rest_route=%2Fwp%2Fv2%2Ftags&post=185205"}],"curies":[{"name":"wp","href":"https:\/\/api.w.org\/{rel}","templated":true}]}}