{"id":185208,"date":"2025-04-30T14:14:42","date_gmt":"2025-04-30T18:14:42","guid":{"rendered":"https:\/\/sportseco.com\/?p=185208"},"modified":"2025-04-30T14:14:46","modified_gmt":"2025-04-30T18:14:46","slug":"semana-de-la-biodiversidad-en-cali-legado-de-la-cop16-para-el-mundo","status":"publish","type":"post","link":"https:\/\/sportseco.com\/?p=185208","title":{"rendered":"Semana de la Biodiversidad en Cali, legado de la COP16 para el mundo"},"content":{"rendered":"\n<figure class=\"wp-block-image\"><img data-recalc-dims=\"1\" decoding=\"async\" src=\"https:\/\/i0.wp.com\/www.minambiente.gov.co\/wp-content\/uploads\/2025\/04\/Biodiversidad.jpg?w=640&#038;ssl=1\" alt=\"Semana de la Biodiversidad en Cali, legado de la COP16 para el mundo\" title=\"Semana de la Biodiversidad en Cali, legado de la COP16 para el mundo\"\/><\/figure>\n\n\n\n<ul class=\"wp-block-list\">\n<li>Tras una reuni\u00f3n de coordinaci\u00f3n entre la ministra de Ambiente, Lena Estrada y el alcalde de Cali, Alejandro \u00c9der, se confirm\u00f3 la organizaci\u00f3n conjunta de la Semana de la Biodiversidad por parte de las dos entidades.<\/li>\n\n\n\n<li>Este encuentro se realizar\u00e1 en Cali del 29 de septiembre al 4 de octubre, como legado de la COP16 de Biodiversidad y preparatoria hacia la pr\u00f3xima COP30 de cambio clim\u00e1tico en Brasil.<\/li>\n<\/ul>\n\n\n\n<p><strong>Bogot\u00e1, 29 de abril de 2025 (@Minambienteco) \u2013&nbsp;<\/strong>En 2024 la capital del Valle del Cauca se posicion\u00f3 como epicentro de la biodiversidad al convertirse en la sede de la COP16, la cumbre mundial m\u00e1s importante sobre este tema, que reuni\u00f3 a m\u00e1s de 198 pa\u00edses.<\/p>\n\n\n\n<p>Como legado de la COP16, este a\u00f1o, del 29 de septiembre al 4 de octubre, Cali volver\u00e1 a convocar a ciudadan\u00eda y actores nacionales e internacionales en la Semana de la Biodiversidad, un encuentro organizado por el Ministerio de Ambiente y la Alcald\u00eda de Cali.<\/p>\n\n\n\n<p>Este evento ser\u00e1 tambi\u00e9n un espacio previo a la COP30 de cambio clim\u00e1tico, que se llevar\u00e1 a cabo en Bel\u00e9m do Par\u00e1 (Brasil), pues permitir\u00e1 seguir uniendo la importancia de la protecci\u00f3n de la biodiversidad en tiempos de cambio clim\u00e1tico con una agenda que retoma los compromisos adquiridos y promueve la&nbsp;sinergia&nbsp;entre ambas plataformas globales.<\/p>\n\n\n\n<p>\u201cAqu\u00ed vamos a retomar todos los temas que tratamos en la COP de biodiversidad, nuestra agenda y una agenda global que tambi\u00e9n debemos de seguir, as\u00ed como la preparatoria de la COP de cambio clim\u00e1tico. Hay un punto muy importante y es que Colombia viene impulsando que se realice una sinergia entre las dos plataformas y entonces esto nos va a ayudar a reforzar mucho este posicionamiento que tenemos como pa\u00eds\u201d, destac\u00f3 la ministra de Ambiente y Desarrollo Sostenible, Lena Estrada A\u00f1okazi.<\/p>\n\n\n\n<p>El evento ser\u00e1 tambi\u00e9n una oportunidad para visibilizar al Choc\u00f3 Biogeogr\u00e1fico como uno de los ecosistemas m\u00e1s relevantes del planeta, promover los negocios verdes, generar espacios culturales y continuar con el seguimiento a los compromisos ambientales que Colombia ha asumido ante el mundo.<\/p>\n\n\n\n<p>\u201cEn Cali estamos comprometidos con seguir posicionando a Cali como capital de biodiversidad. Fuimos la sede de la COP16 el a\u00f1o pasado y seguimos con esa meta de generar conciencia sobre la relaci\u00f3n entre cuidar la diversidad biol\u00f3gica y eso c\u00f3mo contribuye a frenar el cambio clim\u00e1tico (\u2026) Para nosotros es una gran oportunidad poder seguir trabajando este tema con el Gobierno Nacional\u201d, asegur\u00f3 el alcalde de Cali, Alejandro Eder.<\/p>\n\n\n\n<p>El Ministerio de Ambiente extiende una invitaci\u00f3n a ciudadan\u00eda, organizaciones, delegaciones internacionales y sociedad civil a sumarse a este importante evento.<\/p>\n\n\n\n<p><\/p>\n\n\n\n<p>minambiente.gov.co<\/p>\n\n\n\n<h2 class=\"wp-block-heading\">Navegaci\u00f3n de entradas<\/h2>\n","protected":false},"excerpt":{"rendered":"<p>Bogot\u00e1, 29 de abril de 2025 (@Minambienteco) \u2013&nbsp;En 2024 la capital del Valle del Cauca se posicion\u00f3 como epicentro de la biodiversidad al convertirse en la sede de la COP16, la cumbre mundial m\u00e1s importante sobre este tema, que reuni\u00f3 a m\u00e1s de 198 pa\u00edses. Como legado de la COP16, este a\u00f1o, del 29 de [&hellip;]<\/p>\n","protected":false},"author":1,"featured_media":185209,"comment_status":"closed","ping_status":"closed","sticky":false,"template":"","format":"standard","meta":{"_acf_changed":false,"_jetpack_memberships_contains_paid_content":false,"footnotes":"","jetpack_publicize_message":"","jetpack_publicize_feature_enabled":true,"jetpack_social_post_already_shared":true,"jetpack_social_options":{"image_generator_settings":{"template":"highway","default_image_id":0,"font":"","enabled":false},"version":2}},"categories":[6],"tags":[],"class_list":["post-185208","post","type-post","status-publish","format-standard","has-post-thumbnail","hentry","category-ecologia"],"acf":[],"jetpack_publicize_connections":[],"jetpack_featured_media_url":"https:\/\/i0.wp.com\/sportseco.com\/wp-content\/uploads\/2025\/04\/COP-16-cierre-1200x675-1.jpg?fit=1200%2C675&ssl=1","jetpack_sharing_enabled":true,"_links":{"self":[{"href":"https:\/\/sportseco.com\/index.php?rest_route=\/wp\/v2\/posts\/185208","targetHints":{"allow":["GET"]}}],"collection":[{"href":"https:\/\/sportseco.com\/index.php?rest_route=\/wp\/v2\/posts"}],"about":[{"href":"https:\/\/sportseco.com\/index.php?rest_route=\/wp\/v2\/types\/post"}],"author":[{"embeddable":true,"href":"https:\/\/sportseco.com\/index.php?rest_route=\/wp\/v2\/users\/1"}],"replies":[{"embeddable":true,"href":"https:\/\/sportseco.com\/index.php?rest_route=%2Fwp%2Fv2%2Fcomments&post=185208"}],"version-history":[{"count":1,"href":"https:\/\/sportseco.com\/index.php?rest_route=\/wp\/v2\/posts\/185208\/revisions"}],"predecessor-version":[{"id":185210,"href":"https:\/\/sportseco.com\/index.php?rest_route=\/wp\/v2\/posts\/185208\/revisions\/185210"}],"wp:featuredmedia":[{"embeddable":true,"href":"https:\/\/sportseco.com\/index.php?rest_route=\/wp\/v2\/media\/185209"}],"wp:attachment":[{"href":"https:\/\/sportseco.com\/index.php?rest_route=%2Fwp%2Fv2%2Fmedia&parent=185208"}],"wp:term":[{"taxonomy":"category","embeddable":true,"href":"https:\/\/sportseco.com\/index.php?rest_route=%2Fwp%2Fv2%2Fcategories&post=185208"},{"taxonomy":"post_tag","embeddable":true,"href":"https:\/\/sportseco.com\/index.php?rest_route=%2Fwp%2Fv2%2Ftags&post=185208"}],"curies":[{"name":"wp","href":"https:\/\/api.w.org\/{rel}","templated":true}]}}