{"id":185220,"date":"2025-04-30T17:46:50","date_gmt":"2025-04-30T21:46:50","guid":{"rendered":"https:\/\/sportseco.com\/?p=185220"},"modified":"2025-04-30T17:46:55","modified_gmt":"2025-04-30T21:46:55","slug":"parques-nacionales-naturales-lidero-la-participacion-de-colombia-en-la-entrega-de-la-presidencia-del-cmar","status":"publish","type":"post","link":"https:\/\/sportseco.com\/?p=185220","title":{"rendered":"Parques Nacionales Naturales lider\u00f3 la participaci\u00f3n de Colombia en la entrega de la Presidencia del CMAR"},"content":{"rendered":"\n<ul class=\"wp-block-list\">\n<li><em>Durante la semana de traspaso de la Presidencia del CMAR, Parques Nacionales Naturales de Colombia visibiliz\u00f3 su capacidad de articulaci\u00f3n t\u00e9cnica y de cooperaci\u00f3n internacional, compartiendo experiencias exitosas en control, vigilancia y gesti\u00f3n del conocimiento para la protecci\u00f3n de \u00e1reas marinas.<\/em><\/li>\n\n\n\n<li><em>El director general de Parques Nacionales Naturales lider\u00f3 la delegaci\u00f3n colombiana en espacios decisivos del Comit\u00e9 T\u00e9cnico Regional del CMAR, posicionando la conservaci\u00f3n como eje central de la agenda y abogando por el fortalecimiento institucional de las entidades responsables de las \u00e1reas protegidas.<\/em><\/li>\n<\/ul>\n\n\n\n<p><strong>Ciudad de Panam\u00e1<\/strong>&nbsp;\u2013&nbsp;Durante la semana del traspaso oficial de la Presidencia del Corredor Marino del Pac\u00edfico Este Tropical (CMAR) a Colombia, Parques Nacionales Naturales tuvo una participaci\u00f3n destacada, articulando los esfuerzos t\u00e9cnicos y de cooperaci\u00f3n internacional en representaci\u00f3n del pa\u00eds, y consolidando su rol como punto focal en esta iniciativa regional.<\/p>\n\n\n\n<p>El CMAR es una alianza voluntaria entre Ecuador, Costa Rica, Panam\u00e1 y Colombia, orientada a la conservaci\u00f3n y uso sostenible de la biodiversidad marina en el Pac\u00edfico Oriental Tropical. En esta regi\u00f3n, Colombia aporta \u00e1reas marinas protegidas clave como el Santuario de Fauna y Flora Malpelo, el Parque Nacional Natural Gorgona y los Distritos Nacionales de Manejo Integrado Yurupar\u00ed-Malpelo y Colinas y Lomas Submarinas de la Cuenca del Pac\u00edfico Norte.<\/p>\n\n\n\n<figure class=\"wp-block-image\"><img data-recalc-dims=\"1\" decoding=\"async\" src=\"https:\/\/i0.wp.com\/www.parquesnacionales.gov.co\/wp-content\/uploads\/2025\/04\/WhatsApp-Image-2025-04-30-at-11.24.31-AM.jpeg?w=640&#038;ssl=1\" alt=\"\"\/><\/figure>\n\n\n\n<p>Durante toda la semana, el equipo t\u00e9cnico y de cooperaci\u00f3n internacional de Parques Nacionales Naturales particip\u00f3 activamente en espacios estrat\u00e9gicos para el fortalecimiento de la gobernanza regional y el intercambio de conocimientos. Del 21 al 23 de abril, el director general, Luisz Olmedo Mart\u00ednez Zamora, lider\u00f3 la delegaci\u00f3n nacional en las sesiones del Comit\u00e9 T\u00e9cnico Regional, donde se avanz\u00f3 en la actualizaci\u00f3n del reglamento, la consolidaci\u00f3n de una estrategia de comunicaci\u00f3n, el plan de sostenibilidad financiera bajo el GEF 7, la preparaci\u00f3n para la UNOC 3 y el proceso para declarar el CMAR como Reserva de Biosfera.<\/p>\n\n\n\n<p>En su intervenci\u00f3n, el director Mart\u00ednez reiter\u00f3 que la conservaci\u00f3n debe ser el eje central de la agenda regional y destac\u00f3 la importancia de fortalecer a las instituciones responsables de la gesti\u00f3n de las \u00e1reas protegidas:<\/p>\n\n\n\n<blockquote class=\"wp-block-quote is-layout-flow wp-block-quote-is-layout-flow\">\n<p>\u201cLas \u00e1reas marinas deben dejar de verse solo hacia adentro, hacia sus pol\u00edgonos. Requieren una visi\u00f3n innovadora, donde la vida se expanda y se conecte. Para ello, es necesario consolidar desde la base a las entidades que las gestionan\u201d.<\/p>\n<\/blockquote>\n\n\n\n<figure class=\"wp-block-image\"><img data-recalc-dims=\"1\" decoding=\"async\" src=\"https:\/\/i0.wp.com\/www.parquesnacionales.gov.co\/wp-content\/uploads\/2025\/04\/WhatsApp-Image-2025-04-30-at-11.24.30-AM.jpeg?w=640&#038;ssl=1\" alt=\"\"\/><\/figure>\n\n\n\n<p>Uno de los espacios clave de la semana fue el intercambio regional sobre Monitoreo, Control y Vigilancia (MCV), realizado del 22 al 24 de abril, donde participaron guardaparques colombianos. All\u00ed, Parques Nacionales Naturales comparti\u00f3 su experiencia con la Circular Externa Conjunta (CEC) como una herramienta efectiva para enfrentar la pesca ilegal, no declarada y no reglamentada (INDNR), destac\u00e1ndose como un caso de \u00e9xito de articulaci\u00f3n institucional y fortalecimiento operativo con resultados tangibles para la regi\u00f3n.<\/p>\n\n\n\n<p>Adicionalmente, en el marco del simposio del Bezos Earth Fund, realizado el 23 de abril, Parques Nacionales present\u00f3 dos iniciativas emblem\u00e1ticas en gesti\u00f3n del conocimiento: la implementaci\u00f3n de la Circular Externa Conjunta y la Expedici\u00f3n Pac\u00edfico Sostenible, ambas impulsadas con el apoyo del equipo de cooperaci\u00f3n internacional de la entidad. Estas iniciativas reflejan c\u00f3mo la articulaci\u00f3n interinstitucional y el fortalecimiento t\u00e9cnico permiten ampliar el impacto de la gesti\u00f3n en las \u00e1reas protegidas.<\/p>\n\n\n\n<p>El evento cont\u00f3 con la participaci\u00f3n de la Direcci\u00f3n General Mar\u00edtima (DIMAR) y la Comisi\u00f3n Colombiana del Oc\u00e9ano (CCO), entidades clave en la estrategia nacional para la protecci\u00f3n del Pac\u00edfico. Durante el simposio, la representante del Bezos Earth Fund, Patricia Le\u00f3n, expres\u00f3: \u201cEste es el mejor momento del d\u00eda: escuchar directamente a los guardaparques que, con amor y compromiso, cuidan la vida en nuestros oc\u00e9anos\u201d.<\/p>\n\n\n\n<figure class=\"wp-block-image\"><img data-recalc-dims=\"1\" decoding=\"async\" src=\"https:\/\/i0.wp.com\/www.parquesnacionales.gov.co\/wp-content\/uploads\/2025\/04\/WhatsApp-Image-2025-04-30-at-11.24.31-AM-2.jpeg?w=640&#038;ssl=1\" alt=\"\"\/><\/figure>\n\n\n\n<p>Durante el 25 de abril, se llev\u00f3 a cabo la sesi\u00f3n del Comit\u00e9 Ministerial del CMAR, donde Parques Nacionales Naturales y el Ministerio de Ambiente presentaron los avances en \u00e1reas clave como la Reserva de Biosfera, los proyectos ejecutados por la Fundaci\u00f3n Pac\u00edfico y la estrategia de comunicaci\u00f3n del CMAR. Ese mismo d\u00eda, Colombia recibi\u00f3 oficialmente la Presidencia del CMAR de manos del ministro de Ambiente de Panam\u00e1, Juan Carlos Navarro, en cabeza de la ministra de Ambiente de Colombia, Lena Yanina Estrada Asito, quien destac\u00f3 la importancia de promover la internacionalizaci\u00f3n del Corredor Marino, con \u00e9nfasis en los compromisos internacionales ambientales, y agradeci\u00f3 la labor de los guardaparques en la conservaci\u00f3n de los oc\u00e9anos y ecosistemas regionales.<\/p>\n\n\n\n<p>La participaci\u00f3n activa de Parques Nacionales Naturales de Colombia en todos estos espacios reafirma su compromiso con la protecci\u00f3n marina regional y su capacidad para liderar procesos de cooperaci\u00f3n internacional, gesti\u00f3n del conocimiento y conservaci\u00f3n efectiva en el Corredor Marino del Pac\u00edfico Este Tropical.<\/p>\n\n\n\n<p><\/p>\n\n\n\n<p>parquesnacionales.gov.co<\/p>\n","protected":false},"excerpt":{"rendered":"<p>Ciudad de Panam\u00e1&nbsp;\u2013&nbsp;Durante la semana del traspaso oficial de la Presidencia del Corredor Marino del Pac\u00edfico Este Tropical (CMAR) a Colombia, Parques Nacionales Naturales tuvo una participaci\u00f3n destacada, articulando los esfuerzos t\u00e9cnicos y de cooperaci\u00f3n internacional en representaci\u00f3n del pa\u00eds, y consolidando su rol como punto focal en esta iniciativa regional. El CMAR es una [&hellip;]<\/p>\n","protected":false},"author":1,"featured_media":185221,"comment_status":"closed","ping_status":"closed","sticky":false,"template":"","format":"standard","meta":{"_acf_changed":false,"_jetpack_memberships_contains_paid_content":false,"footnotes":"","jetpack_publicize_message":"","jetpack_publicize_feature_enabled":true,"jetpack_social_post_already_shared":true,"jetpack_social_options":{"image_generator_settings":{"template":"highway","default_image_id":0,"font":"","enabled":false},"version":2}},"categories":[6],"tags":[],"class_list":["post-185220","post","type-post","status-publish","format-standard","has-post-thumbnail","hentry","category-ecologia"],"acf":[],"jetpack_publicize_connections":[],"jetpack_featured_media_url":"https:\/\/i0.wp.com\/sportseco.com\/wp-content\/uploads\/2025\/04\/WhatsApp-Image-2025-04-30-at-11.24.32-AM-e1746037136525.jpeg?fit=1280%2C642&ssl=1","jetpack_sharing_enabled":true,"_links":{"self":[{"href":"https:\/\/sportseco.com\/index.php?rest_route=\/wp\/v2\/posts\/185220","targetHints":{"allow":["GET"]}}],"collection":[{"href":"https:\/\/sportseco.com\/index.php?rest_route=\/wp\/v2\/posts"}],"about":[{"href":"https:\/\/sportseco.com\/index.php?rest_route=\/wp\/v2\/types\/post"}],"author":[{"embeddable":true,"href":"https:\/\/sportseco.com\/index.php?rest_route=\/wp\/v2\/users\/1"}],"replies":[{"embeddable":true,"href":"https:\/\/sportseco.com\/index.php?rest_route=%2Fwp%2Fv2%2Fcomments&post=185220"}],"version-history":[{"count":1,"href":"https:\/\/sportseco.com\/index.php?rest_route=\/wp\/v2\/posts\/185220\/revisions"}],"predecessor-version":[{"id":185222,"href":"https:\/\/sportseco.com\/index.php?rest_route=\/wp\/v2\/posts\/185220\/revisions\/185222"}],"wp:featuredmedia":[{"embeddable":true,"href":"https:\/\/sportseco.com\/index.php?rest_route=\/wp\/v2\/media\/185221"}],"wp:attachment":[{"href":"https:\/\/sportseco.com\/index.php?rest_route=%2Fwp%2Fv2%2Fmedia&parent=185220"}],"wp:term":[{"taxonomy":"category","embeddable":true,"href":"https:\/\/sportseco.com\/index.php?rest_route=%2Fwp%2Fv2%2Fcategories&post=185220"},{"taxonomy":"post_tag","embeddable":true,"href":"https:\/\/sportseco.com\/index.php?rest_route=%2Fwp%2Fv2%2Ftags&post=185220"}],"curies":[{"name":"wp","href":"https:\/\/api.w.org\/{rel}","templated":true}]}}