{"id":185625,"date":"2025-05-08T09:10:35","date_gmt":"2025-05-08T13:10:35","guid":{"rendered":"https:\/\/sportseco.com\/?p=185625"},"modified":"2025-05-08T09:10:38","modified_gmt":"2025-05-08T13:10:38","slug":"jornadas-de-recuerdo-y-reconciliacion-en-honor-de-quienes-perdieron-la-vida-en-la-segunda-guerra-mundial","status":"publish","type":"post","link":"https:\/\/sportseco.com\/?p=185625","title":{"rendered":"Jornadas de Recuerdo y Reconciliaci\u00f3n en Honor de Quienes Perdieron la Vida en la Segunda Guerra Mundial"},"content":{"rendered":"\n<p>Los d\u00edas 8 y 9 de mayo se celebran las&nbsp;<strong>Jornadas de Recuerdo y Reconciliaci\u00f3n en Honor de Quienes Perdieron la Vida en la Segunda Guerra Mundial<\/strong>, una conmemoraci\u00f3n establecida por la Asamblea General de las Naciones Unidas en 2010, coincidiendo con el 65.\u00ba aniversario del fin del conflicto. M\u00e1s que una efem\u00e9ride, es un llamamiento a la memoria colectiva y a la construcci\u00f3n de un futuro en paz.<\/p>\n\n\n\n<h2 class=\"wp-block-heading\">\u00bfPor qu\u00e9 se celebra en estas fechas?<\/h2>\n\n\n\n<p>La elecci\u00f3n del 8 y 9 de mayo no es casual. El 8 de mayo de 1945, la Alemania nazi firm\u00f3 su rendici\u00f3n incondicional, marcando el fin de la guerra en Europa. Sin embargo, debido a las diferencias horarias, en Mosc\u00fa ya era 9 de mayo, fecha que se convirti\u00f3 en el D\u00eda de la Victoria en Rusia y otras naciones de Europa del Este. Esta dualidad refleja las diversas perspectivas y experiencias de los pa\u00edses involucrados en el conflicto.<\/p>\n\n\n\n<p>La Segunda Guerra Mundial fue el conflicto m\u00e1s devastador de la historia moderna, con un saldo de aproximadamente 60 millones de muertos, entre civiles y militares. Las Naciones Unidas, surgidas tras la guerra, establecieron estas jornadas para rendir homenaje a todas las v\u00edctimas y promover la reconciliaci\u00f3n entre las naciones. La resoluci\u00f3n 64\/257 de la Asamblea General invita a los Estados miembros, organizaciones y ciudadanos a conmemorar estos d\u00edas de manera apropiada.<\/p>\n\n\n\n<h2 class=\"wp-block-heading\">Celebraciones y actividades en distintas partes del mundo<\/h2>\n\n\n\n<p>Las conmemoraciones var\u00edan seg\u00fan los pa\u00edses y las culturas. En Francia, el 8 de mayo es festivo nacional, conocido como \u00abD\u00eda de la Victoria\u00bb. En Rusia, el 9 de mayo se celebra con desfiles militares y la marcha del \u00abRegimiento Inmortal\u00bb, donde los ciudadanos portan retratos de familiares que participaron en la guerra. En 2018, esta marcha reuni\u00f3 a m\u00e1s de 10 millones de personas en toda Rusia.<\/p>\n\n\n\n<p>En otros lugares, las actividades incluyen ceremonias, exposiciones, proyecciones de pel\u00edculas y conciertos. Por ejemplo, en 2010, la Asamblea General de la ONU organiz\u00f3 una sesi\u00f3n solemne y proyect\u00f3 la pel\u00edcula \u00abLa balada del soldado\u00bb, una obra rusa que retrata los efectos de la guerra.<\/p>\n\n\n\n<p>En un mundo donde los conflictos y las tensiones persisten, recordar el pasado es esencial para evitar repetir los mismos errores. Las Jornadas de Recuerdo y Reconciliaci\u00f3n nos ofrecen una oportunidad para honrar a quienes sufrieron y para comprometernos con un futuro m\u00e1s justo y pac\u00edfico.<\/p>\n\n\n\n<p><\/p>\n\n\n\n<p>diainternacionalde.com<\/p>\n","protected":false},"excerpt":{"rendered":"<p>Los d\u00edas 8 y 9 de mayo se celebran las&nbsp;Jornadas de Recuerdo y Reconciliaci\u00f3n en Honor de Quienes Perdieron la Vida en la Segunda Guerra Mundial, una conmemoraci\u00f3n establecida por la Asamblea General de las Naciones Unidas en 2010, coincidiendo con el 65.\u00ba aniversario del fin del conflicto. M\u00e1s que una efem\u00e9ride, es un llamamiento [&hellip;]<\/p>\n","protected":false},"author":1,"featured_media":185626,"comment_status":"closed","ping_status":"closed","sticky":false,"template":"","format":"standard","meta":{"_acf_changed":false,"_jetpack_memberships_contains_paid_content":false,"footnotes":"","jetpack_publicize_message":"","jetpack_publicize_feature_enabled":true,"jetpack_social_post_already_shared":true,"jetpack_social_options":{"image_generator_settings":{"template":"highway","default_image_id":0,"font":"","enabled":false},"version":2}},"categories":[1],"tags":[],"class_list":["post-185625","post","type-post","status-publish","format-standard","has-post-thumbnail","hentry","category-uncategorized"],"acf":[],"jetpack_publicize_connections":[],"jetpack_featured_media_url":"https:\/\/i0.wp.com\/sportseco.com\/wp-content\/uploads\/2025\/05\/05-08_jornadas-recuerdo-segunda-guerra-mundial.jpg?fit=305%2C171&ssl=1","jetpack_sharing_enabled":true,"_links":{"self":[{"href":"https:\/\/sportseco.com\/index.php?rest_route=\/wp\/v2\/posts\/185625","targetHints":{"allow":["GET"]}}],"collection":[{"href":"https:\/\/sportseco.com\/index.php?rest_route=\/wp\/v2\/posts"}],"about":[{"href":"https:\/\/sportseco.com\/index.php?rest_route=\/wp\/v2\/types\/post"}],"author":[{"embeddable":true,"href":"https:\/\/sportseco.com\/index.php?rest_route=\/wp\/v2\/users\/1"}],"replies":[{"embeddable":true,"href":"https:\/\/sportseco.com\/index.php?rest_route=%2Fwp%2Fv2%2Fcomments&post=185625"}],"version-history":[{"count":1,"href":"https:\/\/sportseco.com\/index.php?rest_route=\/wp\/v2\/posts\/185625\/revisions"}],"predecessor-version":[{"id":185627,"href":"https:\/\/sportseco.com\/index.php?rest_route=\/wp\/v2\/posts\/185625\/revisions\/185627"}],"wp:featuredmedia":[{"embeddable":true,"href":"https:\/\/sportseco.com\/index.php?rest_route=\/wp\/v2\/media\/185626"}],"wp:attachment":[{"href":"https:\/\/sportseco.com\/index.php?rest_route=%2Fwp%2Fv2%2Fmedia&parent=185625"}],"wp:term":[{"taxonomy":"category","embeddable":true,"href":"https:\/\/sportseco.com\/index.php?rest_route=%2Fwp%2Fv2%2Fcategories&post=185625"},{"taxonomy":"post_tag","embeddable":true,"href":"https:\/\/sportseco.com\/index.php?rest_route=%2Fwp%2Fv2%2Ftags&post=185625"}],"curies":[{"name":"wp","href":"https:\/\/api.w.org\/{rel}","templated":true}]}}