{"id":185655,"date":"2025-05-09T09:08:46","date_gmt":"2025-05-09T13:08:46","guid":{"rendered":"https:\/\/sportseco.com\/?p=185655"},"modified":"2025-05-09T09:08:51","modified_gmt":"2025-05-09T13:08:51","slug":"dia-de-europa-9-de-mayo","status":"publish","type":"post","link":"https:\/\/sportseco.com\/?p=185655","title":{"rendered":"D\u00eda de Europa, 9 de mayo"},"content":{"rendered":"\n<p><strong>El D\u00eda de Europa se celebra el 9 de mayo,&nbsp;<\/strong>una fecha creada con el fin de recordar lo que en su momento se denomin\u00f3 la&nbsp;<strong>Declaraci\u00f3n Schuman&nbsp;<\/strong>y lo que m\u00e1s tarde sembrar\u00eda la semilla de la primera Uni\u00f3n Europea.<\/p>\n\n\n\n<figure class=\"wp-block-embed is-type-rich is-provider-gestor-del-servicio wp-block-embed-gestor-del-servicio wp-embed-aspect-16-9 wp-has-aspect-ratio\"><div class=\"wp-block-embed__wrapper\">\n<iframe loading=\"lazy\" title=\"D\u00eda de Europa\" width=\"640\" height=\"360\" src=\"https:\/\/www.youtube.com\/embed\/wx_P8_-9b8U?feature=oembed\" frameborder=\"0\" allow=\"accelerometer; autoplay; clipboard-write; encrypted-media; gyroscope; picture-in-picture; web-share\" referrerpolicy=\"strict-origin-when-cross-origin\" allowfullscreen><\/iframe>\n<\/div><\/figure>\n\n\n\n<h2 class=\"wp-block-heading\" id=\"resTit_2\">\u00bfQu\u00e9 es la Declaraci\u00f3n Schuman?<\/h2>\n\n\n\n<p><strong>La Declaraci\u00f3n Schuman<\/strong>&nbsp;es el nombre que recibe el discurso dado por el franc\u00e9s&nbsp;<em><strong>Robert Schuman<\/strong><\/em>&nbsp;el 9 de mayo del a\u00f1o 1950 qui\u00e9n propuso la creaci\u00f3n de una Europa unida con el fin de lograr la paz mundial.<\/p>\n\n\n\n<p>A partir de ese momento hist\u00f3rico, la Comisi\u00f3n Europea, concibe esta idea como una realidad a trav\u00e9s de la cual naciera una administraci\u00f3n conjunta que beneficiara a todos los pa\u00edses de este continente.<\/p>\n\n\n\n<p><\/p>\n\n\n\n<p>De all\u00ed nace lo que hoy se conoce como la&nbsp;<strong>Uni\u00f3n Europea<\/strong>&nbsp;y a partir del a\u00f1o 1985 se declara el 9 de mayo como el&nbsp;<strong>D\u00eda de Europa<\/strong>.<\/p>\n\n\n\n<h2 class=\"wp-block-heading\" id=\"resTit_3\">Rese\u00f1a hist\u00f3rica del D\u00eda de Europa<\/h2>\n\n\n\n<figure class=\"wp-block-image\"><img data-recalc-dims=\"1\" decoding=\"async\" src=\"https:\/\/i0.wp.com\/www.diainternacionalde.com\/imagenes\/dias\/mayo\/05-09_dia-de-europa_parlamento-europeo_s.jpg?w=640&#038;ssl=1\" alt=\"Parlamento Europeo\" title=\"Parlamento Europeo\"\/><figcaption class=\"wp-element-caption\">Parlamento Europeo<\/figcaption><\/figure>\n\n\n\n<p>En el&nbsp;<strong>D\u00eda de Europa<\/strong>, los pa\u00edses integrantes realizan diversos eventos y actividades para conmemorar esta fecha tan emblem\u00e1tica.<\/p>\n\n\n\n<p>Sin embargo, el verdadero m\u00e9rito lo tiene&nbsp;<strong>Robert Schuman<\/strong>. Gracias a su Declaraci\u00f3n, se alcanzaron algunos logros importantes como la&nbsp;<strong>modernizaci\u00f3n del carb\u00f3n y el acero<\/strong>, as\u00ed como la distribuci\u00f3n equitativa de estos productos entre todos los pa\u00edses que los necesitasen.<\/p>\n\n\n\n<p>Por otro lado, el acuerdo planteaba una mejora de la calidad y condiciones de vida de los empleados en esta industria. Una idea que cont\u00f3 con el benepl\u00e1cito de la mayor\u00eda de los pa\u00edses aliados como fueron Italia, Alemania, B\u00e9lgica, Francia, entre otros.<\/p>\n\n\n\n<p>El&nbsp;<strong>D\u00eda de Europa&nbsp;<\/strong>no est\u00e1 considerada como una fecha festiva ya que los trabajadores asisten a sus jornadas laborales como otro d\u00eda m\u00e1s, a diferencia de aquellas que si son consideradas verdaderas fiestas de car\u00e1cter nacional.<\/p>\n\n\n\n<h2 class=\"wp-block-heading\" id=\"resTit_4\">\u00bfC\u00f3mo celebrar el D\u00eda de Europa?<\/h2>\n\n\n\n<p>Todos los a\u00f1os se realizan numerosos eventos y actividades para celebrar el&nbsp;<strong>D\u00eda de Europa<\/strong>, con la participaci\u00f3n de los pa\u00edses que forman parte de la Uni\u00f3n Europea.&nbsp;<a href=\"https:\/\/europeday.europa.eu\/index_es\" target=\"_blank\" rel=\"noreferrer noopener\"><strong>Puedes consultar en la web de la Uni\u00f3n Europea las distintas actividades previstas para 2025.<\/strong><\/a><\/p>\n\n\n\n<p><\/p>\n\n\n\n<p><\/p>\n\n\n\n<p>diainternacionalde.com<\/p>\n","protected":false},"excerpt":{"rendered":"<p>El D\u00eda de Europa se celebra el 9 de mayo,&nbsp;una fecha creada con el fin de recordar lo que en su momento se denomin\u00f3 la&nbsp;Declaraci\u00f3n Schuman&nbsp;y lo que m\u00e1s tarde sembrar\u00eda la semilla de la primera Uni\u00f3n Europea. \u00bfQu\u00e9 es la Declaraci\u00f3n Schuman? La Declaraci\u00f3n Schuman&nbsp;es el nombre que recibe el discurso dado por el [&hellip;]<\/p>\n","protected":false},"author":1,"featured_media":185657,"comment_status":"closed","ping_status":"closed","sticky":false,"template":"","format":"standard","meta":{"_acf_changed":false,"_jetpack_memberships_contains_paid_content":false,"footnotes":"","jetpack_publicize_message":"","jetpack_publicize_feature_enabled":true,"jetpack_social_post_already_shared":true,"jetpack_social_options":{"image_generator_settings":{"template":"highway","default_image_id":0,"font":"","enabled":false},"version":2}},"categories":[6],"tags":[],"class_list":["post-185655","post","type-post","status-publish","format-standard","has-post-thumbnail","hentry","category-ecologia"],"acf":[],"jetpack_publicize_connections":[],"jetpack_featured_media_url":"https:\/\/i0.wp.com\/sportseco.com\/wp-content\/uploads\/2025\/05\/05-09_dia-de-europa_parlamento-europeo_m.jpg?fit=650%2C383&ssl=1","jetpack_sharing_enabled":true,"_links":{"self":[{"href":"https:\/\/sportseco.com\/index.php?rest_route=\/wp\/v2\/posts\/185655","targetHints":{"allow":["GET"]}}],"collection":[{"href":"https:\/\/sportseco.com\/index.php?rest_route=\/wp\/v2\/posts"}],"about":[{"href":"https:\/\/sportseco.com\/index.php?rest_route=\/wp\/v2\/types\/post"}],"author":[{"embeddable":true,"href":"https:\/\/sportseco.com\/index.php?rest_route=\/wp\/v2\/users\/1"}],"replies":[{"embeddable":true,"href":"https:\/\/sportseco.com\/index.php?rest_route=%2Fwp%2Fv2%2Fcomments&post=185655"}],"version-history":[{"count":1,"href":"https:\/\/sportseco.com\/index.php?rest_route=\/wp\/v2\/posts\/185655\/revisions"}],"predecessor-version":[{"id":185658,"href":"https:\/\/sportseco.com\/index.php?rest_route=\/wp\/v2\/posts\/185655\/revisions\/185658"}],"wp:featuredmedia":[{"embeddable":true,"href":"https:\/\/sportseco.com\/index.php?rest_route=\/wp\/v2\/media\/185657"}],"wp:attachment":[{"href":"https:\/\/sportseco.com\/index.php?rest_route=%2Fwp%2Fv2%2Fmedia&parent=185655"}],"wp:term":[{"taxonomy":"category","embeddable":true,"href":"https:\/\/sportseco.com\/index.php?rest_route=%2Fwp%2Fv2%2Fcategories&post=185655"},{"taxonomy":"post_tag","embeddable":true,"href":"https:\/\/sportseco.com\/index.php?rest_route=%2Fwp%2Fv2%2Ftags&post=185655"}],"curies":[{"name":"wp","href":"https:\/\/api.w.org\/{rel}","templated":true}]}}