{"id":186939,"date":"2025-05-31T20:01:01","date_gmt":"2025-06-01T00:01:01","guid":{"rendered":"https:\/\/sportseco.com\/?p=186939"},"modified":"2025-05-31T20:01:05","modified_gmt":"2025-06-01T00:01:05","slug":"simon-yates-asalta-el-liderato-del-giro-de-italia-en-sestriere-donde-gana-chris-harper","status":"publish","type":"post","link":"https:\/\/sportseco.com\/?p=186939","title":{"rendered":"Simon Yates asalta el liderato del Giro de Italia en Sestriere, donde gana Chris Harper"},"content":{"rendered":"\n<p>El ciclista brit\u00e1nico Simon Yates (Visma-Lease a Bike) realiz\u00f3 una haza\u00f1a hist\u00f3rica en el Giro de Italia logrando la &#8216;maglia&#8217; rosa en el \u00faltimo d\u00eda de competici\u00f3n real, la v\u00edspera de la llegada a Roma, con un ataque en Le Finestre, a 50 kil\u00f3metros de meta, que destruy\u00f3 las ilusiones del mexicano&nbsp;<a href=\"https:\/\/www.esciclismo.com\/ciclistas\/isaac-del-toro\/\"><u>Isaac del Toro<\/u><\/a>&nbsp;y del ecuatoriano&nbsp;<a href=\"https:\/\/www.esciclismo.com\/ciclistas\/richard-carapaz\/\"><u>Richard Carapaz<\/u><\/a>, en principio los llamados a la c\u00faspide del podio.<\/p>\n\n\n\n<p>Dos h\u00e9roes en el \u00faltimo cap\u00edtulo de monta\u00f1a. La etapa se la llev\u00f3, con otra galopada similar, el australiano Chris Harper (Jayco-AlUla), en solitario, con 1 minuto y 49 segundos sobre el italiano Alessandro Verre y 1 minuto y 57 segundos respecto a Simon Yates, el h\u00e9roe del d\u00eda y del Giro.<\/p>\n\n\n\n<p>All\u00e1 donde Yates (Bury, 32 a\u00f1os) sufri\u00f3 el mayor golpe de su vida deportiva en 2018 perdiendo el Giro ante Froome cuando ten\u00eda m\u00e1s de 3 minutos de ventaja, ahora encontr\u00f3 la gloria m\u00e1s inesperada, m\u00e1s heroica y sorprendente. Atacando a 50 km de meta, en pleno muro de Le Finestre, el ganador de la Vuelta a Espa\u00f1a 2018 fue abriendo diferencias y resistiendo al d\u00fao Del Toro-Carapaz hasta acabar con ambos.<\/p>\n\n\n\n<p>El golpe de Yates fue may\u00fasculo. Sac\u00f3 a sus rivales m\u00e1s de 5 minutos en la cima de Sestriere, sentenciando la general. Este domingo se llevar\u00e1 la maglia rosa por delante de Del Toro, a 3 minutos y 56 segundos, y de Carapaz, a 4 minutos y 43 segundos, componentes del podio. En el top 10 terminar\u00e1n los colombianos Egan Bernal, s\u00e9ptimo a 12 minutos y 42 segundos, y Einer Rubio octavo a 13 minutos y 7 segundos.<\/p>\n\n\n\n<figure class=\"wp-block-image\"><img data-recalc-dims=\"1\" decoding=\"async\" src=\"https:\/\/i0.wp.com\/www.esciclismo.com\/actualidad\/imagenes\/b\/chris-harper-giro-italia-et20-2025-rcs-tw.jpg?w=640&#038;ssl=1\" alt=\"Chris Harper\" title=\"Chris Harper\"\/><\/figure>\n\n\n\n<h2 class=\"wp-block-heading\">No falta la numerosa escapada, todo pendiente de La Finestre<\/h2>\n\n\n\n<p>Etapa con apellido propio, el d\u00eda de Le Finestre comenz\u00f3 en Verr\u00e9s, en el coraz\u00f3n del Valle de Aosta, para el examen definitivo por la maglia rosa. Esperaban cuatro puertos y 4.500 metros de desnivel. Jornada del todo o nada. A la cita se lanz\u00f3 el pelot\u00f3n con energ\u00eda, con la cl\u00e1sica escapada que no suele ir a ning\u00fan sitio.<\/p>\n\n\n\n<p>M\u00e1s de 30 corredores se destacaron. Los de siempre, Pello Bilbao, Van Aert, Pedersen&#8230;, el grupo no se inmut\u00f3 para reducir la intentona. Los favoritos juntos, guardando fuerzas para escalar la Cima Coppi. Iba lanzada la etapa: 49 km en la primera hora.<\/p>\n\n\n\n<p>La expedici\u00f3n pas\u00f3 las dos primeras dificultades, el Corio (4\u00aa Cat. con 6,5 km al 3,7%) y la Colle del Lys (2\u00aa Cat. con 13,7 km al 4,2%) con una diferencia estabilizada en torno a los 8 minutos sobre el gran grupo, dirigido por el EF Education de Richard Carapaz. A\u00fan 87 km para meta. Un mundo por delante.<\/p>\n\n\n\n<p>El exceso de celo del EF provoc\u00f3 un gran susto en el descenso del puerto. El corredor que dirig\u00eda el \u00abtreno\u00bb del equipo se sali\u00f3 en una curva llevando a rueda a todos los dem\u00e1s. Frenazo a tiempo a un paso del barranco, par\u00f3n y vuelta al grupo. Se palpaba la tensi\u00f3n.<\/p>\n\n\n\n<p>Nada m\u00e1s pasar el esprint intermedio de la Chiusa di San Michele la carretera ya iba apuntando en subida, a 30 km de la base de Le Finestre. En el tr\u00e1nsito, la diferencia se ampli\u00f3 a los 10 minutos.<\/p>\n\n\n\n<h2 class=\"wp-block-heading\">Rebeli\u00f3n de Yates en Le Finestre; Carapaz y Del Toro hundidos<\/h2>\n\n\n\n<p>A 45 km de meta se abri\u00f3 el escenario m\u00e1s esperado del Giro, el Colle de la Finestre, un coloso de categor\u00eda especial para decidir la maglia rosa. Cruel subida de 18,4 km al 9,2 por ciento, con tramos del 14, y los \u00faltimos 8 km de pista de grava para honrar la Cima Coppi, el techo de la \u00abcorsa\u00bb, a 2.178 metros de altitud.<\/p>\n\n\n\n<p>De inicio atac\u00f3 Carapaz, le sigui\u00f3 Del Toro y enseguida se uni\u00f3 Simon Yates, el brit\u00e1nico con ganas de fiesta, ambicioso y ofensivo, renaciendo donde perdi\u00f3 el Giro 2018 ante Chris Froome. El l\u00edder del Visma atac\u00f3 de lejos y nadie le pudo seguir. Descolg\u00f3 a sus rivales y, subiendo con poder\u00edo, empez\u00f3 a poner el Giro patas arriba.<\/p>\n\n\n\n<p>Yates ascendi\u00f3 en solitario, lejos a\u00fan del australiano Chris Harper, que abr\u00eda carrera desde la fuga. El brit\u00e1nico, ganador de la Vuelta a Espa\u00f1a 2018, fue un coloso en las carreteras estrechas de Le Finestre, tambi\u00e9n en el \u00absterrato\u00bb, y coron\u00f3 el puerto a 4.43 minutos del ciclista \u00abaussie\u00bb.<\/p>\n\n\n\n<p>En la cima Yates aventajaba en 1.43 al d\u00fao Carapaz-Del Toro, mientras que el canadiense Derek Gee, cuarto en la general, cruzaba a casi 3 minutos. La jornada ol\u00eda a nueva haza\u00f1a, pero restaba la subida a Sestriere, \u00faltimo escollo del Giro.<\/p>\n\n\n\n<h2 class=\"wp-block-heading\">Van Aert lanza a Yates, que vuela en Sestriere hacia la maglia rosa<\/h2>\n\n\n\n<p>El descenso oblig\u00f3 a tomar riesgos. Yates se ven\u00eda arriba en compa\u00f1\u00eda de Wout van Aert, pieza clave que se uni\u00f3 desde la escapada. Sub\u00eda la diferencia a 2.07 sobre la maglia rosa, que se jugaba el chasis en cada curva. El Giro estaba en juego y nadie pod\u00eda esconder ya nada. Pero lleg\u00f3 la resignaci\u00f3n, el conformismo, Yates volaba hacia el estrellato, Del Toro y Carapaz se miraban, resignados a su suerte.<\/p>\n\n\n\n<p>Despu\u00e9s del regalo de Van Aert hasta Sestriere, Simon Yates ya ten\u00eda m\u00e1s de 5 minutos sobre el grupo de la maglia rosa y se iba proclamando pedalada a pedalada virtual vencedor del Giro, 7 a\u00f1os despu\u00e9s de su frustraci\u00f3n ante Froome.<\/p>\n\n\n\n<p>Implacable Yates en el ascenso del \u00faltimo puerto del Giro, donde Harper ten\u00eda asegurado el triunfo de etapa a 4 km de la cima con 2 minutos sobre el italiano Verre, \u00fanico perseguidor de la fuga inicial. Se concret\u00f3 una haza\u00f1a para recordar del ciclista brit\u00e1nico que encontr\u00f3 la gloria donde se dej\u00f3 las ilusiones hace 7 a\u00f1os. La paradoja, el destino, sonri\u00f3 al virtual ganador del Giro 2025.<\/p>\n\n\n\n<p>Este domingo concluye la carrera con la disputa de la vig\u00e9sima primera etapa, que se disputar\u00e1 con salida y meta en Roma, de 143 km.<\/p>\n\n\n\n<p><\/p>\n\n\n\n<p>esciclismo.com<\/p>\n","protected":false},"excerpt":{"rendered":"<p>El ciclista brit\u00e1nico Simon Yates (Visma-Lease a Bike) realiz\u00f3 una haza\u00f1a hist\u00f3rica en el Giro de Italia logrando la &#8216;maglia&#8217; rosa en el \u00faltimo d\u00eda de competici\u00f3n real, la v\u00edspera de la llegada a Roma, con un ataque en Le Finestre, a 50 kil\u00f3metros de meta, que destruy\u00f3 las ilusiones del mexicano&nbsp;Isaac del Toro&nbsp;y del [&hellip;]<\/p>\n","protected":false},"author":1,"featured_media":186940,"comment_status":"closed","ping_status":"closed","sticky":false,"template":"","format":"standard","meta":{"_acf_changed":false,"_jetpack_memberships_contains_paid_content":false,"footnotes":"","jetpack_publicize_message":"","jetpack_publicize_feature_enabled":true,"jetpack_social_post_already_shared":true,"jetpack_social_options":{"image_generator_settings":{"template":"highway","default_image_id":0,"font":"","enabled":false},"version":2}},"categories":[14],"tags":[],"class_list":["post-186939","post","type-post","status-publish","format-standard","has-post-thumbnail","hentry","category-ciclismo"],"acf":[],"jetpack_publicize_connections":[],"jetpack_featured_media_url":"https:\/\/i0.wp.com\/sportseco.com\/wp-content\/uploads\/2025\/05\/9026ecde3da034f92de73c7923f64f7ca3eb0909.jpg?fit=980%2C551&ssl=1","jetpack_sharing_enabled":true,"_links":{"self":[{"href":"https:\/\/sportseco.com\/index.php?rest_route=\/wp\/v2\/posts\/186939","targetHints":{"allow":["GET"]}}],"collection":[{"href":"https:\/\/sportseco.com\/index.php?rest_route=\/wp\/v2\/posts"}],"about":[{"href":"https:\/\/sportseco.com\/index.php?rest_route=\/wp\/v2\/types\/post"}],"author":[{"embeddable":true,"href":"https:\/\/sportseco.com\/index.php?rest_route=\/wp\/v2\/users\/1"}],"replies":[{"embeddable":true,"href":"https:\/\/sportseco.com\/index.php?rest_route=%2Fwp%2Fv2%2Fcomments&post=186939"}],"version-history":[{"count":1,"href":"https:\/\/sportseco.com\/index.php?rest_route=\/wp\/v2\/posts\/186939\/revisions"}],"predecessor-version":[{"id":186941,"href":"https:\/\/sportseco.com\/index.php?rest_route=\/wp\/v2\/posts\/186939\/revisions\/186941"}],"wp:featuredmedia":[{"embeddable":true,"href":"https:\/\/sportseco.com\/index.php?rest_route=\/wp\/v2\/media\/186940"}],"wp:attachment":[{"href":"https:\/\/sportseco.com\/index.php?rest_route=%2Fwp%2Fv2%2Fmedia&parent=186939"}],"wp:term":[{"taxonomy":"category","embeddable":true,"href":"https:\/\/sportseco.com\/index.php?rest_route=%2Fwp%2Fv2%2Fcategories&post=186939"},{"taxonomy":"post_tag","embeddable":true,"href":"https:\/\/sportseco.com\/index.php?rest_route=%2Fwp%2Fv2%2Ftags&post=186939"}],"curies":[{"name":"wp","href":"https:\/\/api.w.org\/{rel}","templated":true}]}}