{"id":186951,"date":"2025-05-31T20:37:10","date_gmt":"2025-06-01T00:37:10","guid":{"rendered":"https:\/\/sportseco.com\/?p=186951"},"modified":"2025-05-31T20:37:14","modified_gmt":"2025-06-01T00:37:14","slug":"bernal-se-situa-septimo-tras-una-valiente-carrera","status":"publish","type":"post","link":"https:\/\/sportseco.com\/?p=186951","title":{"rendered":"Bernal se sit\u00faa s\u00e9ptimo tras una valiente carrera"},"content":{"rendered":"\n<p>Egan Bernal llegar\u00e1 a Roma s\u00e9ptimo en la general del Giro de Italia tras una racha de victorias en la \u00faltima jornada de clasificaci\u00f3n general.<\/p>\n\n\n\n<p>El colombiano luch\u00f3 con ah\u00ednco para limitar sus p\u00e9rdidas en la infame subida a Finestre, marcando su propio ritmo tras una lluvia de ataques entre los aspirantes a la general.<\/p>\n\n\n\n<p>Tras esforzarse al m\u00e1ximo para ceder solo una posici\u00f3n camino a la meta en Sestriere, Bernal sellar\u00eda un brillante top 10 si cruza la meta sano y salvo el domingo. Este resultado significa que el ciclista del INEOS Grenadiers regresa a la lucha por la general en las Grandes Vueltas tras su accidente mortal hace poco m\u00e1s de tres a\u00f1os.<\/p>\n\n\n\n<p>La batalla por la maglia rosa de la carrera dio un giro radical en la \u00faltima jornada de la general, con Simon Yates (Visma | Lease a Bike) realizando un audaz ataque de larga distancia para ponerse en cabeza a 3:56. Recordando el mismo ataque de Chris Froome en 2018, Yates termin\u00f3 tercero en la etapa, con el miembro de la escapada Chris Harper (Jayco AlUla) llev\u00e1ndose la victoria.<\/p>\n\n\n\n<p>Kim Heiduk tambi\u00e9n estuvo presente en la maniobra, adelant\u00e1ndose antes de que el grupo finalmente aumentara a 32 ciclistas.<\/p>\n\n\n\n<p>Reacci\u00f3n<\/p>\n\n\n\n<p>Egan Bernal: \u201cEstaba bien, pero tambi\u00e9n era consciente de que el resto de los ciclistas eran bastante fuertes. Una vez en la subida a Finestre, marqu\u00e9 mi propio ritmo y lo mantuve hasta la meta.<\/p>\n\n\n\n<p>\u201cHa sido un Giro precioso y especial para m\u00ed. Ha sido bastante duro, pero lo he disfrutado mucho, tanto la carrera como el placer de montar en bicicleta. Incluso cuando me sent\u00eda vac\u00edo hoy, pensaba que quer\u00eda recordar cada pedalada. Independientemente de mi posici\u00f3n final en la clasificaci\u00f3n, poder luchar por la general ha sido un sue\u00f1o\u201d.<\/p>\n\n\n\n<p><\/p>\n\n\n\n<p>ineosgrenadiers.com<\/p>\n","protected":false},"excerpt":{"rendered":"<p>Egan Bernal llegar\u00e1 a Roma s\u00e9ptimo en la general del Giro de Italia tras una racha de victorias en la \u00faltima jornada de clasificaci\u00f3n general. El colombiano luch\u00f3 con ah\u00ednco para limitar sus p\u00e9rdidas en la infame subida a Finestre, marcando su propio ritmo tras una lluvia de ataques entre los aspirantes a la general. [&hellip;]<\/p>\n","protected":false},"author":1,"featured_media":186952,"comment_status":"closed","ping_status":"closed","sticky":false,"template":"","format":"standard","meta":{"_acf_changed":false,"_jetpack_memberships_contains_paid_content":false,"footnotes":"","jetpack_publicize_message":"","jetpack_publicize_feature_enabled":true,"jetpack_social_post_already_shared":true,"jetpack_social_options":{"image_generator_settings":{"template":"highway","default_image_id":0,"font":"","enabled":false},"version":2}},"categories":[14],"tags":[],"class_list":["post-186951","post","type-post","status-publish","format-standard","has-post-thumbnail","hentry","category-ciclismo"],"acf":[],"jetpack_publicize_connections":[],"jetpack_featured_media_url":"https:\/\/i0.wp.com\/sportseco.com\/wp-content\/uploads\/2025\/05\/girost20_bernalcarou.webp?fit=1920%2C1440&ssl=1","jetpack_sharing_enabled":true,"_links":{"self":[{"href":"https:\/\/sportseco.com\/index.php?rest_route=\/wp\/v2\/posts\/186951","targetHints":{"allow":["GET"]}}],"collection":[{"href":"https:\/\/sportseco.com\/index.php?rest_route=\/wp\/v2\/posts"}],"about":[{"href":"https:\/\/sportseco.com\/index.php?rest_route=\/wp\/v2\/types\/post"}],"author":[{"embeddable":true,"href":"https:\/\/sportseco.com\/index.php?rest_route=\/wp\/v2\/users\/1"}],"replies":[{"embeddable":true,"href":"https:\/\/sportseco.com\/index.php?rest_route=%2Fwp%2Fv2%2Fcomments&post=186951"}],"version-history":[{"count":1,"href":"https:\/\/sportseco.com\/index.php?rest_route=\/wp\/v2\/posts\/186951\/revisions"}],"predecessor-version":[{"id":186953,"href":"https:\/\/sportseco.com\/index.php?rest_route=\/wp\/v2\/posts\/186951\/revisions\/186953"}],"wp:featuredmedia":[{"embeddable":true,"href":"https:\/\/sportseco.com\/index.php?rest_route=\/wp\/v2\/media\/186952"}],"wp:attachment":[{"href":"https:\/\/sportseco.com\/index.php?rest_route=%2Fwp%2Fv2%2Fmedia&parent=186951"}],"wp:term":[{"taxonomy":"category","embeddable":true,"href":"https:\/\/sportseco.com\/index.php?rest_route=%2Fwp%2Fv2%2Fcategories&post=186951"},{"taxonomy":"post_tag","embeddable":true,"href":"https:\/\/sportseco.com\/index.php?rest_route=%2Fwp%2Fv2%2Ftags&post=186951"}],"curies":[{"name":"wp","href":"https:\/\/api.w.org\/{rel}","templated":true}]}}