{"id":187041,"date":"2025-06-02T08:55:41","date_gmt":"2025-06-02T12:55:41","guid":{"rendered":"https:\/\/sportseco.com\/?p=187041"},"modified":"2025-06-02T08:56:02","modified_gmt":"2025-06-02T12:56:02","slug":"en-casa-la-seleccion-colombia-suma-dos-jugadores-mas-a-la-concentracion-video","status":"publish","type":"post","link":"https:\/\/sportseco.com\/?p=187041","title":{"rendered":"\u00a1En casa! La Selecci\u00f3n Colombia suma dos jugadores m\u00e1s a la concentraci\u00f3n. Video"},"content":{"rendered":"\n<p>Los dirigidos por N\u00e9stor Lorenzo siguen acumulando d\u00edas de preparaci\u00f3n.\u00a0<strong>Ya en Barranquilla, a las filas de la Selecci\u00f3n Colombia Masculina se unieron,<\/strong>\u00a0el 1 de junio,\u00a0<strong>Luis D\u00edaz y Cristian Borja.<\/strong><\/p>\n\n\n\n<p>En&nbsp;<strong>la Sede Deportiva de la Federaci\u00f3n Colombia de F\u00fatbol, el entrenamiento comenz\u00f3 a las 6:00 de la tarde.<\/strong>&nbsp;El equipo realiz\u00f3 todo el trabajo del d\u00eda en campo, en donde hubo<strong>&nbsp;dos fases principales.<\/strong>&nbsp;La primera, una entrada en calor con<strong>&nbsp;din\u00e1micas de reacci\u00f3n y control.&nbsp;<\/strong>La segunda, enfocada en&nbsp;<strong>lo t\u00e1ctico.<\/strong><\/p>\n\n\n\n<p><strong>El lunes, la \u2018Sele\u2019 iniciar\u00e1 la jornada a las 5:00 de la tarde.<\/strong>\u00a0A continuaci\u00f3n usted podr\u00e1 ver el resumen del d\u00eda:<\/p>\n\n\n\n<figure class=\"wp-block-embed is-type-video is-provider-youtube wp-block-embed-youtube wp-embed-aspect-16-9 wp-has-aspect-ratio\"><div class=\"wp-block-embed__wrapper\">\n<iframe loading=\"lazy\" title=\"Entrenamiento | Selecci\u00f3n Colombia de Mayores desde Barranquilla\" width=\"640\" height=\"360\" src=\"https:\/\/www.youtube.com\/embed\/e4WkC7xyGk0?feature=oembed\" frameborder=\"0\" allow=\"accelerometer; autoplay; clipboard-write; encrypted-media; gyroscope; picture-in-picture; web-share\" referrerpolicy=\"strict-origin-when-cross-origin\" allowfullscreen><\/iframe>\n<\/div><\/figure>\n\n\n\n<p>fcf.com.co<\/p>\n","protected":false},"excerpt":{"rendered":"<p>Los dirigidos por N\u00e9stor Lorenzo siguen acumulando d\u00edas de preparaci\u00f3n.\u00a0Ya en Barranquilla, a las filas de la Selecci\u00f3n Colombia Masculina se unieron,\u00a0el 1 de junio,\u00a0Luis D\u00edaz y Cristian Borja. En&nbsp;la Sede Deportiva de la Federaci\u00f3n Colombia de F\u00fatbol, el entrenamiento comenz\u00f3 a las 6:00 de la tarde.&nbsp;El equipo realiz\u00f3 todo el trabajo del d\u00eda en [&hellip;]<\/p>\n","protected":false},"author":1,"featured_media":187042,"comment_status":"closed","ping_status":"closed","sticky":false,"template":"","format":"standard","meta":{"_acf_changed":false,"_jetpack_memberships_contains_paid_content":false,"footnotes":"","jetpack_publicize_message":"","jetpack_publicize_feature_enabled":true,"jetpack_social_post_already_shared":true,"jetpack_social_options":{"image_generator_settings":{"template":"highway","default_image_id":0,"font":"","enabled":false},"version":2}},"categories":[5],"tags":[],"class_list":["post-187041","post","type-post","status-publish","format-standard","has-post-thumbnail","hentry","category-futbol"],"acf":[],"jetpack_publicize_connections":[],"jetpack_featured_media_url":"https:\/\/i0.wp.com\/sportseco.com\/wp-content\/uploads\/2025\/06\/DSC06838.jpg?fit=1052%2C700&ssl=1","jetpack_sharing_enabled":true,"_links":{"self":[{"href":"https:\/\/sportseco.com\/index.php?rest_route=\/wp\/v2\/posts\/187041","targetHints":{"allow":["GET"]}}],"collection":[{"href":"https:\/\/sportseco.com\/index.php?rest_route=\/wp\/v2\/posts"}],"about":[{"href":"https:\/\/sportseco.com\/index.php?rest_route=\/wp\/v2\/types\/post"}],"author":[{"embeddable":true,"href":"https:\/\/sportseco.com\/index.php?rest_route=\/wp\/v2\/users\/1"}],"replies":[{"embeddable":true,"href":"https:\/\/sportseco.com\/index.php?rest_route=%2Fwp%2Fv2%2Fcomments&post=187041"}],"version-history":[{"count":2,"href":"https:\/\/sportseco.com\/index.php?rest_route=\/wp\/v2\/posts\/187041\/revisions"}],"predecessor-version":[{"id":187044,"href":"https:\/\/sportseco.com\/index.php?rest_route=\/wp\/v2\/posts\/187041\/revisions\/187044"}],"wp:featuredmedia":[{"embeddable":true,"href":"https:\/\/sportseco.com\/index.php?rest_route=\/wp\/v2\/media\/187042"}],"wp:attachment":[{"href":"https:\/\/sportseco.com\/index.php?rest_route=%2Fwp%2Fv2%2Fmedia&parent=187041"}],"wp:term":[{"taxonomy":"category","embeddable":true,"href":"https:\/\/sportseco.com\/index.php?rest_route=%2Fwp%2Fv2%2Fcategories&post=187041"},{"taxonomy":"post_tag","embeddable":true,"href":"https:\/\/sportseco.com\/index.php?rest_route=%2Fwp%2Fv2%2Ftags&post=187041"}],"curies":[{"name":"wp","href":"https:\/\/api.w.org\/{rel}","templated":true}]}}