{"id":187058,"date":"2025-06-02T10:51:33","date_gmt":"2025-06-02T14:51:33","guid":{"rendered":"https:\/\/sportseco.com\/?p=187058"},"modified":"2025-06-02T10:55:19","modified_gmt":"2025-06-02T14:55:19","slug":"respira-tayrona-2025-durante-15-dias-se-suspende-la-prestacion-de-servicios-ecoturisticos-en-el-parque-nacional-natural","status":"publish","type":"post","link":"https:\/\/sportseco.com\/?p=187058","title":{"rendered":"Respira Tayrona 2025, durante 15 d\u00edas se suspende la prestaci\u00f3n de servicios ecotur\u00edsticos en el Parque Nacional Natural"},"content":{"rendered":"\n<ul class=\"wp-block-list\">\n<li><em>El Parque Nacional Natural Tayrona cerrar\u00e1 del 1 al 15 de junio para permitir la restauraci\u00f3n ecol\u00f3gica, en colaboraci\u00f3n con los pueblos\u00a0 ind\u00edgenas de la Sierra Nevada, quienes realizan pr\u00e1cticas para\u00a0 conservar su territorio ancestral.<\/em><\/li>\n\n\n\n<li><em>Durante este cierre, los guardaparques implementar\u00e1n labores de recuperaci\u00f3n del \u00e1rea y fortalecer\u00e1n la seguridad para los visitantes,\u00a0 mientras se desarrollan actividades de educaci\u00f3n ambiental y monitoreo\u00a0 para preservar los recursos naturales del parque.<\/em><\/li>\n<\/ul>\n\n\n\n<p><strong>Santa Marta, mayo 31 de 2025.\u00a0<\/strong>Parques Nacionales Naturales de Colombia informa a la ciudadan\u00eda que el\u00a0<strong>Parque Nacional Natural Tayrona estar\u00e1 cerrado al p\u00fablico del 1 al 15 de junio de 2025<\/strong>. Esta medida forma parte de la estrategia\u00a0<strong>\u201cRespira Tayrona\u201d<\/strong>, dise\u00f1ada para permitir la recuperaci\u00f3n natural de sus ecosistemas y el respeto de su dimensi\u00f3n sagrada seg\u00fan la visi\u00f3n de los pueblos ind\u00edgenas de la Sierra Nevada de Santa Marta.<\/p>\n\n\n\n<p><strong>\u201cLa conservaci\u00f3n del Parque es una responsabilidad compartida.<\/strong>&nbsp;Invitamos a reconocer el valor y la importancia cultural de esta \u00e1rea protegida, y a reflexionar sobre la necesidad de brindar espacios y momentos de descanso para la vida silvestre y los servicios ecosist\u00e9micos que ofrece esta regi\u00f3n. Este es, precisamente, el prop\u00f3sito del cierre temporal\u201d, se\u00f1ala Carlos Vidal, Director Territorial del Caribe.<\/p>\n\n\n\n<p>El Parque Tayrona forma parte del territorio ancestral y espiritual conocido como la&nbsp;<strong>L\u00ednea Negra<\/strong>, que comprende los espacios sagrados de los&nbsp;<strong>cuatro pueblos originarios de la Sierra Nevada de Santa Marta: Kogui, Wiwa, Arhuaco y Kankuamo<\/strong>. En su cosmovisi\u00f3n, el parque es un tejido de sitios interconectados espiritual y energ\u00e9ticamente mediante hilos invisibles que permiten la expresi\u00f3n de la vida material en la naturaleza.<\/p>\n\n\n\n<p>Kugkui shikasa, es un per\u00edodo dedicado al saneamiento espiritual donde los seres de la naturaleza renuevan su energ\u00eda en las \u201cDunas\u201d. Este proceso sagrado es&nbsp; parte del ciclo de conexi\u00f3n con la tierra y el entorno natural, promovido por las&nbsp; comunidades ind\u00edgenas de la Sierra Nevada.<\/p>\n\n\n\n<figure class=\"wp-block-image size-full\"><img data-recalc-dims=\"1\" loading=\"lazy\" decoding=\"async\" width=\"640\" height=\"424\" src=\"https:\/\/i0.wp.com\/sportseco.com\/wp-content\/uploads\/2025\/06\/tayrona-1024x678-1.jpg?resize=640%2C424&#038;ssl=1\" alt=\"\" class=\"wp-image-187061\" srcset=\"https:\/\/i0.wp.com\/sportseco.com\/wp-content\/uploads\/2025\/06\/tayrona-1024x678-1.jpg?w=1024&amp;ssl=1 1024w, https:\/\/i0.wp.com\/sportseco.com\/wp-content\/uploads\/2025\/06\/tayrona-1024x678-1.jpg?resize=300%2C199&amp;ssl=1 300w, https:\/\/i0.wp.com\/sportseco.com\/wp-content\/uploads\/2025\/06\/tayrona-1024x678-1.jpg?resize=768%2C509&amp;ssl=1 768w\" sizes=\"auto, (max-width: 640px) 100vw, 640px\" \/><\/figure>\n\n\n\n<figure class=\"wp-block-image size-full\"><img data-recalc-dims=\"1\" loading=\"lazy\" decoding=\"async\" width=\"640\" height=\"427\" src=\"https:\/\/i0.wp.com\/sportseco.com\/wp-content\/uploads\/2025\/06\/pnn-tayrona-08-1024x683-1.jpeg?resize=640%2C427&#038;ssl=1\" alt=\"\" class=\"wp-image-187060\" srcset=\"https:\/\/i0.wp.com\/sportseco.com\/wp-content\/uploads\/2025\/06\/pnn-tayrona-08-1024x683-1.jpeg?w=1024&amp;ssl=1 1024w, https:\/\/i0.wp.com\/sportseco.com\/wp-content\/uploads\/2025\/06\/pnn-tayrona-08-1024x683-1.jpeg?resize=300%2C200&amp;ssl=1 300w, https:\/\/i0.wp.com\/sportseco.com\/wp-content\/uploads\/2025\/06\/pnn-tayrona-08-1024x683-1.jpeg?resize=768%2C512&amp;ssl=1 768w\" sizes=\"auto, (max-width: 640px) 100vw, 640px\" \/><\/figure>\n\n\n\n<p><a href=\"https:\/\/www.parquesnacionales.gov.co\/wp-content\/uploads\/2025\/01\/pnn-tayrona-08-1024x683.jpeg\"><\/a><\/p>\n\n\n\n<p><a href=\"https:\/\/www.parquesnacionales.gov.co\/wp-content\/uploads\/2021\/01\/tayrona-1024x678.jpg\"><\/a><\/p>\n\n\n\n<p><a href=\"https:\/\/www.parquesnacionales.gov.co\/wp-content\/uploads\/2021\/02\/playa-tayrona-1024x768.jpg\"><\/a><\/p>\n\n\n\n<p><strong>Los ecosistemas del Tayrona reflejan esta diversidad espiritual y biol\u00f3gica:<\/strong><\/p>\n\n\n\n<ul class=\"wp-block-list\">\n<li>En tierra: matorral espinoso, bosque seco, bosque h\u00famedo y bosque nublado en las zonas altas.<\/li>\n\n\n\n<li>En la costa: playas, lagunas costeras, rodales de manglar y litoral rocoso.<\/li>\n\n\n\n<li>En el \u00e1rea marina: formaciones coralinas, fondos sedimentarios, praderas de faner\u00f3gamas marinas y congregaciones algales.<\/li>\n<\/ul>\n\n\n\n<p><strong>\u201cRespira Tayrona\u201d se realiza tres veces al a\u00f1o, en los siguientes periodos:<\/strong><\/p>\n\n\n\n<ul class=\"wp-block-list\">\n<li>Del 1 al 15 de febrero<\/li>\n\n\n\n<li>Del 1 al 15 de junio<\/li>\n\n\n\n<li>Del 19 de octubre al 2 de noviembre<\/li>\n<\/ul>\n\n\n\n<p><strong>Durante estos cierres, se desarrollan acciones como:<\/strong><\/p>\n\n\n\n<ul class=\"wp-block-list\">\n<li>Conservaci\u00f3n y monitoreo de la biodiversidad.<\/li>\n\n\n\n<li>Investigaci\u00f3n cient\u00edfica y restauraci\u00f3n ecol\u00f3gica.<\/li>\n\n\n\n<li>Reforzamiento de estrategias de control y seguridad.<\/li>\n\n\n\n<li>Jornadas de sensibilizaci\u00f3n que permiten fortalecer los procesos de conservaci\u00f3n del \u00e1rea protegida.<\/li>\n\n\n\n<li>Ceremonias espirituales y rituales de pagamento a la Madre Tierra, liderados por los pueblos ind\u00edgenas.<\/li>\n<\/ul>\n\n\n\n<p>Junto con los pueblos de la Sierra Nevada, se promueven acciones enmarcadas en su cosmovisi\u00f3n y pr\u00e1cticas culturales. En este sentido,&nbsp;<strong>\u201cParques Nacionales Naturales de Colombia invita a la ciudadan\u00eda a sumarse a esta importante labor de conservaci\u00f3n. Asimismo, extendemos la invitaci\u00f3n a explorar otros atractivos del corredor tur\u00edstico Tayrona, donde tambi\u00e9n podemos contribuir al fortalecimiento de la cadena de valor de esta relevante actividad econ\u00f3mica para la regi\u00f3n\u201d, puntualiza Carlos Vidal, el Director Territorial Caribe.<\/strong><\/p>\n\n\n\n<p><\/p>\n\n\n\n<p><\/p>\n\n\n\n<p>parquesnacionales.gov.co<\/p>\n","protected":false},"excerpt":{"rendered":"<p>Santa Marta, mayo 31 de 2025.\u00a0Parques Nacionales Naturales de Colombia informa a la ciudadan\u00eda que el\u00a0Parque Nacional Natural Tayrona estar\u00e1 cerrado al p\u00fablico del 1 al 15 de junio de 2025. Esta medida forma parte de la estrategia\u00a0\u201cRespira Tayrona\u201d, dise\u00f1ada para permitir la recuperaci\u00f3n natural de sus ecosistemas y el respeto de su dimensi\u00f3n sagrada [&hellip;]<\/p>\n","protected":false},"author":1,"featured_media":187059,"comment_status":"closed","ping_status":"closed","sticky":false,"template":"","format":"standard","meta":{"_acf_changed":false,"_jetpack_memberships_contains_paid_content":false,"footnotes":"","jetpack_publicize_message":"","jetpack_publicize_feature_enabled":true,"jetpack_social_post_already_shared":true,"jetpack_social_options":{"image_generator_settings":{"template":"highway","default_image_id":0,"font":"","enabled":false},"version":2}},"categories":[6],"tags":[],"class_list":["post-187058","post","type-post","status-publish","format-standard","has-post-thumbnail","hentry","category-ecologia"],"acf":[],"jetpack_publicize_connections":[],"jetpack_featured_media_url":"https:\/\/i0.wp.com\/sportseco.com\/wp-content\/uploads\/2025\/06\/respiratayrona14-e1748539259667.jpg?fit=1430%2C712&ssl=1","jetpack_sharing_enabled":true,"_links":{"self":[{"href":"https:\/\/sportseco.com\/index.php?rest_route=\/wp\/v2\/posts\/187058","targetHints":{"allow":["GET"]}}],"collection":[{"href":"https:\/\/sportseco.com\/index.php?rest_route=\/wp\/v2\/posts"}],"about":[{"href":"https:\/\/sportseco.com\/index.php?rest_route=\/wp\/v2\/types\/post"}],"author":[{"embeddable":true,"href":"https:\/\/sportseco.com\/index.php?rest_route=\/wp\/v2\/users\/1"}],"replies":[{"embeddable":true,"href":"https:\/\/sportseco.com\/index.php?rest_route=%2Fwp%2Fv2%2Fcomments&post=187058"}],"version-history":[{"count":2,"href":"https:\/\/sportseco.com\/index.php?rest_route=\/wp\/v2\/posts\/187058\/revisions"}],"predecessor-version":[{"id":187063,"href":"https:\/\/sportseco.com\/index.php?rest_route=\/wp\/v2\/posts\/187058\/revisions\/187063"}],"wp:featuredmedia":[{"embeddable":true,"href":"https:\/\/sportseco.com\/index.php?rest_route=\/wp\/v2\/media\/187059"}],"wp:attachment":[{"href":"https:\/\/sportseco.com\/index.php?rest_route=%2Fwp%2Fv2%2Fmedia&parent=187058"}],"wp:term":[{"taxonomy":"category","embeddable":true,"href":"https:\/\/sportseco.com\/index.php?rest_route=%2Fwp%2Fv2%2Fcategories&post=187058"},{"taxonomy":"post_tag","embeddable":true,"href":"https:\/\/sportseco.com\/index.php?rest_route=%2Fwp%2Fv2%2Ftags&post=187058"}],"curies":[{"name":"wp","href":"https:\/\/api.w.org\/{rel}","templated":true}]}}