{"id":187080,"date":"2025-06-02T16:31:55","date_gmt":"2025-06-02T20:31:55","guid":{"rendered":"https:\/\/sportseco.com\/?p=187080"},"modified":"2025-06-02T16:32:01","modified_gmt":"2025-06-02T20:32:01","slug":"literatura-para-cambiar-el-clima-embajadores-del-pacto-climatico-europeo-presentan-sus-libros-en-el-dia-mundial-del-medio-ambiente","status":"publish","type":"post","link":"https:\/\/sportseco.com\/?p=187080","title":{"rendered":"Literatura para cambiar el clima. Embajadores del Pacto Clim\u00e1tico Europeo presentan sus libros en el D\u00eda Mundial del Medio Ambiente"},"content":{"rendered":"\n<p>Madrid 2 jun (EFEverde).- La literatura como herramienta de cambio se convierte en protagonista el pr\u00f3ximo 5 de junio en el Pabell\u00f3n Europa con motivo del D\u00eda Mundial del Medio Ambiente. Cuatro embajadores del Pacto Clim\u00e1tico Europeo presentar\u00e1n sus libros en la mesa redonda \u201cEscribir el Futuro: Literatura y Acci\u00f3n Clim\u00e1tica\u201d, reflexionando sobre c\u00f3mo la escritura puede impulsar la conciencia y la acci\u00f3n ante la crisis clim\u00e1tica, en un conversatorio moderado por el periodista ambiental y tambien embajador clim\u00e1tico Arturo Larena.<\/p>\n\n\n\n<p>En el marco del D\u00eda Mundial del Medio Ambiente, el Pabell\u00f3n Europa acoge el pr\u00f3ximo jueves 5 de junio la mesa redonda&nbsp;<strong>\u201cEscribir el Futuro: Literatura y Acci\u00f3n Clim\u00e1tica\u201d<\/strong>, una cita donde la literatura se convierte en aliada de la sostenibilidad y el activismo clim\u00e1tico. El acto, organizado&nbsp; por la&nbsp;<strong>Representaci\u00f3n de la Comisi\u00f3n Europea en Espa\u00f1a<\/strong>&nbsp;en colaboraci\u00f3n con Ecoserveis, reunir\u00e1 a cinco&nbsp;<strong>embajadores del Pacto Clim\u00e1tico Europeo<\/strong>, que presentar\u00e1n sus libros y dialogar\u00e1n sobre c\u00f3mo las palabras pueden inspirar transformaciones reales frente al cambio clim\u00e1tico.<\/p>\n\n\n\n<p>Los participantes ser\u00e1n:<\/p>\n\n\n\n<ul class=\"wp-block-list\">\n<li><strong>Isabel Silva<\/strong>, cofundadora del Centro A 4 Voces y dinamizadora de la red Climaticosespana, presenta el libro colectivo\u00a0<strong><em>\u201cEmbajadores del Pacto Clim\u00e1tico Europeo. Por un mundo sostenible\u201d<\/em>.<\/strong><\/li>\n\n\n\n<li><strong>Luis Lehmann<\/strong>, consultor, docente, speaker, comunicador motivacional y experto en econom\u00eda circular y pol\u00edticas p\u00fablicas, autor de\u00a0<strong><em>\u201cCambia la econom\u00eda y cambia el mundo. La sociedad y el Estado circular en el fin de la era de la abundancia\u201d<\/em>.<\/strong><\/li>\n\n\n\n<li><strong>Isabel Moreno<\/strong>, meteor\u00f3loga y divulgadora cient\u00edfica, con\u00a0<strong><em>\u201cAtm\u00f3sfera de bulos. Despejando las principales dudas y mitos sobre el cambio clim\u00e1tico\u201d<\/em>.<\/strong><\/li>\n\n\n\n<li><strong>Antonio Aguilera<\/strong>, consultor ambiental y activista, autor de\u00a0<strong><em>\u201cAntropoceno. La hora de la Tierra acosada por el hombre\u201d<\/em>.<\/strong><\/li>\n<\/ul>\n\n\n\n<p>El encuentro ser\u00e1 moderado por el periodista ambiental y director de EFEverde.com de la Agencia EFE,&nbsp;<strong>Arturo Larena<\/strong>, quien tambi\u00e9n es embajador del Pacto Clim\u00e1tico Europeo.<\/p>\n\n\n\n<p>Adem\u00e1s de conocer de primera mano el contenido de las obras, el p\u00fablico asistente podr\u00e1 formular preguntas a los ponentes y debatir con ellos sobre el papel del activismo cultural y el compromiso individual y colectivo en la transici\u00f3n ecol\u00f3gica.<\/p>\n\n\n\n<p>\u201cEscribir el Futuro\u201d subraya c\u00f3mo la literatura, lejos de ser solo contemplativa, puede convertirse en una herramienta poderosa para transformar percepciones, impulsar pol\u00edticas y tejer redes de colaboraci\u00f3n por un futuro sostenible.<\/p>\n\n\n\n<p>La mesa redonda sobre literatura y medioambiente tendr\u00e1 lugar el pr\u00f3ximo&nbsp;<strong>mi\u00e9rcoles 5 de junio, de 18:00 a 19:15, en el Pabell\u00f3n Europa de la Feria del Libro de Madrid<\/strong>.<\/p>\n\n\n\n<p>Se trata del cuarto a\u00f1o consecutivo, la Comisi\u00f3n Europea estar\u00e1 presente en la Feria -del 30 de mayo al 15 de junio- con un&nbsp;<a href=\"https:\/\/www.youtube.com\/watch?v=VqnIhWdUOhA\">Pabell\u00f3n Europa<\/a>&nbsp;propio con actividades culturales y literarias dirigidas a todo tipo de p\u00fablico. Este a\u00f1o tiene un significado especial al conmemorarse el 40\u00ba aniversario de la adhesi\u00f3n de Espa\u00f1a a la Uni\u00f3n Europea.<\/p>\n\n\n\n<figure class=\"wp-block-image size-large\"><img data-recalc-dims=\"1\" loading=\"lazy\" decoding=\"async\" width=\"640\" height=\"902\" src=\"https:\/\/i0.wp.com\/sportseco.com\/wp-content\/uploads\/2025\/06\/0605-Escribir-el-futuro-2.jpg?resize=640%2C902&#038;ssl=1\" alt=\"\" class=\"wp-image-187081\" srcset=\"https:\/\/i0.wp.com\/sportseco.com\/wp-content\/uploads\/2025\/06\/0605-Escribir-el-futuro-2.jpg?resize=731%2C1030&amp;ssl=1 731w, https:\/\/i0.wp.com\/sportseco.com\/wp-content\/uploads\/2025\/06\/0605-Escribir-el-futuro-2.jpg?resize=213%2C300&amp;ssl=1 213w, https:\/\/i0.wp.com\/sportseco.com\/wp-content\/uploads\/2025\/06\/0605-Escribir-el-futuro-2.jpg?resize=768%2C1083&amp;ssl=1 768w, https:\/\/i0.wp.com\/sportseco.com\/wp-content\/uploads\/2025\/06\/0605-Escribir-el-futuro-2.jpg?resize=1090%2C1536&amp;ssl=1 1090w, https:\/\/i0.wp.com\/sportseco.com\/wp-content\/uploads\/2025\/06\/0605-Escribir-el-futuro-2.jpg?w=1240&amp;ssl=1 1240w\" sizes=\"auto, (max-width: 640px) 100vw, 640px\" \/><\/figure>\n\n\n\n<p>efeverde.com<\/p>\n","protected":false},"excerpt":{"rendered":"<p>Madrid 2 jun (EFEverde).- La literatura como herramienta de cambio se convierte en protagonista el pr\u00f3ximo 5 de junio en el Pabell\u00f3n Europa con motivo del D\u00eda Mundial del Medio Ambiente. Cuatro embajadores del Pacto Clim\u00e1tico Europeo presentar\u00e1n sus libros en la mesa redonda \u201cEscribir el Futuro: Literatura y Acci\u00f3n Clim\u00e1tica\u201d, reflexionando sobre c\u00f3mo la [&hellip;]<\/p>\n","protected":false},"author":1,"featured_media":187081,"comment_status":"closed","ping_status":"closed","sticky":false,"template":"","format":"standard","meta":{"_acf_changed":false,"_jetpack_memberships_contains_paid_content":false,"footnotes":"","jetpack_publicize_message":"","jetpack_publicize_feature_enabled":true,"jetpack_social_post_already_shared":true,"jetpack_social_options":{"image_generator_settings":{"template":"highway","default_image_id":0,"font":"","enabled":false},"version":2}},"categories":[6],"tags":[],"class_list":["post-187080","post","type-post","status-publish","format-standard","has-post-thumbnail","hentry","category-ecologia"],"acf":[],"jetpack_publicize_connections":[],"jetpack_featured_media_url":"https:\/\/i0.wp.com\/sportseco.com\/wp-content\/uploads\/2025\/06\/0605-Escribir-el-futuro-2.jpg?fit=1240%2C1748&ssl=1","jetpack_sharing_enabled":true,"_links":{"self":[{"href":"https:\/\/sportseco.com\/index.php?rest_route=\/wp\/v2\/posts\/187080","targetHints":{"allow":["GET"]}}],"collection":[{"href":"https:\/\/sportseco.com\/index.php?rest_route=\/wp\/v2\/posts"}],"about":[{"href":"https:\/\/sportseco.com\/index.php?rest_route=\/wp\/v2\/types\/post"}],"author":[{"embeddable":true,"href":"https:\/\/sportseco.com\/index.php?rest_route=\/wp\/v2\/users\/1"}],"replies":[{"embeddable":true,"href":"https:\/\/sportseco.com\/index.php?rest_route=%2Fwp%2Fv2%2Fcomments&post=187080"}],"version-history":[{"count":1,"href":"https:\/\/sportseco.com\/index.php?rest_route=\/wp\/v2\/posts\/187080\/revisions"}],"predecessor-version":[{"id":187082,"href":"https:\/\/sportseco.com\/index.php?rest_route=\/wp\/v2\/posts\/187080\/revisions\/187082"}],"wp:featuredmedia":[{"embeddable":true,"href":"https:\/\/sportseco.com\/index.php?rest_route=\/wp\/v2\/media\/187081"}],"wp:attachment":[{"href":"https:\/\/sportseco.com\/index.php?rest_route=%2Fwp%2Fv2%2Fmedia&parent=187080"}],"wp:term":[{"taxonomy":"category","embeddable":true,"href":"https:\/\/sportseco.com\/index.php?rest_route=%2Fwp%2Fv2%2Fcategories&post=187080"},{"taxonomy":"post_tag","embeddable":true,"href":"https:\/\/sportseco.com\/index.php?rest_route=%2Fwp%2Fv2%2Ftags&post=187080"}],"curies":[{"name":"wp","href":"https:\/\/api.w.org\/{rel}","templated":true}]}}