{"id":187095,"date":"2025-06-03T08:20:08","date_gmt":"2025-06-03T12:20:08","guid":{"rendered":"https:\/\/sportseco.com\/?p=187095"},"modified":"2025-06-03T08:20:15","modified_gmt":"2025-06-03T12:20:15","slug":"continuan-incorporandose-jugadores-la-seleccion-colombia-se-reune-en-barranquilla-video","status":"publish","type":"post","link":"https:\/\/sportseco.com\/?p=187095","title":{"rendered":"\u00a1Contin\u00faan incorpor\u00e1ndose jugadores! La Selecci\u00f3n Colombia se re\u00fane en Barranquilla. Video"},"content":{"rendered":"\n<p>Los dirigidos por N\u00e9stor Lorenzo cumplieron este martes con su tercera jornada de concentraci\u00f3n en la capital del Atl\u00e1ntico. Hasta el momento<strong>, han llegado 24 jugadores convocados&nbsp;<\/strong>por el estratega argentino.<\/p>\n\n\n\n<p>Al mediod\u00eda,&nbsp;<strong>Andr\u00e9s Rom\u00e1n, Marino Hinestroza y David Ospina se presentaron en el hotel de concentraci\u00f3n<\/strong>, donde cumplieron con su rutina de descanso antes de desplazarse al entrenamiento programado.<\/p>\n\n\n\n<p>Durante la sesi\u00f3n,<strong>&nbsp;los futbolistas reci\u00e9n incorporados realizaron trabajos de evaluaci\u00f3n f\u00edsica y ejercicios de adaptaci\u00f3<\/strong>n, mientras que los que ya suman m\u00e1s d\u00edas de preparaci\u00f3n llevaron a cabo pr\u00e1cticas t\u00e1cticas, enfocados en la construcci\u00f3n del plan de juego para el compromiso ante Per\u00fa.<\/p>\n\n\n\n<p>En horas de la medianoche,&nbsp;<strong>Willer Ditta, Kevin Mier y Jhon Arias arribaron a Barranquilla, procedentes de sus respectivas ligas en M\u00e9xico y Brasil.&nbsp;<\/strong>Con su llegada, solo resta el arribo de Richard R\u00edos y del recientemente convocado Luis Su\u00e1rez para completar el grupo de seleccionados.<\/p>\n\n\n\n<p><a href=\"https:\/\/youtu.be\/K6UStYXBZ3c\">https:\/\/youtu.be\/K6UStYXBZ3c<\/a><\/p>\n\n\n\n<p>Recordamos la lista de convocados junto a&nbsp;<strong>los diferentes cambios que han ocurrido:<\/strong><\/p>\n\n\n\n<p>1.\u2060 \u2060Andr\u00e9s Rom\u00e1n \u2013 Atl\u00e9tico Nacional (COL)<br \/>\u20072.\u2060 \u2060Camilo Vargas \u2013 Atlas F.C. (MEX)<br \/>\u20073.\u2060 \u2060Cristian Borja \u2013 Club Am\u00e9rica (MEX)<br \/>\u20074.\u2060 \u2060Daniel Mu\u00f1oz \u2013 Crystal Palace F.C (ENG)<br \/>\u20075.\u2060 \u2060David Ospina \u2013 Atl\u00e9tico Nacional (COL)<br \/>\u20076.\u2060 \u2060D\u00e1vinson S\u00e1nchez \u2013 Galatasaray S.K. (TUR)<br \/>\u20077.\u2060 \u2060Deiver Machado \u2013 R.C. Lens (FRA)<br \/>\u20078.\u2060 \u2060Gustavo Puerta \u2013 Hull City (ENG)<br \/>\u20079.\u2060 \u2060James Rodr\u00edguez \u2013 Club Le\u00f3n (MEX)<br \/>10.\u2060 \u2060Jaminton Campaz \u2013 Rosario Central (ARG)<br \/>11.\u2060 \u2060Jefferson Lerma \u2013 Crystal Palace F.C. (ENG)<br \/>12.\u2060 \u2060Jhon Arias \u2013 Fluminense (BRA)<br \/><strong><a href=\"https:\/\/fcf.com.co\/2025\/06\/02\/rafael-santos-borre-no-se-unira-a-la-concentracion-de-la-seleccion-colombia-de-mayores\/\">13.\u2060 \u2060Jhon C\u00f3rdoba \u2013 F.C. Krasnodar (RUS): desconvocado, sustituido por Rafael Santo Borr\u00e9 y posteriormente por Luis Su\u00e1rez.<\/a><\/strong><br \/>14.\u2060 \u2060Jhon J\u00e1der Dur\u00e1n \u2013 Al-Nassr F.C. (KSA)<br \/>15.\u2060 \u2060Jhon Lucum\u00ed \u2013 Bologna F.C. (ITA)<br \/>16.\u2060 \u2060Jorge Carrascal \u2013 F.C. D\u00ednamo Mosc\u00fa (RUS)<br \/>17.\u2060 \u2060Juan Camilo Hern\u00e1ndez \u2013 Real Betis (ESP)<br \/><strong><a href=\"https:\/\/fcf.com.co\/2025\/06\/01\/juan-fernando-quintero-no-se-unira-a-la-concentracion-de-la-seleccion-colombia-masculina-de-mayores\/\">18.\u2060 \u2060Juan Fernando Quintero \u2013 Am\u00e9rica de Cali (COL): desconvocado.<\/a><\/strong><br \/>19.\u2060 \u2060Kevin Casta\u00f1o \u2013 River Plate (ARG)<br \/>20.\u2060 \u2060Kevin Mier \u2013 Cruz Azul (MEX)<br \/>21.\u2060 \u2060Luis D\u00edaz \u2013 Liverpool F.C. (ENG)<br \/>22.\u2060 \u2060Marino Hinestroza \u2013 Atl\u00e9tico Nacional (COL)<br \/>23.\u2060 \u2060Richard R\u00edos \u2013 Palmeiras (BRA)<br \/>24.\u2060 \u2060Willer Ditta \u2013 Cruz Azul (MEX)<br \/>25.\u2060 \u2060Y\u00e1ser Asprilla \u2013 Girona F.C. (ESP)<br \/>26.\u2060 \u2060Yerry Mina \u2013 Cagliari Calcio (ITA)<\/p>\n\n\n\n<p><\/p>\n\n\n\n<p><\/p>\n\n\n\n<p>fcf.com.co<\/p>\n","protected":false},"excerpt":{"rendered":"<p>Los dirigidos por N\u00e9stor Lorenzo cumplieron este martes con su tercera jornada de concentraci\u00f3n en la capital del Atl\u00e1ntico. Hasta el momento, han llegado 24 jugadores convocados&nbsp;por el estratega argentino. Al mediod\u00eda,&nbsp;Andr\u00e9s Rom\u00e1n, Marino Hinestroza y David Ospina se presentaron en el hotel de concentraci\u00f3n, donde cumplieron con su rutina de descanso antes de desplazarse [&hellip;]<\/p>\n","protected":false},"author":1,"featured_media":187096,"comment_status":"closed","ping_status":"closed","sticky":false,"template":"","format":"standard","meta":{"_acf_changed":false,"_jetpack_memberships_contains_paid_content":false,"footnotes":"","jetpack_publicize_message":"","jetpack_publicize_feature_enabled":true,"jetpack_social_post_already_shared":true,"jetpack_social_options":{"image_generator_settings":{"template":"highway","default_image_id":0,"font":"","enabled":false},"version":2}},"categories":[5],"tags":[],"class_list":["post-187095","post","type-post","status-publish","format-standard","has-post-thumbnail","hentry","category-futbol"],"acf":[],"jetpack_publicize_connections":[],"jetpack_featured_media_url":"https:\/\/i0.wp.com\/sportseco.com\/wp-content\/uploads\/2025\/06\/DSC07128-1.jpg?fit=1052%2C700&ssl=1","jetpack_sharing_enabled":true,"_links":{"self":[{"href":"https:\/\/sportseco.com\/index.php?rest_route=\/wp\/v2\/posts\/187095","targetHints":{"allow":["GET"]}}],"collection":[{"href":"https:\/\/sportseco.com\/index.php?rest_route=\/wp\/v2\/posts"}],"about":[{"href":"https:\/\/sportseco.com\/index.php?rest_route=\/wp\/v2\/types\/post"}],"author":[{"embeddable":true,"href":"https:\/\/sportseco.com\/index.php?rest_route=\/wp\/v2\/users\/1"}],"replies":[{"embeddable":true,"href":"https:\/\/sportseco.com\/index.php?rest_route=%2Fwp%2Fv2%2Fcomments&post=187095"}],"version-history":[{"count":1,"href":"https:\/\/sportseco.com\/index.php?rest_route=\/wp\/v2\/posts\/187095\/revisions"}],"predecessor-version":[{"id":187097,"href":"https:\/\/sportseco.com\/index.php?rest_route=\/wp\/v2\/posts\/187095\/revisions\/187097"}],"wp:featuredmedia":[{"embeddable":true,"href":"https:\/\/sportseco.com\/index.php?rest_route=\/wp\/v2\/media\/187096"}],"wp:attachment":[{"href":"https:\/\/sportseco.com\/index.php?rest_route=%2Fwp%2Fv2%2Fmedia&parent=187095"}],"wp:term":[{"taxonomy":"category","embeddable":true,"href":"https:\/\/sportseco.com\/index.php?rest_route=%2Fwp%2Fv2%2Fcategories&post=187095"},{"taxonomy":"post_tag","embeddable":true,"href":"https:\/\/sportseco.com\/index.php?rest_route=%2Fwp%2Fv2%2Ftags&post=187095"}],"curies":[{"name":"wp","href":"https:\/\/api.w.org\/{rel}","templated":true}]}}