{"id":187101,"date":"2025-06-03T08:30:30","date_gmt":"2025-06-03T12:30:30","guid":{"rendered":"https:\/\/sportseco.com\/?p=187101"},"modified":"2025-06-03T08:31:54","modified_gmt":"2025-06-03T12:31:54","slug":"dia-mundial-de-la-bicicleta-3-de-junio-12","status":"publish","type":"post","link":"https:\/\/sportseco.com\/?p=187101","title":{"rendered":"D\u00eda Mundial de la Bicicleta, 3 de junio"},"content":{"rendered":"\n<p><img data-recalc-dims=\"1\" decoding=\"async\" src=\"https:\/\/i0.wp.com\/www.un.org\/sites\/un2.un.org\/files\/styles\/banner-image-style-27-10\/public\/2021\/06\/bike-day-hero.jpg?w=640&#038;ssl=1\" alt=\"Dos ciclistas, un adulto y un ni\u00f1o, con mascarillas protectoras por un carril bici, en Nueva York.\"\/><\/p>\n\n\n\n<h2 class=\"wp-block-heading\">\u00bfPor qu\u00e9 moverse en bicicleta?<\/h2>\n\n\n\n<p>Practicar actividades deportivas de intensidad moderada, como caminar, montar en bicicleta o hacer deporte, tiene grandes beneficios para la salud. El deporte no tiene edad. Los beneficios son mayores que los posibles da\u00f1os. Realizar cualquier tipo de actividad f\u00edsica es mejor que nada. Mantenerse activo a lo largo del d\u00eda ayuda a mantener y alcanzar los niveles de actividad recomendados.<\/p>\n\n\n\n<p>Seg\u00fan la Organizaci\u00f3n Mundial de la Salud (OMS), ofrecer una infraestructura segura para las actividades f\u00edsicas, como cambiar o andar en bicicleta, es el camino para alcanzar una mayor equidad en materia de salud. Para los sectores urbanos m\u00e1s pobres, que no pueden permitirse veh\u00edculos propios, ir a pie o en bici se puede convertir en su medio de transporte. Al mismo tiempo pueden reducir el riesgo de contraer enfermedades card\u00edacas, accidentes cerebrovasculares, ciertos tipos de c\u00e1ncer, diabetes e incluso la muerte. La mejora del transporte activo (caminar, montar en bicicleta o usar el transporte p\u00fablico)&nbsp;no es por&nbsp;tanto solo una cuesti\u00f3n de salud,&nbsp;puede suponer una mayor equidad y eficacia en cuanto a los costes tambien.<\/p>\n\n\n\n<p>Satisfacer las necesidades de estos ciclistas y peatones sigue siendo, por tanto, crucial para solucionar los problemas de movilidad de las ciudades, para mitigar el aumento de las emisiones de gases de efecto invernadero debido al crecimiento de la poblaci\u00f3n y para mejorar la calidad del aire y la seguridad vial.<\/p>\n\n\n\n<h3 class=\"wp-block-heading\">Ciclismo y desarrollo sostenible<\/h3>\n\n\n\n<p>El D\u00eda Mundial de la Bicicleta llama la atenci\u00f3n sobre los beneficios de usar la bicicleta, un medio de transporte simple, asequible, limpio y ambientalmente sostenible. La bicicleta contribuye a un aire m\u00e1s limpio y menos congesti\u00f3n y hace que la educaci\u00f3n, la atenci\u00f3n de la salud y otros servicios sociales sean m\u00e1s accesibles para las poblaciones m\u00e1s vulnerables.<\/p>\n\n\n\n<p>Un sistema de transporte sostenible que promueva el crecimiento econ\u00f3mico, reduzca las desigualdades y refuerce la lucha contra el cambio clim\u00e1tico es fundamental para alcanzar los&nbsp;<a href=\"https:\/\/www.un.org\/sustainabledevelopment\/es\">Objetivos de Desarrollo Sostenible<\/a>.<\/p>\n\n\n\n<p>El 15 de marzo de 2022, la Asamblea General adopt\u00f3 la&nbsp;<a href=\"https:\/\/undocs.org\/Home\/Mobile?FinalSymbol=A%2FRES%2F76%2F255&amp;Language=E&amp;DeviceType=Desktop&amp;LangRequested=False\">resoluci\u00f3n<\/a>&nbsp;sobre la integraci\u00f3n del uso generalizado de la bicicleta en los sistemas de transporte p\u00fablico a favor del desarrollo sostenible. Al mismo tiempo, pone de relieve que la bicicleta es un instrumento de transporte sostenible y transmite un mensaje positivo para fomentar el consumo y la producci\u00f3n sostenibles, y repercute beneficiosamente en el clima.<\/p>\n\n\n\n<h3 class=\"wp-block-heading\">Antecedentes<\/h3>\n\n\n\n<p>Reconociendo la singularidad, la longevidad y la versatilidad de la bicicleta, que lleva en uso dos siglos, y que constituye un medio de transporte sostenible, sencillo, asequible, fiable, limpio y ecol\u00f3gico que contribuye a la gesti\u00f3n ambiental y beneficia la salud, la Asamblea General decidi\u00f3 declarar el 3 de junio como D\u00eda Mundial de la bicicleta.<\/p>\n\n\n\n<p>Alienta a los interesados a poner de relieve y promover el uso de la bicicleta como medio para fomentar el desarrollo sostenible, reforzar la educaci\u00f3n de los ni\u00f1os y los j\u00f3venes, incluida la educaci\u00f3n f\u00edsica, promover la salud, prevenir las enfermedades, fomentar la tolerancia, el entendimiento y el respeto y facilitar la inclusi\u00f3n social y la cultura de paz.<\/p>\n\n\n\n<p>La Asamblea General valora positivamente la organizaci\u00f3n de marchas de bicicletas para fortalecer la salud f\u00edsica y mental y el bienestar, y desarrollar, as\u00ed, una cultura de la bicicleta en la sociedad.<\/p>\n\n\n\n<h3 class=\"wp-block-heading\">Bicicletas para los refugiados<\/h3>\n\n\n\n<p>https:\/\/youtube.com\/watch?v=wdaaGTCBO1E%3Frel%3D0%26enablejsapi%3D1%26origin%3Dhttps%253A%252F%252Fwww.un.org<\/p>\n\n\n\n<h3 class=\"wp-block-heading\">Documentos<\/h3>\n\n\n\n<ul class=\"wp-block-list\">\n<li>Resoluci\u00f3n de la Asamblea General sobre el D\u00eda (<a href=\"http:\/\/undocs.org\/es\/A\/RES\/72\/272\">A\/RES\/72\/272<\/a>)<\/li>\n\n\n\n<li>Integraci\u00f3n del uso generalizado de la bicicleta en los sistemas de transporte p\u00fablico a favor del desarrollo sostenible\u00a0(<a href=\"http:\/\/undocs.org\/A\/RES\/76\/255\">A\/RES\/76\/255<\/a>)<\/li>\n\n\n\n<li><a href=\"https:\/\/wedocs.unep.org\/bitstream\/handle\/20.500.11822\/27503\/SRP2018.pdf?sequence=1&amp;isAllowed=y\">Informe Anual del Programa de Carreteras 2018 (ONU Medio Ambiente)<\/a>\u00a0\u00a0<\/li>\n\n\n\n<li><a href=\"https:\/\/undocs.org\/es\/A\/RES\/71\/256\">Nueva Agenda Urbana<\/a>, Conferencia de las Naciones Unidas sobre la Vivienda y el Desarrollo Urbano Sostenible (H\u00e1bitat III), en Quito (Ecuador) del 17 al 20 de octubre de 2016<\/li>\n\n\n\n<li>El derecho de toda persona al disfrute del m\u00e1s alto nivel posible de salud f\u00edsica y mental: el deporte y los estilos de vida saludables como factores coadyuvantes (<a href=\"http:\/\/undocs.org\/es\/A\/HRC\/RES\/26\/18\">A\/HRC\/RES\/26\/18<\/a>)<\/li>\n\n\n\n<li>Declaraci\u00f3n pol\u00edtica de la Reuni\u00f3n de Alto Nivel de la Asamblea General sobre la Prevenci\u00f3n y el Control de las Enfermedades No Transmisibles (<a href=\"http:\/\/undocs.org\/es\/A\/RES\/66\/2\">A\/RES\/66\/2<\/a>)<\/li>\n<\/ul>\n\n\n\n<p><\/p>\n\n\n\n<p>un.org<\/p>\n\n\n\n<p><a href=\"https:\/\/www.un.org\/es\/actnow\/ten-actions\"><\/a><\/p>\n","protected":false},"excerpt":{"rendered":"<p>\u00bfPor qu\u00e9 moverse en bicicleta? Practicar actividades deportivas de intensidad moderada, como caminar, montar en bicicleta o hacer deporte, tiene grandes beneficios para la salud. El deporte no tiene edad. Los beneficios son mayores que los posibles da\u00f1os. Realizar cualquier tipo de actividad f\u00edsica es mejor que nada. Mantenerse activo a lo largo del d\u00eda [&hellip;]<\/p>\n","protected":false},"author":1,"featured_media":187102,"comment_status":"closed","ping_status":"closed","sticky":false,"template":"","format":"standard","meta":{"_acf_changed":false,"_jetpack_memberships_contains_paid_content":false,"footnotes":"","jetpack_publicize_message":"","jetpack_publicize_feature_enabled":true,"jetpack_social_post_already_shared":true,"jetpack_social_options":{"image_generator_settings":{"template":"highway","default_image_id":0,"font":"","enabled":false},"version":2}},"categories":[6],"tags":[],"class_list":["post-187101","post","type-post","status-publish","format-standard","has-post-thumbnail","hentry","category-ecologia"],"acf":[],"jetpack_publicize_connections":[],"jetpack_featured_media_url":"https:\/\/i0.wp.com\/sportseco.com\/wp-content\/uploads\/2025\/06\/bike-day-hero.jpg?fit=1350%2C500&ssl=1","jetpack_sharing_enabled":true,"_links":{"self":[{"href":"https:\/\/sportseco.com\/index.php?rest_route=\/wp\/v2\/posts\/187101","targetHints":{"allow":["GET"]}}],"collection":[{"href":"https:\/\/sportseco.com\/index.php?rest_route=\/wp\/v2\/posts"}],"about":[{"href":"https:\/\/sportseco.com\/index.php?rest_route=\/wp\/v2\/types\/post"}],"author":[{"embeddable":true,"href":"https:\/\/sportseco.com\/index.php?rest_route=\/wp\/v2\/users\/1"}],"replies":[{"embeddable":true,"href":"https:\/\/sportseco.com\/index.php?rest_route=%2Fwp%2Fv2%2Fcomments&post=187101"}],"version-history":[{"count":2,"href":"https:\/\/sportseco.com\/index.php?rest_route=\/wp\/v2\/posts\/187101\/revisions"}],"predecessor-version":[{"id":187104,"href":"https:\/\/sportseco.com\/index.php?rest_route=\/wp\/v2\/posts\/187101\/revisions\/187104"}],"wp:featuredmedia":[{"embeddable":true,"href":"https:\/\/sportseco.com\/index.php?rest_route=\/wp\/v2\/media\/187102"}],"wp:attachment":[{"href":"https:\/\/sportseco.com\/index.php?rest_route=%2Fwp%2Fv2%2Fmedia&parent=187101"}],"wp:term":[{"taxonomy":"category","embeddable":true,"href":"https:\/\/sportseco.com\/index.php?rest_route=%2Fwp%2Fv2%2Fcategories&post=187101"},{"taxonomy":"post_tag","embeddable":true,"href":"https:\/\/sportseco.com\/index.php?rest_route=%2Fwp%2Fv2%2Ftags&post=187101"}],"curies":[{"name":"wp","href":"https:\/\/api.w.org\/{rel}","templated":true}]}}