{"id":187118,"date":"2025-06-03T11:16:43","date_gmt":"2025-06-03T15:16:43","guid":{"rendered":"https:\/\/sportseco.com\/?p=187118"},"modified":"2025-06-03T11:16:48","modified_gmt":"2025-06-03T15:16:48","slug":"previa-del-alemania-portugal-de-las-semifinales-de-la-nations-league","status":"publish","type":"post","link":"https:\/\/sportseco.com\/?p=187118","title":{"rendered":"Previa del Alemania &#8211; Portugal de las semifinales de la Nations League"},"content":{"rendered":"\n<p>\u00bfCu\u00e1ndo es? \u00bfC\u00f3mo puedo verlo? \u00bfCu\u00e1les son las alineaciones probables? Todo lo que necesitas saber sobre las semifinales de la UEFA Nations League entre Alemania y Portugal.<\/p>\n\n\n\n<p>Alemania y Portugal se enfrentan el mi\u00e9rcoles 4 de junio en la primera semifinal de la UEFA Nations League.<\/p>\n\n\n\n<p>Detalles del Alemania &#8211; Portugal<\/p>\n\n\n\n<p><strong>Cu\u00e1ndo<\/strong>: mi\u00e9rcoles 4 de junio (21:00 HEC)<br \/><strong>D\u00f3nde<\/strong>: Munich Football Arena, M\u00fanich<br \/><strong>Qu\u00e9<\/strong>: semifinales de la UEFA Nations League<br \/><strong>C\u00f3mo seguirlo<\/strong>:&nbsp;<a href=\"https:\/\/es.uefa.com\/uefanationsleague\/match\/2043064--germany-vs-portugal\/\">consulta aqu\u00ed la mejor cobertura en directo<\/a><\/p>\n\n\n\n<h3 class=\"wp-block-heading\"><strong>D\u00f3nde ver el Alemania &#8211; Portugal en TV<\/strong><\/h3>\n\n\n\n<p><a href=\"https:\/\/es.uefa.com\/uefanationsleague\/news\/0291-1bca62446ff8-3121ca577689-1000--donde-ver-la-nations-league-tv-y-streamings-en-directo\/\">Los aficionados pueden consultar los operadores que retransmiten la UEFA Nations League aqu\u00ed<\/a>.<\/p>\n\n\n\n<h3 class=\"wp-block-heading\"><strong>\u00bfQu\u00e9 necesitas saber?<\/strong><\/h3>\n\n\n\n<p>Alemania y Portugal se enfrentan en M\u00fanich en una semifinal de la UEFA Nations League de altos vuelos, siendo este su primer enfrentamiento en esta competici\u00f3n. La anfitriona Alemania se presenta en semifinales por primera vez, mientras que Portugal aspira a su segundo t\u00edtulo tras&nbsp;<a href=\"https:\/\/es.uefa.com\/uefanationsleague\/history\/2019\/\">levantar el trofeo inaugural en 2018\/19<\/a>.<\/p>\n\n\n\n<p>Los hombres de Julian Nagelsmann alcanzaron las semifinales tras imponerse a Italia por un global de 5-4 en cuartos de final. Tras una&nbsp;<a href=\"https:\/\/es.uefa.com\/uefanationsleague\/match\/2043059--italy-vs-germany\/\">victoria a domicilio en Mil\u00e1n (1-2)<\/a>, se lleg\u00f3 a un emocionante partido en Dortmund (<a href=\"https:\/\/es.uefa.com\/uefanationsleague\/match\/2043063--germany-vs-italy\/\">3-3<\/a>), en el que Joshua Kimmich, Jamal Musiala y Tim Kleindienst marcaron los goles de la Mannschaft.<\/p>\n\n\n\n<p>Portugal tambi\u00e9n tuvo que remontar en su eliminatoria de cuartos de final. Tras&nbsp;<a href=\"https:\/\/es.uefa.com\/uefanationsleague\/match\/2043058--denmark-vs-portugal\/\">caer en la ida 1-0 en Copenhague<\/a>, los&nbsp;<a href=\"https:\/\/es.uefa.com\/uefanationsleague\/match\/2043062\/\">lusos ganaron luego 5-2 en Lisboa<\/a>. Francisco Trinc\u00e3o forz\u00f3 la pr\u00f3rroga con un gol en el minuto 86, y volvi\u00f3 a marcar un minuto despu\u00e9s de la reanudaci\u00f3n. Gon\u00e7alo Ramos sentenci\u00f3 el pase a semifinales del equipo de Roberto Mart\u00ednez.<\/p>\n\n\n\n<p>El \u00faltimo enfrentamiento oficial entre ambas selecciones se produjo en la fase de grupos de la UEFA EURO 2020, en la que<a href=\"https:\/\/es.uefa.com\/uefaeuro\/history\/news\/026a-128f081c07b3-c60ff6538730-1000--portugal-2-4-germany-slick-germans-stun-holders\/\">&nbsp;Alemania se impuso por 4-2<\/a>&nbsp;en el Munich Football Arena, escenario tambi\u00e9n de esta semifinal.<\/p>\n\n\n\n<p><img data-recalc-dims=\"1\" decoding=\"async\" alt=\"Todos los goles de Alemania en su camino a la fase final de la Nations League\" srcset=\"https:\/\/editorial.uefa.com\/resources\/0297-1d5aec6e7618-494e4d0c3f69-1000\/format\/wide1\/germany_v_italy_-_uefa_nations_league_quarterfinal_leg_two.jpeg?imwidth=158 158w, https:\/\/editorial.uefa.com\/resources\/0297-1d5aec6e7618-494e4d0c3f69-1000\/format\/wide1\/germany_v_italy_-_uefa_nations_league_quarterfinal_leg_two.jpeg?imwidth=276 276w, https:\/\/editorial.uefa.com\/resources\/0297-1d5aec6e7618-494e4d0c3f69-1000\/format\/wide1\/germany_v_italy_-_uefa_nations_league_quarterfinal_leg_two.jpeg?imwidth=280 280w, https:\/\/editorial.uefa.com\/resources\/0297-1d5aec6e7618-494e4d0c3f69-1000\/format\/wide1\/germany_v_italy_-_uefa_nations_league_quarterfinal_leg_two.jpeg?imwidth=369 369w, https:\/\/editorial.uefa.com\/resources\/0297-1d5aec6e7618-494e4d0c3f69-1000\/format\/wide1\/germany_v_italy_-_uefa_nations_league_quarterfinal_leg_two.jpeg?imwidth=490 490w, https:\/\/editorial.uefa.com\/resources\/0297-1d5aec6e7618-494e4d0c3f69-1000\/format\/wide1\/germany_v_italy_-_uefa_nations_league_quarterfinal_leg_two.jpeg?imwidth=556 556w, https:\/\/editorial.uefa.com\/resources\/0297-1d5aec6e7618-494e4d0c3f69-1000\/format\/wide1\/germany_v_italy_-_uefa_nations_league_quarterfinal_leg_two.jpeg?imwidth=656 656w, https:\/\/editorial.uefa.com\/resources\/0297-1d5aec6e7618-494e4d0c3f69-1000\/format\/wide1\/germany_v_italy_-_uefa_nations_league_quarterfinal_leg_two.jpeg?imwidth=988 988w, https:\/\/editorial.uefa.com\/resources\/0297-1d5aec6e7618-494e4d0c3f69-1000\/format\/wide1\/germany_v_italy_-_uefa_nations_league_quarterfinal_leg_two.jpeg?imwidth=2048 2048w\" src=\"https:\/\/i0.wp.com\/editorial.uefa.com\/resources\/0297-1d5aec6e7618-494e4d0c3f69-1000\/format\/wide1\/germany_v_italy_-_uefa_nations_league_quarterfinal_leg_two.jpeg?w=640&#038;ssl=1\"\/><\/p>\n\n\n\n<h3 class=\"wp-block-heading\"><strong>Alineaciones probables<\/strong><\/h3>\n\n\n\n<p><strong><a href=\"https:\/\/es.uefa.com\/uefanationsleague\/teams\/47--germany\/\">Alemania<\/a><\/strong>: Ter Stegen; Kimmich, Tah, Koch, Raum; Goretzka, Gross; Adeyemi, Wirtz, San\u00e9; F\u00fcllkrug<br \/><strong>Bajas<\/strong>:Amiri,Bisseck, Havertz, Henrichs, Kleindienst, Musiala, R\u00fcdiger, Schlotterbeck, Stiller<\/p>\n\n\n\n<ul id=\"U32400315306EQy\" class=\"wp-block-list\">\n<li>Ter Stegen est\u00e1 llamado a recuperar el puesto de portero titular, pero Nagelsmann tiene otras dudas que solventar, empezando por si opta por una l\u00ednea defensiva de tres o cuatro hombres por delante del guardameta del Barcelona. Con Musiala lesionado, no sabemos a qui\u00e9n colocar\u00e1 junto a Florian Wirtz. Y en la delantera, \u00bfpodr\u00eda ser uno de los ganadores de la Copa de Alemania del Stuttgart, Undav o Woltemade, quien lidere la l\u00ednea en lugar del m\u00e1s experimentado F\u00fcllkrug?<\/li>\n<\/ul>\n\n\n\n<p><strong><a href=\"https:\/\/es.uefa.com\/uefanationsleague\/teams\/110--portugal\/\">Portugal<\/a><\/strong>: Diogo Costa; Dalot, R\u00faben Dias, Gon\u00e7alo In\u00e1cio, Nuno Mendes; Vitinha, Bruno Fernandes, Jo\u00e3o Neves; Bernardo Silva, Ronaldo, Rafael Le\u00e3o<\/p>\n\n\n\n<p><strong>Bajas<\/strong>: Jo\u00e3o Cancelo<\/p>\n\n\n\n<ul id=\"U55247507252uLZ\" class=\"wp-block-list\">\n<li>Es probable que Roberto Mart\u00ednez mantenga la confianza en los jugadores que ha venido utilizando en sus \u00faltimas convocatorias, aunque tendr\u00e1 que prescindir de Jo\u00e3o Cancelo, que es baja segura. El banquillo tiene profundidad con el regreso de Pedro Gon\u00e7alves, y no pierdan de vista al \u00faltimo prodigio portugu\u00e9s, Rodrigo Mora, de 18 a\u00f1os. El mediapunta del Porto ha sido convocado por primera vez con la selecci\u00f3n absoluta.<\/li>\n<\/ul>\n\n\n\n<h3 class=\"wp-block-heading\"><strong>La opini\u00f3n de los reporteros<\/strong><\/h3>\n\n\n\n<p><strong>James Thorogood, reportero de Alemania<\/strong><br \/>La final a cuatro de la Nations League representa un territorio desconocido para la debutante Alemania, que de las selecciones clasificadas es la que m\u00e1s tiempo lleva sin conquistar un gran t\u00edtulo. La UEFA EURO 2024 no produjo el momento de cuento de hadas que esperaban en casa, y la oportunidad de redimirse supone una motivaci\u00f3n a\u00f1adida, ya que los pupilos de Nagelsmann buscan aprovechar el apoyo de su afici\u00f3n en M\u00fanich, primero en la semifinal contra Portugal y luego esperan que tambi\u00e9n en la final cuatro d\u00edas despu\u00e9s.<\/p>\n\n\n\n<p><strong>Carlos Machado, reportero de Portugal<\/strong><br \/>Enfrentarse a los anfitriones ser\u00e1 una tarea de envergadura, pero la Sele\u00e7\u00e3o cuenta con las herramientas necesarias para disipar el optimismo local y desmantelar el potente ataque de Alemania. La cuesti\u00f3n es si sabr\u00e1 utilizarlas. Si juegan a su mejor nivel deber\u00edan tener lo suficiente para ir al menos un paso m\u00e1s all\u00e1 y meterse en la final.<\/p>\n\n\n\n<p><img data-recalc-dims=\"1\" decoding=\"async\" alt=\"Todos los goles de Portugal en su camino a la fase final de la Nations League\" srcset=\"https:\/\/editorial.uefa.com\/resources\/0297-1d5ccddd005b-5e3c704a7803-1000\/format\/wide1\/portugal_v_denmark_-_uefa_nations_league_quarterfinal_leg_two.jpeg?imwidth=158 158w, https:\/\/editorial.uefa.com\/resources\/0297-1d5ccddd005b-5e3c704a7803-1000\/format\/wide1\/portugal_v_denmark_-_uefa_nations_league_quarterfinal_leg_two.jpeg?imwidth=276 276w, https:\/\/editorial.uefa.com\/resources\/0297-1d5ccddd005b-5e3c704a7803-1000\/format\/wide1\/portugal_v_denmark_-_uefa_nations_league_quarterfinal_leg_two.jpeg?imwidth=280 280w, https:\/\/editorial.uefa.com\/resources\/0297-1d5ccddd005b-5e3c704a7803-1000\/format\/wide1\/portugal_v_denmark_-_uefa_nations_league_quarterfinal_leg_two.jpeg?imwidth=369 369w, https:\/\/editorial.uefa.com\/resources\/0297-1d5ccddd005b-5e3c704a7803-1000\/format\/wide1\/portugal_v_denmark_-_uefa_nations_league_quarterfinal_leg_two.jpeg?imwidth=490 490w, https:\/\/editorial.uefa.com\/resources\/0297-1d5ccddd005b-5e3c704a7803-1000\/format\/wide1\/portugal_v_denmark_-_uefa_nations_league_quarterfinal_leg_two.jpeg?imwidth=556 556w, https:\/\/editorial.uefa.com\/resources\/0297-1d5ccddd005b-5e3c704a7803-1000\/format\/wide1\/portugal_v_denmark_-_uefa_nations_league_quarterfinal_leg_two.jpeg?imwidth=656 656w, https:\/\/editorial.uefa.com\/resources\/0297-1d5ccddd005b-5e3c704a7803-1000\/format\/wide1\/portugal_v_denmark_-_uefa_nations_league_quarterfinal_leg_two.jpeg?imwidth=988 988w, https:\/\/editorial.uefa.com\/resources\/0297-1d5ccddd005b-5e3c704a7803-1000\/format\/wide1\/portugal_v_denmark_-_uefa_nations_league_quarterfinal_leg_two.jpeg?imwidth=2048 2048w\" src=\"https:\/\/i0.wp.com\/editorial.uefa.com\/resources\/0297-1d5ccddd005b-5e3c704a7803-1000\/format\/wide1\/portugal_v_denmark_-_uefa_nations_league_quarterfinal_leg_two.jpeg?w=640&#038;ssl=1\"\/><\/p>\n\n\n\n<h3 class=\"wp-block-heading\"><strong>Declaraciones de los seleccionadores<\/strong><\/h3>\n\n\n\n<p><strong>Julian Nagelsmann, seleccionador de Alemania<\/strong>: \u00abEl objetivo es ganar la Nations League. Queremos rendir, ofrecer resultados y ganar t\u00edtulos, y para nosotros como grupo es muy importante. Espa\u00f1a demostr\u00f3 lo importante que puede ser este torneo cuando lo gan\u00f3 antes de triunfar en la EURO 2024. Cuando miro las caras de nuestros jugadores, veo motivaci\u00f3n e ilusi\u00f3n. Estoy deseando ver el ambiente en el estadio\u00bb.<\/p>\n\n\n\n<p><strong>Roberto Mart\u00ednez, seleccionador de Portugal<\/strong>: \u00abEn el f\u00fatbol de selecciones no hay muchas oportunidades de ganar trofeos, y no hay nada mejor que hacerlo. Lo importante es que estamos aqu\u00ed, y en la final a cuatro es donde tenemos que estar. Este equipo ha demostrado una gran capacidad de recuperaci\u00f3n en estos dos a\u00f1os y medio, y enfrentarse a selecciones como Alemania, seguida quiz\u00e1s de Espa\u00f1a o Francia, son retos perfectos para seguir preparando al equipo para el Mundial\u00bb.<\/p>\n\n\n\n<h3 class=\"wp-block-heading\"><strong>Estado de forma (entre par\u00e9ntesis el resultado m\u00e1s reciente)<\/strong><\/h3>\n\n\n\n<p><strong><a href=\"https:\/\/es.uefa.com\/uefanationsleague\/teams\/47--germany\/\">Alemania<\/a><\/strong>: EVEVVV<\/p>\n\n\n\n<p><strong><a href=\"https:\/\/es.uefa.com\/uefanationsleague\/teams\/110--portugal\/\">Portugal<\/a><\/strong>: VDEVEV<\/p>\n\n\n\n<p>Calendario de la fase final de la Nations League<\/p>\n\n\n\n<p><strong>Semifinales<br \/><\/strong>4 de junio:&nbsp;<a href=\"https:\/\/es.uefa.com\/uefanationsleague\/match\/2043064--germany-vs-portugal\/\">Alemania &#8211; Portugal<\/a>&nbsp;(Munich Football Arena)<br \/>5 de junio:&nbsp;<a href=\"https:\/\/es.uefa.com\/uefanationsleague\/match\/2043065--spain-vs-france\/\">Espa\u00f1a &#8211; Francia<\/a>&nbsp;(Stuttgart Arena)<\/p>\n\n\n\n<p><strong>Partido por el tercer puesto<\/strong><br \/>8 de junio: los dos semifinalistas derrotados jugar\u00e1n el partido por el tercer puesto (Stuttgart Arena, 15:00 HEC)<\/p>\n\n\n\n<p><strong>Final<\/strong><br \/>8 de junio: Alemania\/Portugal &#8211; Espa\u00f1a\/Francia (Munich Football Arena)<\/p>\n\n\n\n<p><em>Todos los horarios son 21:00 HEC si no se indica lo contrario.<\/em><a href=\"https:\/\/es.uefa.com\/uefanationsleague\/app\/\">Descarga la app de la Nations League<\/a><\/p>\n\n\n\n<p>\u00a9 1998-2025 UEFA. All rights reserved.<\/p>\n","protected":false},"excerpt":{"rendered":"<p>\u00bfCu\u00e1ndo es? \u00bfC\u00f3mo puedo verlo? \u00bfCu\u00e1les son las alineaciones probables? Todo lo que necesitas saber sobre las semifinales de la UEFA Nations League entre Alemania y Portugal. Alemania y Portugal se enfrentan el mi\u00e9rcoles 4 de junio en la primera semifinal de la UEFA Nations League. Detalles del Alemania &#8211; Portugal Cu\u00e1ndo: mi\u00e9rcoles 4 de [&hellip;]<\/p>\n","protected":false},"author":1,"featured_media":187119,"comment_status":"closed","ping_status":"closed","sticky":false,"template":"","format":"standard","meta":{"_acf_changed":false,"_jetpack_memberships_contains_paid_content":false,"footnotes":"","jetpack_publicize_message":"","jetpack_publicize_feature_enabled":true,"jetpack_social_post_already_shared":true,"jetpack_social_options":{"image_generator_settings":{"template":"highway","default_image_id":0,"font":"","enabled":false},"version":2}},"categories":[1],"tags":[],"class_list":["post-187118","post","type-post","status-publish","format-standard","has-post-thumbnail","hentry","category-uncategorized"],"acf":[],"jetpack_publicize_connections":[],"jetpack_featured_media_url":"https:\/\/i0.wp.com\/sportseco.com\/wp-content\/uploads\/2025\/06\/unl24x25_-_head_to_head_x2_-_email_3_.webp?fit=988%2C556&ssl=1","jetpack_sharing_enabled":true,"_links":{"self":[{"href":"https:\/\/sportseco.com\/index.php?rest_route=\/wp\/v2\/posts\/187118","targetHints":{"allow":["GET"]}}],"collection":[{"href":"https:\/\/sportseco.com\/index.php?rest_route=\/wp\/v2\/posts"}],"about":[{"href":"https:\/\/sportseco.com\/index.php?rest_route=\/wp\/v2\/types\/post"}],"author":[{"embeddable":true,"href":"https:\/\/sportseco.com\/index.php?rest_route=\/wp\/v2\/users\/1"}],"replies":[{"embeddable":true,"href":"https:\/\/sportseco.com\/index.php?rest_route=%2Fwp%2Fv2%2Fcomments&post=187118"}],"version-history":[{"count":1,"href":"https:\/\/sportseco.com\/index.php?rest_route=\/wp\/v2\/posts\/187118\/revisions"}],"predecessor-version":[{"id":187120,"href":"https:\/\/sportseco.com\/index.php?rest_route=\/wp\/v2\/posts\/187118\/revisions\/187120"}],"wp:featuredmedia":[{"embeddable":true,"href":"https:\/\/sportseco.com\/index.php?rest_route=\/wp\/v2\/media\/187119"}],"wp:attachment":[{"href":"https:\/\/sportseco.com\/index.php?rest_route=%2Fwp%2Fv2%2Fmedia&parent=187118"}],"wp:term":[{"taxonomy":"category","embeddable":true,"href":"https:\/\/sportseco.com\/index.php?rest_route=%2Fwp%2Fv2%2Fcategories&post=187118"},{"taxonomy":"post_tag","embeddable":true,"href":"https:\/\/sportseco.com\/index.php?rest_route=%2Fwp%2Fv2%2Ftags&post=187118"}],"curies":[{"name":"wp","href":"https:\/\/api.w.org\/{rel}","templated":true}]}}