{"id":187457,"date":"2025-06-09T12:05:24","date_gmt":"2025-06-09T16:05:24","guid":{"rendered":"https:\/\/sportseco.com\/?p=187457"},"modified":"2025-06-09T12:05:29","modified_gmt":"2025-06-09T16:05:29","slug":"en-dauphine-milan-domina-issoire","status":"publish","type":"post","link":"https:\/\/sportseco.com\/?p=187457","title":{"rendered":"En Dauphin\u00e9,  Mil\u00e1n domina Issoire"},"content":{"rendered":"\n<p>En cuanto a potencia bruta, Jonathan Mil\u00e1n es una bestia. A pesar de verse descolgado en las subidas del d\u00eda, el sprinter italiano cont\u00f3 con el apoyo perfecto de su equipo Lidl-Trek para luchar por la victoria en Issoire, al final de la segunda etapa de la 77.\u00aa edici\u00f3n del Crit\u00e9rium du Dauphin\u00e9, donde nadie pudo acerc\u00e1rsele. En su primera participaci\u00f3n, Mil\u00e1n ya consigue su primera victoria en la carrera, y la sexta de una temporada que lo consolida como uno de los mejores sprinters del mundo, si no el mejor. Adem\u00e1s, le arrebata el maillot amarillo y blanco a Tadej Pogacar (41.\u00ba). En los caminos de su infancia, Romain Bardet (Picnic PostNL) atac\u00f3 en la recta final, la v\u00edspera de la salida desde Brioude, su ciudad natal.<\/p>\n\n\n\n<p>\u00a1\u00daltimo kil\u00f3metro de la segunda etapa!<\/p>\n\n\n\n<p>El sol brilla para acompa\u00f1ar al pelot\u00f3n de 153 hombres que parte de Pr\u00e9milhat al mediod\u00eda, con 204,6 km de recorrido por delante. La subida inicial inspira a los atacantes, pero los velocistas no quieren dejar escapar un grupo demasiado grande. Tras 8 kil\u00f3metros de batalla, Paul Ourselin (Cofidis) se escapa en solitario. El l\u00edder de la clasificaci\u00f3n de la Monta\u00f1a abre una ventaja de hasta 6\u201930\u2019\u2019 (km 25) y aprovecha esta oportunidad para sumar 6 puntos en la C\u00f4te de la Font Nanaud (cat. 4, km 33,4), la C\u00f4te de Saint-Priest-des-Champs (cat. 4, km 50,5), la C\u00f4te des Rivauds (cat. 3, km 61,1) y la C\u00f4te de Saint Jacques d\u2019Ambur (cat. 3, km 71,8), lo que pr\u00e1cticamente le asegura el maillot de lunares para un d\u00eda m\u00e1s.<\/p>\n\n\n\n<p>3 + 1 = 4 atacantes<br \/>Detr\u00e1s de Ourselin, varios ciclistas intentan contraatacar, pero el Lidl-Trek de Jonathan Milan y el Alpecin-Deceuninck de Mathieu Van der Poel unen fuerzas para controlar la jornada. En la cima de la C\u00f4te de Saint Jacques d\u2019Ambur, la diferencia se mantiene en 5\u201905\u2019\u2019. Baja a 1\u201915\u2019\u2019 en el sprint intermedio de Olby (km 102), a mitad de etapa.<br \/>Tres contraatacadores parten para unirse a Ourselin unos kil\u00f3metros m\u00e1s adelante: Romain Combaud (Picnic PostNL), Victor Guernalec (Arkea-B&amp;B Hotels) y Chris Juul-Jensen (Jayco AlUla). El pelot\u00f3n solo se queda a 20\u2019\u2019 en el km 106, pero los l\u00edderes ampl\u00edan la diferencia a 1\u201935\u2019\u2019 a 70 km de meta.<\/p>\n\n\n\n<p>Salvando al soldado Mil\u00e1n<br \/>En la subida principal del d\u00eda, la C\u00f4te du Ch\u00e2teau de Buron de 2.\u00aa categor\u00eda (3,3 km al 6,9%), Juul Jensen sube la apuesta. Guernalec se adelanta en la cima, mientras que Ourselin y Combaud son alcanzados por el pelot\u00f3n, a 55\u00bb de distancia.<\/p>\n\n\n\n<p>La carretera sigue en ascenso y Milan se queda atr\u00e1s a 55 kil\u00f3metros de meta. Tras una persecuci\u00f3n de 10 km con cuatro compa\u00f1eros de equipo de Lidl-Trek, el potente italiano regresa al pelot\u00f3n al entrar en el circuito final de 42,9 km.<\/p>\n\n\n\n<p>La maniobra especial de Bardet<br \/>En las carreteras de su infancia, Romain Bardet (Picnic PostNL) ataca en la C\u00f4te de Nonette (categor\u00eda 4) y abre una ventaja de 8\u00bb en la cima (17,9 km para la meta). El franc\u00e9s ampl\u00eda su ventaja a 20\u00bb, pero es alcanzado justo en los \u00faltimos 10 kil\u00f3metros.<br \/>Lidl-Trek toma el tim\u00f3n del pelot\u00f3n a los 3 \u00faltimos kil\u00f3metros para liderar a Milan. Mathieu Van der Poel sigue la rueda del italiano, pero nadie puede igualar la potencia de Milan cuando pisa a fondo. Fred Wright (Bahrain Victorious) y Van der Poel le siguen en el top 3 de la etapa. Con Tadej Pogacar en el puesto 41, Milan tambi\u00e9n se lleva el maillot amarillo y azul.<\/p>\n\n\n\n<figure class=\"wp-block-image size-large\"><img data-recalc-dims=\"1\" loading=\"lazy\" decoding=\"async\" width=\"640\" height=\"221\" src=\"https:\/\/i0.wp.com\/sportseco.com\/wp-content\/uploads\/2025\/06\/ff564.jpeg?resize=640%2C221&#038;ssl=1\" alt=\"\" class=\"wp-image-187458\" srcset=\"https:\/\/i0.wp.com\/sportseco.com\/wp-content\/uploads\/2025\/06\/ff564.jpeg?resize=1030%2C355&amp;ssl=1 1030w, https:\/\/i0.wp.com\/sportseco.com\/wp-content\/uploads\/2025\/06\/ff564.jpeg?resize=300%2C104&amp;ssl=1 300w, https:\/\/i0.wp.com\/sportseco.com\/wp-content\/uploads\/2025\/06\/ff564.jpeg?resize=768%2C265&amp;ssl=1 768w, https:\/\/i0.wp.com\/sportseco.com\/wp-content\/uploads\/2025\/06\/ff564.jpeg?resize=1536%2C530&amp;ssl=1 1536w, https:\/\/i0.wp.com\/sportseco.com\/wp-content\/uploads\/2025\/06\/ff564.jpeg?resize=2048%2C707&amp;ssl=1 2048w, https:\/\/i0.wp.com\/sportseco.com\/wp-content\/uploads\/2025\/06\/ff564.jpeg?w=1280&amp;ssl=1 1280w, https:\/\/i0.wp.com\/sportseco.com\/wp-content\/uploads\/2025\/06\/ff564.jpeg?w=1920&amp;ssl=1 1920w\" sizes=\"auto, (max-width: 640px) 100vw, 640px\" \/><\/figure>\n\n\n\n<p><\/p>\n\n\n\n<p><\/p>\n\n\n\n<p>criterium-du-dauphine.fr<\/p>\n","protected":false},"excerpt":{"rendered":"<p>En cuanto a potencia bruta, Jonathan Mil\u00e1n es una bestia. A pesar de verse descolgado en las subidas del d\u00eda, el sprinter italiano cont\u00f3 con el apoyo perfecto de su equipo Lidl-Trek para luchar por la victoria en Issoire, al final de la segunda etapa de la 77.\u00aa edici\u00f3n del Crit\u00e9rium du Dauphin\u00e9, donde nadie [&hellip;]<\/p>\n","protected":false},"author":1,"featured_media":187458,"comment_status":"closed","ping_status":"closed","sticky":false,"template":"","format":"standard","meta":{"_acf_changed":false,"_jetpack_memberships_contains_paid_content":false,"footnotes":"","jetpack_publicize_message":"","jetpack_publicize_feature_enabled":true,"jetpack_social_post_already_shared":true,"jetpack_social_options":{"image_generator_settings":{"template":"highway","default_image_id":0,"font":"","enabled":false},"version":2}},"categories":[14],"tags":[],"class_list":["post-187457","post","type-post","status-publish","format-standard","has-post-thumbnail","hentry","category-ciclismo"],"acf":[],"jetpack_publicize_connections":[],"jetpack_featured_media_url":"https:\/\/i0.wp.com\/sportseco.com\/wp-content\/uploads\/2025\/06\/ff564.jpeg?fit=2400%2C828&ssl=1","jetpack_sharing_enabled":true,"_links":{"self":[{"href":"https:\/\/sportseco.com\/index.php?rest_route=\/wp\/v2\/posts\/187457","targetHints":{"allow":["GET"]}}],"collection":[{"href":"https:\/\/sportseco.com\/index.php?rest_route=\/wp\/v2\/posts"}],"about":[{"href":"https:\/\/sportseco.com\/index.php?rest_route=\/wp\/v2\/types\/post"}],"author":[{"embeddable":true,"href":"https:\/\/sportseco.com\/index.php?rest_route=\/wp\/v2\/users\/1"}],"replies":[{"embeddable":true,"href":"https:\/\/sportseco.com\/index.php?rest_route=%2Fwp%2Fv2%2Fcomments&post=187457"}],"version-history":[{"count":1,"href":"https:\/\/sportseco.com\/index.php?rest_route=\/wp\/v2\/posts\/187457\/revisions"}],"predecessor-version":[{"id":187459,"href":"https:\/\/sportseco.com\/index.php?rest_route=\/wp\/v2\/posts\/187457\/revisions\/187459"}],"wp:featuredmedia":[{"embeddable":true,"href":"https:\/\/sportseco.com\/index.php?rest_route=\/wp\/v2\/media\/187458"}],"wp:attachment":[{"href":"https:\/\/sportseco.com\/index.php?rest_route=%2Fwp%2Fv2%2Fmedia&parent=187457"}],"wp:term":[{"taxonomy":"category","embeddable":true,"href":"https:\/\/sportseco.com\/index.php?rest_route=%2Fwp%2Fv2%2Fcategories&post=187457"},{"taxonomy":"post_tag","embeddable":true,"href":"https:\/\/sportseco.com\/index.php?rest_route=%2Fwp%2Fv2%2Ftags&post=187457"}],"curies":[{"name":"wp","href":"https:\/\/api.w.org\/{rel}","templated":true}]}}