{"id":187713,"date":"2025-06-14T15:46:05","date_gmt":"2025-06-14T19:46:05","guid":{"rendered":"https:\/\/sportseco.com\/?p=187713"},"modified":"2025-06-14T15:57:50","modified_gmt":"2025-06-14T19:57:50","slug":"pogacar-el-rey-absoluto","status":"publish","type":"post","link":"https:\/\/sportseco.com\/?p=187713","title":{"rendered":"Pogacar, el rey absoluto"},"content":{"rendered":"\n<p>Tras una primera exhibici\u00f3n de dominio en Combloux, Tadej Pogacar domin\u00f3 las cimas m\u00e1s altas del Crit\u00e9rium du Dauphin\u00e9 2025 para ganar la s\u00e9ptima etapa el s\u00e1bado. Visma-Lease a Bike intent\u00f3 presionar al UAE Team Emirates-XRG en las ascensiones del Col de la Madeleine y el Col de la Croix de Fer. Romain Bardet revivi\u00f3 sus mejores recuerdos de la zona con otro ataque de larga distancia. Pero al final, nadie pudo igualar el ritmo de Pogacar cuando atac\u00f3 a 12 kil\u00f3metros de la meta en Valmeinier 1800. El campe\u00f3n del mundo consigue su tercera victoria en este Crit\u00e9rium du Dauphin\u00e9, la d\u00e9cima este a\u00f1o, la duod\u00e9cima desde que se alz\u00f3 con el maillot arco\u00edris y la 98.\u00aa como ciclista profesional. \u00bfConseguir\u00e1 su 100\u00aa victoria ma\u00f1ana, \u00faltimo d\u00eda de carrera, con otra etapa de monta\u00f1a hacia Val-Cenis? Su ventaja en la clasificaci\u00f3n general sobre Jonas Vingegaard es de hasta 1\u201901\u2019\u2019.<\/p>\n\n\n\n<p>Crit\u00e9rium du Dauphin\u00e9 2025 &#8211; Resumen de la Etapa 7<\/p>\n\n\n\n<p>Al d\u00eda siguiente de la victoria de Tadej Pogacar en Combloux, llega el momento de afrontar las cimas m\u00e1s altas del Crit\u00e9rium du Dauphin\u00e9 2025. Partiendo de Grand-Aigueblanche, los ciclistas alcanzar\u00e1n los 2.000 metros de altitud en el Col de la Madeleine y el Col de la Croix de Fer antes de afrontar la ascensi\u00f3n final a Valmeinier 1800. Con tres puertos de monta\u00f1a y 4.800 metros de desnivel positivo, esta es la etapa reina de esta 77.\u00aa edici\u00f3n.<\/p>\n\n\n\n<p>Una batalla brutal en La Madeleine<\/p>\n\n\n\n<p>Un pelot\u00f3n de 135 hombres parti\u00f3 al mediod\u00eda y de inmediato se desat\u00f3 una feroz batalla en la subida a la primera subida de categor\u00eda media del Crit\u00e9rium du Dauphin\u00e9 2025. Visma-Lease a Bike est\u00e1 especialmente dispuesto a escaparse. Victor Campenaerts es el primer atacante del d\u00eda. Matteo Jorgenson tambi\u00e9n intenta escapar, antes de que Sepp Kuss finalmente se escape en un grupo de 15 hombres formado en varias oleadas.<\/p>\n\n\n\n<p>Valentin Paret-Peintre (Soudal Quick-Step) y Bruno Armirail (Decathlon AG2R La Mondiale) lideraron desde el km 8. Poco a poco, se les unieron m\u00e1s atacantes hasta que el grupo se asent\u00f3 en el km 23 con Kuss, Santiago Buitrago, Torstein Traeen (Bahrain Victorious), Sergio Higuita (XDS Astana), Ben Healy (EF Education-EasyPost), Ivan Romeo (Movistar), Andreas Lekessund (Uno-X Mobility), Cl\u00e9ment Braz Afonso (Groupama-FDJ), Alexey Lutsenko (Israel Premier-Tech), Romain Bardet, Juan Guillermo Mart\u00ednez (Picnic PostNL), Louis Meintjes (Intermarch\u00e9-Wanty) y Jordan Jegat (TotalEnergies).<\/p>\n\n\n\n<p>La carrera vuelve a estallar en La Croix de Fer.<\/p>\n\n\n\n<p>El UAE Team Emirates-XRG de Tadej Pogacar marc\u00f3 el ritmo en el pelot\u00f3n. La intensidad sigue siendo alta en el Col de la Croix de Fer. Guillaume Martin-Guyonnet sale del pelot\u00f3n y consigue acortar distancias con el grupo de cabeza, mientras que V. Paret-Peintre se queda atr\u00e1s. En ese punto, la diferencia alcanza un m\u00e1ximo de 2\u201905\u2019\u2019 (km 64).<\/p>\n\n\n\n<p>Tras ellos, Visma-Lease a Bike sube la apuesta bruscamente, lo que tambi\u00e9n obliga a los ciclistas de cabeza a acelerar. En la cima, Buitrago se adelanta. A tan solo 45 cm, Matteo Jorgenson lidera un grupo muy reducido en la general, compuesto por Jonas Vingegaard (Visma-Lease a Bike), Tadej Pogacar (UAE Team Emirates-XRG), Remco Evenepoel (Soudal Quick-Ste), Maxim Van Gils, Florian Lipowitz (Red Bull-Bora-Hansgrohe), Tobias Johannessen (Uno-X Mobility) y Paul Seixas (Decathlon AG2R La Mondiale).<\/p>\n\n\n\n<p>Pogacar se lanza hacia Valmeinier 1800<\/p>\n\n\n\n<p>En el descenso, Bardet acelera hacia Saint-Jean-de-Maurienne, donde consigui\u00f3 su primera victoria de etapa en el Tour de Francia en 2015. Pavel Sivakov (UAE Team Emirates-XRG) regresa al pelot\u00f3n para controlar la diferencia. Al final de la ascensi\u00f3n final a Valmeinier 1800, Bardet lidera con 35\u00bb de ventaja.<\/p>\n\n\n\n<p>El escalador franc\u00e9s es alcanzado a 13 kil\u00f3metros de la cima. Kuss ataca, Sivakov controla\u2026 Y Pogacar ataca a 12 km de meta. Vingegaard intenta resistir, con Lipowitz a su rueda. Pero la pendiente pone a todos en su lugar.<\/p>\n\n\n\n<p>En la cima, Pogacar celebra y se lleva la victoria con 14\u00bb de ventaja sobre Vingegaard, quien perd\u00eda 30\u00bb a falta de un kil\u00f3metro. Lipowitz completa el top 3 del d\u00eda (+1&#8217;21\u00bb) por delante de Johannessen (+2&#8217;26\u00bb) y Evenepoel (+2&#8217;39\u00bb).<\/p>\n\n\n\n<p>14\/06\/2025 &#8211; Crit\u00e9rium du Dauphin\u00e9 2025 &#8211; \u00c9tape 7 &#8211; Grand-Aigueblanche \/ Valmeinier 1800 (131,6 km) &#8211; Tadej POGACAR (UAE TEAM EMIRATES XRG)<br \/>14\/06\/2025 &#8211; Crit\u00e9rium du Dauphin\u00e9 2025 &#8211; \u00c9tape 7 &#8211; Grand-Aigueblanche \/ Valmeinier 1800 (131,6 km) &#8211; Tadej POGACAR (UAE TEAM EMIRATES XRG) \u00a9 A.S.O.\/Tony Esnault<\/p>\n\n\n\n<p><\/p>\n\n\n\n<p>criterium <\/p>\n\n\n\n<p>criterium-du-dauphin\u00e9.fr<\/p>\n","protected":false},"excerpt":{"rendered":"<p>Tras una primera exhibici\u00f3n de dominio en Combloux, Tadej Pogacar domin\u00f3 las cimas m\u00e1s altas del Crit\u00e9rium du Dauphin\u00e9 2025 para ganar la s\u00e9ptima etapa el s\u00e1bado. Visma-Lease a Bike intent\u00f3 presionar al UAE Team Emirates-XRG en las ascensiones del Col de la Madeleine y el Col de la Croix de Fer. Romain Bardet revivi\u00f3 [&hellip;]<\/p>\n","protected":false},"author":1,"featured_media":187714,"comment_status":"closed","ping_status":"closed","sticky":false,"template":"","format":"standard","meta":{"_acf_changed":false,"_jetpack_memberships_contains_paid_content":false,"footnotes":"","jetpack_publicize_message":"","jetpack_publicize_feature_enabled":true,"jetpack_social_post_already_shared":true,"jetpack_social_options":{"image_generator_settings":{"template":"highway","default_image_id":0,"font":"","enabled":false},"version":2}},"categories":[14],"tags":[],"class_list":["post-187713","post","type-post","status-publish","format-standard","has-post-thumbnail","hentry","category-ciclismo"],"acf":[],"jetpack_publicize_connections":[],"jetpack_featured_media_url":"https:\/\/i0.wp.com\/sportseco.com\/wp-content\/uploads\/2025\/06\/bc66e.jpeg?fit=2400%2C1600&ssl=1","jetpack_sharing_enabled":true,"_links":{"self":[{"href":"https:\/\/sportseco.com\/index.php?rest_route=\/wp\/v2\/posts\/187713","targetHints":{"allow":["GET"]}}],"collection":[{"href":"https:\/\/sportseco.com\/index.php?rest_route=\/wp\/v2\/posts"}],"about":[{"href":"https:\/\/sportseco.com\/index.php?rest_route=\/wp\/v2\/types\/post"}],"author":[{"embeddable":true,"href":"https:\/\/sportseco.com\/index.php?rest_route=\/wp\/v2\/users\/1"}],"replies":[{"embeddable":true,"href":"https:\/\/sportseco.com\/index.php?rest_route=%2Fwp%2Fv2%2Fcomments&post=187713"}],"version-history":[{"count":2,"href":"https:\/\/sportseco.com\/index.php?rest_route=\/wp\/v2\/posts\/187713\/revisions"}],"predecessor-version":[{"id":187717,"href":"https:\/\/sportseco.com\/index.php?rest_route=\/wp\/v2\/posts\/187713\/revisions\/187717"}],"wp:featuredmedia":[{"embeddable":true,"href":"https:\/\/sportseco.com\/index.php?rest_route=\/wp\/v2\/media\/187714"}],"wp:attachment":[{"href":"https:\/\/sportseco.com\/index.php?rest_route=%2Fwp%2Fv2%2Fmedia&parent=187713"}],"wp:term":[{"taxonomy":"category","embeddable":true,"href":"https:\/\/sportseco.com\/index.php?rest_route=%2Fwp%2Fv2%2Fcategories&post=187713"},{"taxonomy":"post_tag","embeddable":true,"href":"https:\/\/sportseco.com\/index.php?rest_route=%2Fwp%2Fv2%2Ftags&post=187713"}],"curies":[{"name":"wp","href":"https:\/\/api.w.org\/{rel}","templated":true}]}}