{"id":187774,"date":"2025-06-15T21:28:15","date_gmt":"2025-06-16T01:28:15","guid":{"rendered":"https:\/\/sportseco.com\/?p=187774"},"modified":"2025-06-15T21:28:19","modified_gmt":"2025-06-16T01:28:19","slug":"duplantis-rompe-el-record-mundial-de-salto-con-pertiga-con-628-m-en-estocolmo","status":"publish","type":"post","link":"https:\/\/sportseco.com\/?p=187774","title":{"rendered":"Duplantis rompe el r\u00e9cord mundial de salto con p\u00e9rtiga con 6,28 m en Estocolmo"},"content":{"rendered":"\n<p>El sueco Mondo Duplantis volvi\u00f3 a batir su propio r\u00e9cord mundial de salto con p\u00e9rtiga en la competici\u00f3n de la Liga Diamante Wanda en Estocolmo, al superar los 6,28 m* en su primer intento en el Estadio Ol\u00edmpico de 1912 el domingo (15).<\/p>\n\n\n\n<p>Romper el r\u00e9cord mundial es algo que el bicampe\u00f3n ol\u00edmpico de 25 a\u00f1os hab\u00eda logrado en 11 ocasiones anteriores, pero nunca antes lo hab\u00eda hecho en su estadio. Su alegr\u00eda fue desbordante al saltar del foso, arrancarse la camiseta y levantar los pu\u00f1os en medio del clamor general.<\/p>\n\n\n\n<p>Un salto de 6,00 m en su primera prueba hab\u00eda vencido al persistente desaf\u00edo de su \u00faltimo rival del d\u00eda, el australiano Kurtis Marschall. Sin embargo, en lugar de intentar batir su propio r\u00e9cord de 6,16 m, Duplantis elev\u00f3 el list\u00f3n un cent\u00edmetro por encima de los 6,27 m que super\u00f3 en Clermont-Ferrand en febrero.<\/p>\n\n\n\n<p>En los \u00faltimos 30 segundos del tiempo asignado, tras esperar a que amainara la escasa brisa, el centro de atenci\u00f3n cumpli\u00f3 todas las expectativas al pasar por encima con un leve contacto con el list\u00f3n. Su duod\u00e9cimo r\u00e9cord mundial, y sumando.<\/p>\n\n\n\n<p>\u00abMe siento con las pilas cargadas ahora mismo\u00bb, declar\u00f3 Duplantis, quien salt\u00f3 los 6,15 m en Oslo el jueves. Tengo mucha familia aqu\u00ed. La primera vez que salt\u00e9 en este estadio, cuando ten\u00eda 11 a\u00f1os, llov\u00eda y hac\u00eda fr\u00edo, y salt\u00e9 justo por debajo de los cuatro metros; era bastante alto para mi corta edad.<\/p>\n\n\n\n<p>Voy a disfrutarlo, disfrutar del momento. T\u00e9cnicamente, no hay mucha diferencia entre los 6,30 m y yo. Estoy a un d\u00eda perfecto de lograrlo.<\/p>\n\n\n\n<p><\/p>\n\n\n\n<p><\/p>\n\n\n\n<p>worldathletic.org<\/p>\n\n\n\n<p><\/p>\n","protected":false},"excerpt":{"rendered":"<p>El sueco Mondo Duplantis volvi\u00f3 a batir su propio r\u00e9cord mundial de salto con p\u00e9rtiga en la competici\u00f3n de la Liga Diamante Wanda en Estocolmo, al superar los 6,28 m* en su primer intento en el Estadio Ol\u00edmpico de 1912 el domingo (15). Romper el r\u00e9cord mundial es algo que el bicampe\u00f3n ol\u00edmpico de 25 [&hellip;]<\/p>\n","protected":false},"author":1,"featured_media":187775,"comment_status":"closed","ping_status":"closed","sticky":false,"template":"","format":"standard","meta":{"_acf_changed":false,"_jetpack_memberships_contains_paid_content":false,"footnotes":"","jetpack_publicize_message":"","jetpack_publicize_feature_enabled":true,"jetpack_social_post_already_shared":true,"jetpack_social_options":{"image_generator_settings":{"template":"highway","default_image_id":0,"font":"","enabled":false},"version":2}},"categories":[15],"tags":[],"class_list":["post-187774","post","type-post","status-publish","format-standard","has-post-thumbnail","hentry","category-atletismo"],"acf":[],"jetpack_publicize_connections":[],"jetpack_featured_media_url":"https:\/\/i0.wp.com\/sportseco.com\/wp-content\/uploads\/2025\/06\/eyJrZXkiOiI2ODRmMDZiNTZmM2E0OTdmNTgxN2Y0ODUuanBnIiwiZWRpdHMiOnsiZXh0cmFjdCI6eyJsZWZ0IjowLCJ0b3AiOjI3NCwid2lkdGgiOjI4MDAsImhlaWdodCI6MTAwMH0sInJlc2l6ZSI6eyJ3aWR0aCI6MjAwMCwiaGVpZ2h0Ijo3MTR9fX0.jpeg?fit=2000%2C714&ssl=1","jetpack_sharing_enabled":true,"_links":{"self":[{"href":"https:\/\/sportseco.com\/index.php?rest_route=\/wp\/v2\/posts\/187774","targetHints":{"allow":["GET"]}}],"collection":[{"href":"https:\/\/sportseco.com\/index.php?rest_route=\/wp\/v2\/posts"}],"about":[{"href":"https:\/\/sportseco.com\/index.php?rest_route=\/wp\/v2\/types\/post"}],"author":[{"embeddable":true,"href":"https:\/\/sportseco.com\/index.php?rest_route=\/wp\/v2\/users\/1"}],"replies":[{"embeddable":true,"href":"https:\/\/sportseco.com\/index.php?rest_route=%2Fwp%2Fv2%2Fcomments&post=187774"}],"version-history":[{"count":1,"href":"https:\/\/sportseco.com\/index.php?rest_route=\/wp\/v2\/posts\/187774\/revisions"}],"predecessor-version":[{"id":187778,"href":"https:\/\/sportseco.com\/index.php?rest_route=\/wp\/v2\/posts\/187774\/revisions\/187778"}],"wp:featuredmedia":[{"embeddable":true,"href":"https:\/\/sportseco.com\/index.php?rest_route=\/wp\/v2\/media\/187775"}],"wp:attachment":[{"href":"https:\/\/sportseco.com\/index.php?rest_route=%2Fwp%2Fv2%2Fmedia&parent=187774"}],"wp:term":[{"taxonomy":"category","embeddable":true,"href":"https:\/\/sportseco.com\/index.php?rest_route=%2Fwp%2Fv2%2Fcategories&post=187774"},{"taxonomy":"post_tag","embeddable":true,"href":"https:\/\/sportseco.com\/index.php?rest_route=%2Fwp%2Fv2%2Ftags&post=187774"}],"curies":[{"name":"wp","href":"https:\/\/api.w.org\/{rel}","templated":true}]}}