{"id":188297,"date":"2025-06-25T16:48:42","date_gmt":"2025-06-25T20:48:42","guid":{"rendered":"https:\/\/sportseco.com\/?p=188297"},"modified":"2025-06-25T16:48:47","modified_gmt":"2025-06-25T20:48:47","slug":"recorrido-oficial-de-la-vuelta-a-colombia-2025","status":"publish","type":"post","link":"https:\/\/sportseco.com\/?p=188297","title":{"rendered":"Recorrido oficial de la Vuelta a Colombia 2025"},"content":{"rendered":"\n<figure class=\"wp-block-image\"><img data-recalc-dims=\"1\" decoding=\"async\" src=\"https:\/\/i0.wp.com\/efbt585jris.exactdn.com\/wp-content\/uploads\/2025\/06\/VColombia2024-PodioFinal.jpg?w=640&#038;ssl=1\" alt=\"\"\/><\/figure>\n\n\n\n<p>La Federaci\u00f3n Colombiana de Ciclismo presenta el recorrido oficial de la edici\u00f3n 75 de la Vuelta a Colombia Masculina, que se disputar\u00e1 del 1 al 10 de agosto y que recorrer\u00e1 m\u00e1s de 1.822 kil\u00f3metros entre los departamentos de Casanare, Boyac\u00e1, Cundinamarca, Tolima, Quind\u00edo y Valle.<\/p>\n\n\n\n<p>La Vuelta a Colombia, que se disputa de manera ininterrumpida desde 1951, iniciar\u00e1 en el departamento de Casanare, el viernes 1 de agosto, con una fracci\u00f3n de 206 kil\u00f3metros, con salida y llegada en Yopal, y paso por el municipio de Monterrey, con final ideal para los sprinters.<\/p>\n\n\n\n<p>La segunda etapa, saldr\u00e1 de Yopal, con destino al Alto del Porvenir (152.7km), en la que ser\u00e1 la primera oportunidad para los escaladores que disputar\u00e1n la monta\u00f1a, mientras que en Aguazul se dar\u00e1 inicio a la tercera fracci\u00f3n, que culminar\u00e1 en Guateque (189.1km).<\/p>\n\n\n\n<p>La cuarta etapa saldr\u00e1 del Parque Principal de Guateque (Boyac\u00e1), con destino al municipio de Duitama, en fracci\u00f3n que tendr\u00e1 un recorrido de 178.9 kil\u00f3metros.<\/p>\n\n\n\n<p>El martes 5 de agosto, se disputar\u00e1 la quinta etapa con una fracci\u00f3n de 150.9 kil\u00f3metros, entre Duitama y Tocancip\u00e1.<\/p>\n\n\n\n<p>La sexta etapa, la m\u00e1s larga de la carrera, saldr\u00e1 de Mosquera hasta el emblem\u00e1tico Alto de La L\u00ednea, uno de los puertos de monta\u00f1a m\u00e1s desafiantes del pa\u00eds (232 km).<\/p>\n\n\n\n<p>La s\u00e9ptima fracci\u00f3n partir\u00e1 desde Armenia, con destino a Cali (185.2km), mientras que la octava jornada saldr\u00e1 de la capital vallecaucana rumbo a La Tebaida (171.4km).<\/p>\n\n\n\n<p>El s\u00e1bado 9 de agosto se disputar\u00e1 la novena etapa, con un recorrido de 217 kil\u00f3metros, con salida en Alvarado (Tolima) y llegada en el Alto del Vino.<\/p>\n\n\n\n<p>La carrera por etapas m\u00e1s importante del calendario nacional terminar\u00e1 el domingo 10 de agosto, con una fracci\u00f3n de 139 kil\u00f3metros, entre Sop\u00f3 y Bogot\u00e1, en la que se conocer\u00e1 al nuevo campe\u00f3n de la carrera por etapas m\u00e1s importante del calendario nacional.<\/p>\n\n\n\n<p>La Vuelta a Colombia 2025 se podr\u00e1 ver en directo a trav\u00e9s del Canal RCN, y se podr\u00e1 seguir en las redes sociales de la Federaci\u00f3n Colombiana de Ciclismo (@fedeciclismocolombia) con el hashtag #VColombia2025<\/p>\n\n\n\n<p><strong>Recorrido Oficial Vuelta a Colombia 2025:<\/strong><\/p>\n\n\n\n<p><strong>1 ETAPA (viernes 1 agosto) Yopal<\/strong><br \/>Yopal \u2013 Monterrey \u2013 Regreso \u2013 Yopal<br \/>Distancia: 206 km.<\/p>\n\n\n\n<p><strong>2 ETAPA (s\u00e1bado 2 agosto) Yopal \u2013 Alto del Porvenir<\/strong><br \/>Yopal \u2013 Monterrey \u2013 Aguaclara \u2013 Regreso \u2013 Alto del Porvenir<br \/>Distancia: 152.7 km.<\/p>\n\n\n\n<p><strong>3 ETAPA (domingo 3 agosto) Aguazul \u2013 Guateque<\/strong><br \/>Aguazul \u2013 Monterrey \u2013 Aguaclara \u2013 San Luis de Gaceno \u2013 Santa Mar\u00eda \u2013 Macanal \u2013 Guateque<br \/>Distancia: 189.1 km.<\/p>\n\n\n\n<p><strong>4 ETAPA (lunes 4 agosto) Guateque \u2013 Duitama<\/strong><br \/>Guateque \u2013 Machet\u00e1 \u2013 Sisga \u2013 Chocont\u00e1 \u2013 Villapinz\u00f3n \u2013 Ventaquemada \u2013 Tunja \u2013 Paipa \u2013 Duitama<br \/>Distancia: 178.9 km.<\/p>\n\n\n\n<p><strong>5 ETAPA (martes 5 agosto) Duitama \u2013 Tocancip\u00e1<\/strong><br \/>Duitama \u2013 Paipa \u2013 Tunja \u2013 Ventaquemada \u2013 Villapinz\u00f3n \u2013 Chocont\u00e1 \u2013 Gachancip\u00e1 \u2013 Tocancip\u00e1<br \/>Distancia: 150.9 km.<\/p>\n\n\n\n<p><strong>6 ETAPA (mi\u00e9rcoles 6 agosto) Mosquera \u2013 Alto de La L\u00ednea<\/strong><br \/>Mosquera \u2013 La Mesa \u2013 Anapoima \u2013 Girardot \u2013 Variante Gualanday \u2013 Variante Ibagu\u00e9 \u2013 Cajamarca \u2013 Alto de La L\u00ednea<br \/>Distancia: 232 km.<\/p>\n\n\n\n<p><strong>7 ETAPA (jueves 7 agosto) Armenia \u2013 Cali<\/strong><br \/>Armenia \u2013 La Paila \u2013 Andaluc\u00eda \u2013 Tulu\u00e1 \u2013 Buga \u2013 Palmira \u2013 Cali<br \/>Distancia: 185.2 km.<\/p>\n\n\n\n<p><strong>8 ETAPA (viernes 8 agosto) Cali \u2013 La Tebaida<\/strong><br \/>Cali \u2013 Palmira \u2013 Buga \u2013 Tulu\u00e1 \u2013 Andaluc\u00eda \u2013 La Paila \u2013 La Tebaida<br \/>Distancia: 171.4 km.<\/p>\n\n\n\n<p><strong>9 ETAPA (s\u00e1bado 9 agosto) Alvarado \u2013 Alto del Vino<\/strong><br \/>Alvarado \u2013 Venadillo \u2013 L\u00e9rida \u2013 Mariquita \u2013 Honda \u2013 Guaduas \u2013 Villeta \u2013 La Vega \u2013 Alto del Vino<br \/>Distancia: 217 km.<\/p>\n\n\n\n<p><strong>10 ETAPA (domingo 10 agosto) Sop\u00f3 \u2013 Bogot\u00e1<\/strong><br \/>Sop\u00f3 \u2013 Tocancip\u00e1 \u2013 Gachancip\u00e1 \u2013 Sisga \u2013 Chocont\u00e1 \u2013 Regreso \u2013 Sisga \u2013 Sesquil\u00e9 \u2013 Guatavita \u2013 La Calera \u2013 Bogot\u00e1<br \/>Distancia: 139 km.<\/p>\n\n\n\n<p><strong>Distancia total en kil\u00f3metros: 1.822.2<\/strong><\/p>\n\n\n\n<p><strong>Hashtag oficial: #VColombia2025<\/strong><\/p>\n\n\n\n<p><\/p>\n\n\n\n<p><\/p>\n\n\n\n<p>federacioncolombianadeciclismo.com<\/p>\n","protected":false},"excerpt":{"rendered":"<p>La Federaci\u00f3n Colombiana de Ciclismo presenta el recorrido oficial de la edici\u00f3n 75 de la Vuelta a Colombia Masculina, que se disputar\u00e1 del 1 al 10 de agosto y que recorrer\u00e1 m\u00e1s de 1.822 kil\u00f3metros entre los departamentos de Casanare, Boyac\u00e1, Cundinamarca, Tolima, Quind\u00edo y Valle. La Vuelta a Colombia, que se disputa de manera [&hellip;]<\/p>\n","protected":false},"author":1,"featured_media":188298,"comment_status":"closed","ping_status":"closed","sticky":false,"template":"","format":"standard","meta":{"_acf_changed":false,"_jetpack_memberships_contains_paid_content":false,"footnotes":"","jetpack_publicize_message":"","jetpack_publicize_feature_enabled":true,"jetpack_social_post_already_shared":true,"jetpack_social_options":{"image_generator_settings":{"template":"highway","default_image_id":0,"font":"","enabled":false},"version":2}},"categories":[14],"tags":[],"class_list":["post-188297","post","type-post","status-publish","format-standard","has-post-thumbnail","hentry","category-ciclismo"],"acf":[],"jetpack_publicize_connections":[],"jetpack_featured_media_url":"https:\/\/i0.wp.com\/sportseco.com\/wp-content\/uploads\/2025\/06\/Vuelta-a-Colombia-2024-PodioFinal-ciclismo.png?fit=1200%2C675&ssl=1","jetpack_sharing_enabled":true,"_links":{"self":[{"href":"https:\/\/sportseco.com\/index.php?rest_route=\/wp\/v2\/posts\/188297","targetHints":{"allow":["GET"]}}],"collection":[{"href":"https:\/\/sportseco.com\/index.php?rest_route=\/wp\/v2\/posts"}],"about":[{"href":"https:\/\/sportseco.com\/index.php?rest_route=\/wp\/v2\/types\/post"}],"author":[{"embeddable":true,"href":"https:\/\/sportseco.com\/index.php?rest_route=\/wp\/v2\/users\/1"}],"replies":[{"embeddable":true,"href":"https:\/\/sportseco.com\/index.php?rest_route=%2Fwp%2Fv2%2Fcomments&post=188297"}],"version-history":[{"count":1,"href":"https:\/\/sportseco.com\/index.php?rest_route=\/wp\/v2\/posts\/188297\/revisions"}],"predecessor-version":[{"id":188299,"href":"https:\/\/sportseco.com\/index.php?rest_route=\/wp\/v2\/posts\/188297\/revisions\/188299"}],"wp:featuredmedia":[{"embeddable":true,"href":"https:\/\/sportseco.com\/index.php?rest_route=\/wp\/v2\/media\/188298"}],"wp:attachment":[{"href":"https:\/\/sportseco.com\/index.php?rest_route=%2Fwp%2Fv2%2Fmedia&parent=188297"}],"wp:term":[{"taxonomy":"category","embeddable":true,"href":"https:\/\/sportseco.com\/index.php?rest_route=%2Fwp%2Fv2%2Fcategories&post=188297"},{"taxonomy":"post_tag","embeddable":true,"href":"https:\/\/sportseco.com\/index.php?rest_route=%2Fwp%2Fv2%2Ftags&post=188297"}],"curies":[{"name":"wp","href":"https:\/\/api.w.org\/{rel}","templated":true}]}}