{"id":188358,"date":"2025-06-26T17:50:53","date_gmt":"2025-06-26T21:50:53","guid":{"rendered":"https:\/\/sportseco.com\/?p=188358"},"modified":"2025-06-26T17:50:57","modified_gmt":"2025-06-26T21:50:57","slug":"minambiente-promueve-reconocimiento-a-los-profesionales-oceanicos","status":"publish","type":"post","link":"https:\/\/sportseco.com\/?p=188358","title":{"rendered":"Minambiente promueve reconocimiento a los profesionales oce\u00e1nicos"},"content":{"rendered":"\n<figure class=\"wp-block-image\"><img data-recalc-dims=\"1\" decoding=\"async\" src=\"https:\/\/i0.wp.com\/www.minambiente.gov.co\/wp-content\/uploads\/2025\/06\/Nota-la-gente-del-mar.jpg?w=640&#038;ssl=1\" alt=\"Minambiente promueve reconocimiento a los profesionales oce\u00e1nicos\" title=\"Minambiente promueve reconocimiento a los profesionales oce\u00e1nicos\"\/><\/figure>\n\n\n\n<p><strong>Bogot\u00e1, 26 de junio de 2025 (@Minambienteco) \u2013&nbsp;<\/strong>La ministra de Ambiente y Desarrollo Sostenible, Lena Estrada, se uni\u00f3 a la campa\u00f1a de la Organizaci\u00f3n Mar\u00edtima Internacional (OMI), \u00abMi buque libre de Acoso\u00bb y agradeci\u00f3 a los profesionales del mar (oficiales de marina, marineros y trabajadores mar\u00edtimos) que, con su valent\u00eda y esfuerzo, navegan los oc\u00e9anos del mundo para hacer posible el comercio mar\u00edtimo internacional, la econom\u00eda y seguridad global y aportan a la sociedad en general.<\/p>\n\n\n\n<p>Esta fecha fue establecida por la OMI, durante la Conferencia de Manila del a\u00f1o 2010. La Conferencia denomin\u00f3 en esa fecha el \u00abA\u00f1o de la Gente de Mar\u00bb, cuyo objetivo fue proporcionar a la comunidad mar\u00edtima una oportunidad para rendir homenaje a los marinos, por su contribuci\u00f3n a la sociedad al facilitar el comercio mundial y para procurar el cuidado del ambiente mar\u00edtimo.<\/p>\n\n\n\n<p>Este a\u00f1o, el lema del D\u00eda de la Gente de Mar se centra en el empoderamiento de la mujer en la comunidad mar\u00edtima, un enfoque de g\u00e9nero promovido por la OMI, por ello, desde el Ministerio de Ambiente, se reconoce tambi\u00e9n, la labor de la mujer y las familias de los profesionales del mar de todo el mundo, por su contribuci\u00f3n a la sociedad y por el apoyo que brindan desde sus hogares a quienes han zarpado de puerto y con esperanza de su triunfal y pronto regreso.<\/p>\n\n\n\n<p>La OMI promueve varios tratados, en el que destacamos el Tratado de Protecci\u00f3n Marina que corresponde a la prevenci\u00f3n de la contaminaci\u00f3n mar\u00edtima a causa del transporte de los buques.<\/p>\n\n\n\n<p>Sea esta la oportunidad para reconocer a los profesionales del mar por sus aportes, por hacer posible el transporte de mercanc\u00edas a trav\u00e9s de los oc\u00e9anos, la econom\u00eda global y contribuyen a mejorar las condiciones de vida de la sociedad, se\u00f1al\u00f3 la ministra Lena Estrada.<\/p>\n\n\n\n<p>El transporte mar\u00edtimo internacional es&nbsp;vital&nbsp;para el comercio global, ya que representa&nbsp;cerca del&nbsp;80 % del transporte mundial de mercanc\u00edas, seg\u00fan la OMI, que adem\u00e1s tiene la responsabilidad de todos los aspectos del transporte mar\u00edtimo, desde dise\u00f1o y construcci\u00f3n de naves hasta su funcionamiento y desguace, con el objetivo de asegurar seguridad, protecci\u00f3n, eficiencia energ\u00e9tica y respeto al medio ambiente.<\/p>\n\n\n\n<p><\/p>\n\n\n\n<p>minambiente.gov.co<\/p>\n","protected":false},"excerpt":{"rendered":"<p>Bogot\u00e1, 26 de junio de 2025 (@Minambienteco) \u2013&nbsp;La ministra de Ambiente y Desarrollo Sostenible, Lena Estrada, se uni\u00f3 a la campa\u00f1a de la Organizaci\u00f3n Mar\u00edtima Internacional (OMI), \u00abMi buque libre de Acoso\u00bb y agradeci\u00f3 a los profesionales del mar (oficiales de marina, marineros y trabajadores mar\u00edtimos) que, con su valent\u00eda y esfuerzo, navegan los oc\u00e9anos [&hellip;]<\/p>\n","protected":false},"author":1,"featured_media":188359,"comment_status":"closed","ping_status":"closed","sticky":false,"template":"","format":"standard","meta":{"_acf_changed":false,"_jetpack_memberships_contains_paid_content":false,"footnotes":"","jetpack_publicize_message":"","jetpack_publicize_feature_enabled":true,"jetpack_social_post_already_shared":true,"jetpack_social_options":{"image_generator_settings":{"template":"highway","default_image_id":0,"font":"","enabled":false},"version":2}},"categories":[1],"tags":[],"class_list":["post-188358","post","type-post","status-publish","format-standard","has-post-thumbnail","hentry","category-uncategorized"],"acf":[],"jetpack_publicize_connections":[],"jetpack_featured_media_url":"https:\/\/i0.wp.com\/sportseco.com\/wp-content\/uploads\/2025\/06\/Nota-la-gente-del-mar.jpg?fit=799%2C533&ssl=1","jetpack_sharing_enabled":true,"_links":{"self":[{"href":"https:\/\/sportseco.com\/index.php?rest_route=\/wp\/v2\/posts\/188358","targetHints":{"allow":["GET"]}}],"collection":[{"href":"https:\/\/sportseco.com\/index.php?rest_route=\/wp\/v2\/posts"}],"about":[{"href":"https:\/\/sportseco.com\/index.php?rest_route=\/wp\/v2\/types\/post"}],"author":[{"embeddable":true,"href":"https:\/\/sportseco.com\/index.php?rest_route=\/wp\/v2\/users\/1"}],"replies":[{"embeddable":true,"href":"https:\/\/sportseco.com\/index.php?rest_route=%2Fwp%2Fv2%2Fcomments&post=188358"}],"version-history":[{"count":1,"href":"https:\/\/sportseco.com\/index.php?rest_route=\/wp\/v2\/posts\/188358\/revisions"}],"predecessor-version":[{"id":188360,"href":"https:\/\/sportseco.com\/index.php?rest_route=\/wp\/v2\/posts\/188358\/revisions\/188360"}],"wp:featuredmedia":[{"embeddable":true,"href":"https:\/\/sportseco.com\/index.php?rest_route=\/wp\/v2\/media\/188359"}],"wp:attachment":[{"href":"https:\/\/sportseco.com\/index.php?rest_route=%2Fwp%2Fv2%2Fmedia&parent=188358"}],"wp:term":[{"taxonomy":"category","embeddable":true,"href":"https:\/\/sportseco.com\/index.php?rest_route=%2Fwp%2Fv2%2Fcategories&post=188358"},{"taxonomy":"post_tag","embeddable":true,"href":"https:\/\/sportseco.com\/index.php?rest_route=%2Fwp%2Fv2%2Ftags&post=188358"}],"curies":[{"name":"wp","href":"https:\/\/api.w.org\/{rel}","templated":true}]}}