{"id":188368,"date":"2025-06-27T09:23:59","date_gmt":"2025-06-27T13:23:59","guid":{"rendered":"https:\/\/sportseco.com\/?p=188368"},"modified":"2025-06-27T09:24:05","modified_gmt":"2025-06-27T13:24:05","slug":"dia-internacional-de-la-sordoceguera-27-de-junio","status":"publish","type":"post","link":"https:\/\/sportseco.com\/?p=188368","title":{"rendered":"D\u00eda Internacional de la Sordoceguera, 27 de junio"},"content":{"rendered":"\n<p><img data-recalc-dims=\"1\" decoding=\"async\" src=\"https:\/\/i0.wp.com\/www.un.org\/sites\/un2.un.org\/files\/styles\/banner-image-style-27-10\/public\/2025\/06\/sigmund-he1zw44zm_y-unsplash2.png?w=640&#038;ssl=1\" alt=\"Una persona utilizando un dispositivo de visualizaci\u00f3n braille con ambas manos.\"\/><\/p>\n\n\n\n<p>Una persona ciega utiliza un terminal de braille, un dispositivo de tecnolog\u00eda de asistencia que convierte el texto digital en caracteres braille.<\/p>\n\n\n\n<p><strong>Foto:<\/strong>Sigmund\/Unsplash<\/p>\n\n\n\n<h2 class=\"wp-block-heading\">Reconocer la sordoceguera como una discapacidad diferenciada con necesidades espec\u00edficas<\/h2>\n\n\n\n<p>La sordoceguera es una combinaci\u00f3n de deficiencia visual y auditiva de tal gravedad que es dif\u00edcil que los sentidos afectados se compensen entre s\u00ed y, por lo tanto, constituye una discapacidad diferenciada que presenta sus propios retos, barreras y requerimientos espec\u00edficos de apoyo e inclusi\u00f3n, diferentes de los de las personas que son \u00fanicamente sordas o ciegas.<\/p>\n\n\n\n<p>Las personas sordociegas se enfrentan a&nbsp;barreras por el hecho de que no se trate o reconozca la sordoceguera como una discapacidad diferenciada, lo que a su vez provoca su invisibilidad en las estad\u00edsticas, pol\u00edticas y programas y, por consiguiente, dificulta el acceso a servicios.<\/p>\n\n\n\n<p>Los gu\u00edas int\u00e9rpretes e int\u00e9rpretes profesionales para personas sordociegas son fundamentales para&nbsp;asegurar el acceso a la informaci\u00f3n, la comunicaci\u00f3n, los servicios y los derechos fundamentales, as\u00ed como para que las personas con sordoceguera puedan vivir de forma independiente y ser incluidas en la comunidad.<\/p>\n\n\n\n<figure class=\"wp-block-image\"><img data-recalc-dims=\"1\" decoding=\"async\" src=\"https:\/\/i0.wp.com\/www.un.org\/sites\/un2.un.org\/files\/un7481139.jpg?w=640&#038;ssl=1\" alt=\"Two women sit together; one wears headphones, while the other holds her hand.\"\/><\/figure>\n\n\n\n<h3 class=\"wp-block-heading\">\u00bfPor qu\u00e9 el 27 de junio?<\/h3>\n\n\n\n<p>La Asamblea General adopt\u00f3 la&nbsp;<a href=\"https:\/\/docs.un.org\/es\/A\/79\/L.92\">resoluci\u00f3n A\/RES\/79\/294<\/a>, en la que se proclama el 27 de junio como D\u00eda Internacional de la Sordoceguera. Este d\u00eda conmemora el nacimiento de la reconocida autora Helen Keller (1880-1968), una de las figuras m\u00e1s emblem\u00e1ticas de la comunidad de personas con sordoceguera.<\/p>\n\n\n\n<p>Helen Keller (izquierda) visit\u00f3 la sede de la ONU en Nueva York en&nbsp;1949. Keller asiste a una reuni\u00f3n del comit\u00e9 con su secretaria, Polly Thompson, quien act\u00faa como int\u00e9rprete para ella. Cr\u00e9dito: Foto de las Naciones Unidas.<\/p>\n\n\n\n<p><\/p>\n\n\n\n<p>un.org<\/p>\n","protected":false},"excerpt":{"rendered":"<p>Una persona ciega utiliza un terminal de braille, un dispositivo de tecnolog\u00eda de asistencia que convierte el texto digital en caracteres braille. Foto:Sigmund\/Unsplash Reconocer la sordoceguera como una discapacidad diferenciada con necesidades espec\u00edficas La sordoceguera es una combinaci\u00f3n de deficiencia visual y auditiva de tal gravedad que es dif\u00edcil que los sentidos afectados se compensen [&hellip;]<\/p>\n","protected":false},"author":1,"featured_media":188369,"comment_status":"closed","ping_status":"closed","sticky":false,"template":"","format":"standard","meta":{"_acf_changed":false,"_jetpack_memberships_contains_paid_content":false,"footnotes":"","jetpack_publicize_message":"","jetpack_publicize_feature_enabled":true,"jetpack_social_post_already_shared":true,"jetpack_social_options":{"image_generator_settings":{"template":"highway","default_image_id":0,"font":"","enabled":false},"version":2}},"categories":[6],"tags":[],"class_list":["post-188368","post","type-post","status-publish","format-standard","has-post-thumbnail","hentry","category-ecologia"],"acf":[],"jetpack_publicize_connections":[],"jetpack_featured_media_url":"https:\/\/i0.wp.com\/sportseco.com\/wp-content\/uploads\/2025\/06\/sigmund-he1zw44zm_y-unsplash2.png?fit=1350%2C500&ssl=1","jetpack_sharing_enabled":true,"_links":{"self":[{"href":"https:\/\/sportseco.com\/index.php?rest_route=\/wp\/v2\/posts\/188368","targetHints":{"allow":["GET"]}}],"collection":[{"href":"https:\/\/sportseco.com\/index.php?rest_route=\/wp\/v2\/posts"}],"about":[{"href":"https:\/\/sportseco.com\/index.php?rest_route=\/wp\/v2\/types\/post"}],"author":[{"embeddable":true,"href":"https:\/\/sportseco.com\/index.php?rest_route=\/wp\/v2\/users\/1"}],"replies":[{"embeddable":true,"href":"https:\/\/sportseco.com\/index.php?rest_route=%2Fwp%2Fv2%2Fcomments&post=188368"}],"version-history":[{"count":1,"href":"https:\/\/sportseco.com\/index.php?rest_route=\/wp\/v2\/posts\/188368\/revisions"}],"predecessor-version":[{"id":188370,"href":"https:\/\/sportseco.com\/index.php?rest_route=\/wp\/v2\/posts\/188368\/revisions\/188370"}],"wp:featuredmedia":[{"embeddable":true,"href":"https:\/\/sportseco.com\/index.php?rest_route=\/wp\/v2\/media\/188369"}],"wp:attachment":[{"href":"https:\/\/sportseco.com\/index.php?rest_route=%2Fwp%2Fv2%2Fmedia&parent=188368"}],"wp:term":[{"taxonomy":"category","embeddable":true,"href":"https:\/\/sportseco.com\/index.php?rest_route=%2Fwp%2Fv2%2Fcategories&post=188368"},{"taxonomy":"post_tag","embeddable":true,"href":"https:\/\/sportseco.com\/index.php?rest_route=%2Fwp%2Fv2%2Ftags&post=188368"}],"curies":[{"name":"wp","href":"https:\/\/api.w.org\/{rel}","templated":true}]}}