{"id":188453,"date":"2025-06-28T18:09:44","date_gmt":"2025-06-28T22:09:44","guid":{"rendered":"https:\/\/sportseco.com\/?p=188453"},"modified":"2025-06-28T18:09:47","modified_gmt":"2025-06-28T22:09:47","slug":"la-ciclovida-de-cali-celebra-el-dia-del-ahijado-con-una-jornada-de-tradicion-juegos-y-union-familiar","status":"publish","type":"post","link":"https:\/\/sportseco.com\/?p=188453","title":{"rendered":"La Ciclovida de Cali celebra el \u2018D\u00eda del Ahijado\u2019 con una jornada de tradici\u00f3n, juegos y uni\u00f3n familiar"},"content":{"rendered":"\n<figure class=\"wp-block-image\"><img data-recalc-dims=\"1\" decoding=\"async\" src=\"https:\/\/i0.wp.com\/www.cali.gov.co\/info\/caligovco_se\/media\/pubInt\/thumbs\/thpubInt_700X400_187466.webp?w=640&#038;ssl=1\" alt=\"La Ciclovida de Cali celebra el \u2018D\u00eda del Ahijado\u2019 con una jornada de tradici\u00f3n, juegos y uni\u00f3n familiar\" title=\"La Ciclovida de Cali celebra el \u2018D\u00eda del Ahijado\u2019 con una jornada de tradici\u00f3n, juegos y uni\u00f3n familiar\"\/><\/figure>\n\n\n\n<ul class=\"wp-block-list\">\n<li><em>En esta oportunidad, la Ciclovida exalta una de las tradiciones m\u00e1s queridas de la cultura cale\u00f1a: el \u2018D\u00eda del Ahijado\u2019. La jornada estar\u00e1 cargada de actividades, juegos tradicionales y espacios para compartir en familia.<\/em><\/li>\n<\/ul>\n\n\n\n<p><strong>Santiago de Cali, 28 de junio de 2025<\/strong><br \/><br \/>El domingo (<em>29.06.2025<\/em>), la&nbsp;<strong><em>Ciclovida de Cali<\/em><\/strong>&nbsp;activar\u00e1 una jornada tem\u00e1tica orientada a la preservaci\u00f3n de tradiciones culturales, destacando la conmemoraci\u00f3n del&nbsp;<strong><em>\u2018D\u00eda del Ahijado\u2019<\/em><\/strong>&nbsp;como una de las celebraciones m\u00e1s emblem\u00e1ticas del patrimonio cale\u00f1o.<\/p>\n\n\n\n<p>Bajo la l\u00ednea de acci\u00f3n&nbsp;<em>\u2018Espacios activos y saludables para la vida\u2019<\/em>, esta jornada busca resaltar la importancia de conservar expresiones culturales que fomentan la integraci\u00f3n familiar e intergeneracional.<br \/><br \/>El&nbsp;<em>\u2018D\u00eda del Ahijado\u2019<\/em>&nbsp;no solo celebra el v\u00ednculo entre padrinos, madrinas y ahijados, sino que tambi\u00e9n recuerda el valor del afecto y la solidaridad en comunidad.<\/p>\n\n\n\n<p><strong>Una jornada para jugar, recordar y compartir<\/strong><br \/><br \/>Las estaciones de la&nbsp;<em>Ciclovida<\/em>&nbsp;contar\u00e1n con una programaci\u00f3n pensada para disfrutar en familia. Se realizar\u00e1n&nbsp;<em>talleres de elaboraci\u00f3n de macetas<\/em>&nbsp;y actividades que recuerdan los juegos tradicionales como la&nbsp;<em>rayuela, el lazo, encostalados, la lleva, el juego de las estatuas y la rana<\/em>.<\/p>\n\n\n\n<p>Adem\u00e1s, en los&nbsp;<strong><em>M\u00f3dulos de Actividad F\u00edsica Musicalizada<\/em><\/strong>&nbsp;(<em>MAFIM<\/em>) se ofrecer\u00e1n sesiones de aer\u00f3bicos, cardio-box, aerorrumba, spinning y funcional, enmarcadas en un ambiente saludable y seguro.<\/p>\n\n\n\n<p><strong>Otras actividades destacadas<\/strong><\/p>\n\n\n\n<p><strong><em>| Ciudadan\u00eda en Ruedas \u2013 Estaci\u00f3n Sol de Oriente:<\/em><\/strong>&nbsp;desde la Secretar\u00eda de Paz y Cultura Ciudadana Distrital y en el marco de la&nbsp;<em>\u2018Semana de la Cultura Ciudadana\u2019<\/em>, se realizar\u00e1 el cierre con la actividad&nbsp;<em>\u2018Ciudadan\u00eda en Ruedas\u2019<\/em>, un circuito pedag\u00f3gico con estaciones l\u00fadicas dirigidas a ni\u00f1os, ni\u00f1as y familias del sector.<\/p>\n\n\n\n<p><strong><em>| Cali cuida y protege a las personas mayores \u2013 Estaci\u00f3n Panamericana:<\/em><\/strong>&nbsp;liderada por la Secretar\u00eda de Bienestar Social Distrital, en articulaci\u00f3n con las secretar\u00edas de Salud P\u00fablica y la de Paz y Cultura Ciudadana, esta intervenci\u00f3n busca generar conciencia sobre la importancia del cuidado familiar y comunitario de las personas mayores, posicionando su bienestar como una prioridad de ciudad.<br \/><br \/><strong><em>| Campa\u00f1a de prevenci\u00f3n contra el c\u00e1ncer de piel \u2013 Estaci\u00f3n Ingenio:<\/em><\/strong>&nbsp;jornada de salud enfocada en la&nbsp;<em>prevenci\u00f3n del c\u00e1ncer de piel<\/em>, promoviendo estilos de vida saludable y el autocuidado en personas que practican actividad f\u00edsica al aire libre. Se ofrecer\u00e1n servicios como&nbsp;<em>medicina general, odontolog\u00eda, vacunaci\u00f3n del esquema regular, tamizaje cl\u00ednico para prevenci\u00f3n del c\u00e1ncer de piel y entrega de kits de prevenci\u00f3n<\/em>.<\/p>\n\n\n\n<p><strong>La Ciclovida es tradici\u00f3n y bienestar para todos<\/strong><\/p>\n\n\n\n<p>Cada domingo, la&nbsp;<em>Ciclovida<\/em>&nbsp;se reafirma como una tradici\u00f3n cale\u00f1a que une a generaciones a trav\u00e9s de la actividad f\u00edsica y la recreaci\u00f3n.<\/p>\n\n\n\n<p>Se invita a toda la ciudadan\u00eda a sumarse a esta jornada especial: recordar nuestras tradiciones tambi\u00e9n es una forma de construir comunidad y bienestar.<\/p>\n\n\n\n<p><strong><em>#Aqu\u00edCabemosTodos<\/em><\/strong><\/p>\n\n\n\n<figure class=\"wp-block-image size-full\"><img data-recalc-dims=\"1\" loading=\"lazy\" decoding=\"async\" width=\"640\" height=\"360\" src=\"https:\/\/i0.wp.com\/sportseco.com\/wp-content\/uploads\/2025\/06\/thgaleria_700X400_324271.webp?resize=640%2C360&#038;ssl=1\" alt=\"\" class=\"wp-image-188455\" srcset=\"https:\/\/i0.wp.com\/sportseco.com\/wp-content\/uploads\/2025\/06\/thgaleria_700X400_324271.webp?w=700&amp;ssl=1 700w, https:\/\/i0.wp.com\/sportseco.com\/wp-content\/uploads\/2025\/06\/thgaleria_700X400_324271.webp?resize=300%2C169&amp;ssl=1 300w\" sizes=\"auto, (max-width: 640px) 100vw, 640px\" \/><\/figure>\n\n\n\n<p>cali.gov.co<\/p>\n","protected":false},"excerpt":{"rendered":"<p>Santiago de Cali, 28 de junio de 2025 El domingo (29.06.2025), la&nbsp;Ciclovida de Cali&nbsp;activar\u00e1 una jornada tem\u00e1tica orientada a la preservaci\u00f3n de tradiciones culturales, destacando la conmemoraci\u00f3n del&nbsp;\u2018D\u00eda del Ahijado\u2019&nbsp;como una de las celebraciones m\u00e1s emblem\u00e1ticas del patrimonio cale\u00f1o. Bajo la l\u00ednea de acci\u00f3n&nbsp;\u2018Espacios activos y saludables para la vida\u2019, esta jornada busca resaltar la [&hellip;]<\/p>\n","protected":false},"author":1,"featured_media":188454,"comment_status":"closed","ping_status":"closed","sticky":false,"template":"","format":"standard","meta":{"_acf_changed":false,"_jetpack_memberships_contains_paid_content":false,"footnotes":"","jetpack_publicize_message":"","jetpack_publicize_feature_enabled":true,"jetpack_social_post_already_shared":true,"jetpack_social_options":{"image_generator_settings":{"template":"highway","default_image_id":0,"font":"","enabled":false},"version":2}},"categories":[6],"tags":[],"class_list":["post-188453","post","type-post","status-publish","format-standard","has-post-thumbnail","hentry","category-ecologia"],"acf":[],"jetpack_publicize_connections":[],"jetpack_featured_media_url":"https:\/\/i0.wp.com\/sportseco.com\/wp-content\/uploads\/2025\/06\/thpubInt_700X400_187466.webp?fit=660%2C400&ssl=1","jetpack_sharing_enabled":true,"_links":{"self":[{"href":"https:\/\/sportseco.com\/index.php?rest_route=\/wp\/v2\/posts\/188453","targetHints":{"allow":["GET"]}}],"collection":[{"href":"https:\/\/sportseco.com\/index.php?rest_route=\/wp\/v2\/posts"}],"about":[{"href":"https:\/\/sportseco.com\/index.php?rest_route=\/wp\/v2\/types\/post"}],"author":[{"embeddable":true,"href":"https:\/\/sportseco.com\/index.php?rest_route=\/wp\/v2\/users\/1"}],"replies":[{"embeddable":true,"href":"https:\/\/sportseco.com\/index.php?rest_route=%2Fwp%2Fv2%2Fcomments&post=188453"}],"version-history":[{"count":1,"href":"https:\/\/sportseco.com\/index.php?rest_route=\/wp\/v2\/posts\/188453\/revisions"}],"predecessor-version":[{"id":188456,"href":"https:\/\/sportseco.com\/index.php?rest_route=\/wp\/v2\/posts\/188453\/revisions\/188456"}],"wp:featuredmedia":[{"embeddable":true,"href":"https:\/\/sportseco.com\/index.php?rest_route=\/wp\/v2\/media\/188454"}],"wp:attachment":[{"href":"https:\/\/sportseco.com\/index.php?rest_route=%2Fwp%2Fv2%2Fmedia&parent=188453"}],"wp:term":[{"taxonomy":"category","embeddable":true,"href":"https:\/\/sportseco.com\/index.php?rest_route=%2Fwp%2Fv2%2Fcategories&post=188453"},{"taxonomy":"post_tag","embeddable":true,"href":"https:\/\/sportseco.com\/index.php?rest_route=%2Fwp%2Fv2%2Ftags&post=188453"}],"curies":[{"name":"wp","href":"https:\/\/api.w.org\/{rel}","templated":true}]}}