{"id":188545,"date":"2025-06-30T11:26:07","date_gmt":"2025-06-30T15:26:07","guid":{"rendered":"https:\/\/sportseco.com\/?p=188545"},"modified":"2025-06-30T11:26:12","modified_gmt":"2025-06-30T15:26:12","slug":"cali-conquisto-a-los-corredores-extranjeros-alegria-rumba-y-sabor-en-la-media-maraton-2025-video","status":"publish","type":"post","link":"https:\/\/sportseco.com\/?p=188545","title":{"rendered":"Cali conquist\u00f3 a los corredores extranjeros: alegr\u00eda, rumba y sabor en la \u2018Media Marat\u00f3n 2025\u2019. Video"},"content":{"rendered":"\n<figure class=\"wp-block-image\"><img data-recalc-dims=\"1\" decoding=\"async\" src=\"https:\/\/i0.wp.com\/www.cali.gov.co\/info\/caligovco_se\/media\/pubInt\/thumbs\/thpubInt_700X400_187483.webp?w=640&#038;ssl=1\" alt=\"Cali conquist\u00f3 a los corredores extranjeros: alegr\u00eda, rumba y sabor en la \u2018Media Marat\u00f3n 2025\u2019\" title=\"Cali conquist\u00f3 a los corredores extranjeros: alegr\u00eda, rumba y sabor en la \u2018Media Marat\u00f3n 2025\u2019\"\/><\/figure>\n\n\n\n<ul class=\"wp-block-list\">\n<li><em>El domingo (29.06.2025), cientos de turistas de Colombia y el mundo hicieron presencia en Cali con motivo de la \u2018Media Marat\u00f3n\u2019.<\/em><br \/>\u00a0<\/li>\n\n\n\n<li><em>Rumba, hospitalidad y gastronom\u00eda, lo que m\u00e1s resaltaron los corredores for\u00e1neos que participaron en uno de los eventos m\u00e1s importantes del atletismo en Colombia.<\/em><\/li>\n<\/ul>\n\n\n\n<p><strong>Santiago de Cali, 29 de junio de 2025<\/strong><br \/><br \/>La&nbsp;<em>Capital Deportiva de Am\u00e9rica<\/em>&nbsp;no solo fue el escenario de una gran fiesta con su&nbsp;<strong><em>\u2018Media Marat\u00f3n 2025\u2019<\/em><\/strong>, sino tambi\u00e9n el destino ideal para cientos de corredores extranjeros que llegaron desde distintos rincones del mundo, especialmente de Latinoam\u00e9rica, atra\u00eddos por el esp\u00edritu deportivo y la calidez de la ciudad.<\/p>\n\n\n\n<p>Muchos de estos visitantes no vinieron solo a correr: aprovecharon la oportunidad para conocer la&nbsp;<em>\u2018sucursal del cielo\u2019<\/em>, recorrer sus calles, disfrutar la rumba y saborear la variada gastronom\u00eda. La impresi\u00f3n fue un\u00e1nime:&nbsp;<em>los cale\u00f1os son amables y alegres<\/em>.<\/p>\n\n\n\n<p><em>Jade<\/em>, una corredora china que vive hace seis meses en Bogot\u00e1, lleg\u00f3 por primera vez a Cali para participar en la prueba.&nbsp;<em>\u201cMe pareci\u00f3 fenomenal las personas y la comida\u201d<\/em>, expres\u00f3 al finalizar la carrera.<br \/><br \/>Otra testigo del sabor cale\u00f1o fue la atleta guatemalteca,&nbsp;<em>Paulina Cabrera<\/em>, que no dej\u00f3 plato sin probar.&nbsp;<em>\u201cEstoy demasiado feliz aqu\u00ed, amando a Cali. No he dejado de comer desde que vine. Y la ciudad es hermosa, hay demasiado para conocer, para hacer, comer rico y sacar fotos lindas\u201d<\/em>, asegur\u00f3.<\/p>\n\n\n\n<p>Desde el sur del continente,&nbsp;<em>Ilam Risso<\/em>, un corredor uruguayo, manifest\u00f3 su entusiasmo por estar en Cali por primera vez desde hace una semana.&nbsp;<em>\u201cMe gust\u00f3 la rumba y la alegr\u00eda que tiene la gente. He tratado de probar varias cosas y todo lo que he comido me ha gustado. Son sabores ricos que uno no est\u00e1 acostumbrado a probar\u201d<\/em>, coment\u00f3.<\/p>\n\n\n\n<p>Dos chicas costarricenses,&nbsp;<em>Melany y Catalina<\/em>, destacaron especialmente la rumba cale\u00f1a como uno de los elementos m\u00e1s sorprendentes del viaje.&nbsp;<em>\u201cAc\u00e1 se viene a bailar\u201d<\/em>, dijeron entre risas<\/p>\n\n\n\n<p>La<strong><em>\u00a0\u2018Media Marat\u00f3n de Cali\u2019<\/em><\/strong>\u00a0se ha convertido en un evento que trasciende lo deportivo. Es una experiencia cultural y emocional que deja huella en quienes la viven. Y este a\u00f1o, los corredores extranjeros se fueron con m\u00e1s que una medalla:\u00a0<em>con el coraz\u00f3n lleno de alegr\u00eda cale\u00f1a.<\/em><\/p>\n\n\n\n<figure class=\"wp-block-embed is-type-video is-provider-youtube wp-block-embed-youtube wp-embed-aspect-16-9 wp-has-aspect-ratio\"><div class=\"wp-block-embed__wrapper\">\n<iframe loading=\"lazy\" title=\"Extranjeros se gozaron a Cali con la &#039;Media Marat\u00f3n&#039;\" width=\"640\" height=\"360\" src=\"https:\/\/www.youtube.com\/embed\/KtaSsw5DjYM?feature=oembed\" frameborder=\"0\" allow=\"accelerometer; autoplay; clipboard-write; encrypted-media; gyroscope; picture-in-picture; web-share\" referrerpolicy=\"strict-origin-when-cross-origin\" allowfullscreen><\/iframe>\n<\/div><\/figure>\n\n\n\n<p><\/p>\n\n\n\n<p><\/p>\n\n\n\n<p>cali.gov.co<br \/><br \/><br \/><\/p>\n\n\n\n<ul class=\"wp-block-list\">\n<li><a href=\"https:\/\/www.cali.gov.co\/boletines\/publicaciones\/187483\/cali-conquisto-a-los-corredores-extranjeros-alegria-rumba-y-sabor-en-la-media-maraton-2025\/#\"><\/a><\/li>\n<\/ul>\n","protected":false},"excerpt":{"rendered":"<p>Santiago de Cali, 29 de junio de 2025 La&nbsp;Capital Deportiva de Am\u00e9rica&nbsp;no solo fue el escenario de una gran fiesta con su&nbsp;\u2018Media Marat\u00f3n 2025\u2019, sino tambi\u00e9n el destino ideal para cientos de corredores extranjeros que llegaron desde distintos rincones del mundo, especialmente de Latinoam\u00e9rica, atra\u00eddos por el esp\u00edritu deportivo y la calidez de la ciudad. [&hellip;]<\/p>\n","protected":false},"author":1,"featured_media":188547,"comment_status":"closed","ping_status":"closed","sticky":false,"template":"","format":"standard","meta":{"_acf_changed":false,"_jetpack_memberships_contains_paid_content":false,"footnotes":"","jetpack_publicize_message":"","jetpack_publicize_feature_enabled":true,"jetpack_social_post_already_shared":true,"jetpack_social_options":{"image_generator_settings":{"template":"highway","default_image_id":0,"font":"","enabled":false},"version":2}},"categories":[15],"tags":[],"class_list":["post-188545","post","type-post","status-publish","format-standard","has-post-thumbnail","hentry","category-atletismo"],"acf":[],"jetpack_publicize_connections":[],"jetpack_featured_media_url":"https:\/\/i0.wp.com\/sportseco.com\/wp-content\/uploads\/2025\/06\/thgaleria_700X400_324351.webp?fit=601%2C400&ssl=1","jetpack_sharing_enabled":true,"_links":{"self":[{"href":"https:\/\/sportseco.com\/index.php?rest_route=\/wp\/v2\/posts\/188545","targetHints":{"allow":["GET"]}}],"collection":[{"href":"https:\/\/sportseco.com\/index.php?rest_route=\/wp\/v2\/posts"}],"about":[{"href":"https:\/\/sportseco.com\/index.php?rest_route=\/wp\/v2\/types\/post"}],"author":[{"embeddable":true,"href":"https:\/\/sportseco.com\/index.php?rest_route=\/wp\/v2\/users\/1"}],"replies":[{"embeddable":true,"href":"https:\/\/sportseco.com\/index.php?rest_route=%2Fwp%2Fv2%2Fcomments&post=188545"}],"version-history":[{"count":1,"href":"https:\/\/sportseco.com\/index.php?rest_route=\/wp\/v2\/posts\/188545\/revisions"}],"predecessor-version":[{"id":188548,"href":"https:\/\/sportseco.com\/index.php?rest_route=\/wp\/v2\/posts\/188545\/revisions\/188548"}],"wp:featuredmedia":[{"embeddable":true,"href":"https:\/\/sportseco.com\/index.php?rest_route=\/wp\/v2\/media\/188547"}],"wp:attachment":[{"href":"https:\/\/sportseco.com\/index.php?rest_route=%2Fwp%2Fv2%2Fmedia&parent=188545"}],"wp:term":[{"taxonomy":"category","embeddable":true,"href":"https:\/\/sportseco.com\/index.php?rest_route=%2Fwp%2Fv2%2Fcategories&post=188545"},{"taxonomy":"post_tag","embeddable":true,"href":"https:\/\/sportseco.com\/index.php?rest_route=%2Fwp%2Fv2%2Ftags&post=188545"}],"curies":[{"name":"wp","href":"https:\/\/api.w.org\/{rel}","templated":true}]}}