{"id":188569,"date":"2025-06-30T17:31:58","date_gmt":"2025-06-30T21:31:58","guid":{"rendered":"https:\/\/sportseco.com\/?p=188569"},"modified":"2025-06-30T17:32:32","modified_gmt":"2025-06-30T21:32:32","slug":"la-crisis-climatica-es-una-crisis-de-derechos-humanos","status":"publish","type":"post","link":"https:\/\/sportseco.com\/?p=188569","title":{"rendered":"La crisis clim\u00e1tica es una crisis de derechos humanos"},"content":{"rendered":"\n<p>El responsable en la ONU de velar por las garant\u00edas fundamentales afirma que los impactos devastadores del cambio clim\u00e1tico como olas de calor, inundaciones o sequ\u00edas, afectan los derechos a la vida, la salud y un medio ambiente limpio y sostenible. Tambi\u00e9n insta a la acci\u00f3n urgente a construir econom\u00edas basadas en los derechos humanos.<\/p>\n\n\n\n<p>La&nbsp;<strong>crisis clim\u00e1tica representa una amenaza directa para los derechos fundamentales<\/strong>&nbsp;de millones de personas en todo el mundo, afirm\u00f3 este lunes el Alto Comisionado de la ONU para los Derechos Humanos.<\/p>\n\n\n\n<p>\u201cLa crisis clim\u00e1tica&nbsp;<strong>es una crisis de&nbsp;<a href=\"https:\/\/news.un.org\/es\/news\/topic\/human-rights\">derechos humanos<\/a><\/strong>\u201d, declar\u00f3&nbsp;<a href=\"https:\/\/www.ohchr.org\/es\/about-us\/high-commissioner\/volker-turk\" target=\"_blank\" rel=\"noreferrer noopener\">Volker T\u00fcrk&nbsp;<\/a>instando a los Estados a adoptar medidas urgentes y equitativas para garantizar una transici\u00f3n justa hacia un modelo sostenible.<\/p>\n\n\n\n<p>En su participaci\u00f3n en el panel anual del&nbsp;<a href=\"https:\/\/www.ohchr.org\/SP\/HRBodies\/HRC\/Pages\/Home.aspx\" target=\"_blank\" rel=\"noreferrer noopener\"><\/a><a href=\"https:\/\/www.ohchr.org\/es\/hrbodies\/hrc\/home\" target=\"_blank\" rel=\"noreferrer noopener\">Consejo de Derechos Humanos<\/a>&nbsp;sobre el impacto del calentamiento del planeta en las garant\u00edas fundamentales, T\u00fcrk destac\u00f3 los impactos devastadores del&nbsp;<a href=\"https:\/\/news.un.org\/es\/news\/topic\/climate-change\">cambio clim\u00e1tico<\/a>:&nbsp;<strong>olas de calor, inundaciones, sequ\u00edas e incendios forestales que afectan los derechos a la vida, la salud<\/strong>&nbsp;y un medio ambiente limpio y sostenible.<\/p>\n\n\n\n<p>\u201cLa ola de calor que estamos viviendo aqu\u00ed, en Ginebra, es un recordatorio inmediato de la necesidad de medidas de adaptaci\u00f3n. Sin ellas, los derechos humanos estar\u00e1n gravemente amenazados\u201d, se\u00f1al\u00f3.<\/p>\n\n\n\n<h2 class=\"wp-block-heading\">Patrones insostenibles<\/h2>\n\n\n\n<p>El Alto Comisionado critic\u00f3 duramente los actuales&nbsp;<strong>patrones de producci\u00f3n y consumo, calific\u00e1ndolos de \u201cinsostenibles<\/strong>\u201d y subrayando que las energ\u00edas renovables son el camino del futuro.<\/p>\n\n\n\n<p>Aunque reconoci\u00f3 avances como el aumento de cinco veces en la capacidad de producci\u00f3n de renovables entre 2011 y 2023, advirti\u00f3 que&nbsp;<strong>a\u00fan falta una hoja de ruta clara para lograr una transformaci\u00f3n justa&nbsp;<\/strong>de nuestras sociedades.<\/p>\n\n\n\n<p>Esa transformaci\u00f3n, dijo T\u00fcrk, exige \u201c<strong>el fin de la producci\u00f3n y el uso de combustibles f\u00f3siles<\/strong>\u201d y la reestructuraci\u00f3n de sectores clave como la energ\u00eda, la agricultura, las finanzas y la construcci\u00f3n.<\/p>\n\n\n\n<h2 class=\"wp-block-heading\">Enfoque basado en los derechos humanos<\/h2>\n\n\n\n<p>\u201cSer\u00e1 una de las mayores transformaciones que nuestro mundo haya experimentado\u201d, asegur\u00f3, y alert\u00f3 de que,&nbsp;<strong>sin un enfoque centrado en los derechos humanos, la transici\u00f3n podr\u00eda reproducir y agravar las desigualdades<\/strong>&nbsp;existentes.<\/p>\n\n\n\n<p>T\u00fcrk habl\u00f3 sobre el empleo, planteando que si bien la transici\u00f3n verde promete generar millones de nuevos puestos de trabajo, tambi\u00e9n&nbsp;<strong>amenaza con eliminar otros seis millones en el sector de los combustibles f\u00f3siles<\/strong>. \u201cMuchos de esos trabajadores carecen de cualquier tipo de protecci\u00f3n\u201d, apunt\u00f3, recordando que 3800 millones de personas en el mundo a\u00fan no tienen acceso a una red b\u00e1sica de seguridad social.<\/p>\n\n\n\n<h2 class=\"wp-block-heading\">Las empresas deben rendir cuentas<\/h2>\n\n\n\n<p>Asimismo, se refiri\u00f3 a la necesidad de integrar plenamente la igualdad de g\u00e9nero, el respeto a los derechos de los pueblos ind\u00edgenas y la&nbsp;<strong>rendici\u00f3n de cuentas de las empresas en el proceso de transici\u00f3n.<\/strong><\/p>\n\n\n\n<p>En este sentido, denunci\u00f3 que las corporaciones de combustibles f\u00f3siles siguen difundiendo desinformaci\u00f3n y bloqueando el cambio mediante \u201c<strong>soluciones falsas y&nbsp;<\/strong><em><strong>greenwashing<\/strong><\/em><strong>\u201d.<\/strong><\/p>\n\n\n\n<p>\u201cLos&nbsp;<strong>contaminadores deben pagar<\/strong>\u201d, enfatiz\u00f3.<\/p>\n\n\n\n<p>T\u00fcrk conmin\u00f3 a la acci\u00f3n, recalcando que el cambio clim\u00e1tico no solo es una cuesti\u00f3n ambiental, sino un&nbsp;<strong>imperativo moral y de justicia global.<\/strong><\/p>\n\n\n\n<p>Finalmente, el Alto Comisionado llam\u00f3 a los gobiernos a construir \u201c<strong>econom\u00edas basadas en los derechos humanos\u201d<\/strong>&nbsp;que prioricen la sostenibilidad, la equidad y el bienestar de las generaciones presentes y futuras. \u201cUna transici\u00f3n justa no es opcional; es esencial para el futuro de la humanidad\u201d.<\/p>\n\n\n\n<p><\/p>\n\n\n\n<p>news.un.org<\/p>\n","protected":false},"excerpt":{"rendered":"<p>El responsable en la ONU de velar por las garant\u00edas fundamentales afirma que los impactos devastadores del cambio clim\u00e1tico como olas de calor, inundaciones o sequ\u00edas, afectan los derechos a la vida, la salud y un medio ambiente limpio y sostenible. Tambi\u00e9n insta a la acci\u00f3n urgente a construir econom\u00edas basadas en los derechos humanos. [&hellip;]<\/p>\n","protected":false},"author":1,"featured_media":188570,"comment_status":"closed","ping_status":"closed","sticky":false,"template":"","format":"standard","meta":{"_acf_changed":false,"_jetpack_memberships_contains_paid_content":false,"footnotes":"","jetpack_publicize_message":"","jetpack_publicize_feature_enabled":true,"jetpack_social_post_already_shared":true,"jetpack_social_options":{"image_generator_settings":{"template":"highway","default_image_id":0,"font":"","enabled":false},"version":2}},"categories":[6],"tags":[],"class_list":["post-188569","post","type-post","status-publish","format-standard","has-post-thumbnail","hentry","category-ecologia"],"acf":[],"jetpack_publicize_connections":[],"jetpack_featured_media_url":"https:\/\/i0.wp.com\/sportseco.com\/wp-content\/uploads\/2025\/06\/image1170x530cropped-15.jpg?fit=1170%2C530&ssl=1","jetpack_sharing_enabled":true,"_links":{"self":[{"href":"https:\/\/sportseco.com\/index.php?rest_route=\/wp\/v2\/posts\/188569","targetHints":{"allow":["GET"]}}],"collection":[{"href":"https:\/\/sportseco.com\/index.php?rest_route=\/wp\/v2\/posts"}],"about":[{"href":"https:\/\/sportseco.com\/index.php?rest_route=\/wp\/v2\/types\/post"}],"author":[{"embeddable":true,"href":"https:\/\/sportseco.com\/index.php?rest_route=\/wp\/v2\/users\/1"}],"replies":[{"embeddable":true,"href":"https:\/\/sportseco.com\/index.php?rest_route=%2Fwp%2Fv2%2Fcomments&post=188569"}],"version-history":[{"count":2,"href":"https:\/\/sportseco.com\/index.php?rest_route=\/wp\/v2\/posts\/188569\/revisions"}],"predecessor-version":[{"id":188572,"href":"https:\/\/sportseco.com\/index.php?rest_route=\/wp\/v2\/posts\/188569\/revisions\/188572"}],"wp:featuredmedia":[{"embeddable":true,"href":"https:\/\/sportseco.com\/index.php?rest_route=\/wp\/v2\/media\/188570"}],"wp:attachment":[{"href":"https:\/\/sportseco.com\/index.php?rest_route=%2Fwp%2Fv2%2Fmedia&parent=188569"}],"wp:term":[{"taxonomy":"category","embeddable":true,"href":"https:\/\/sportseco.com\/index.php?rest_route=%2Fwp%2Fv2%2Fcategories&post=188569"},{"taxonomy":"post_tag","embeddable":true,"href":"https:\/\/sportseco.com\/index.php?rest_route=%2Fwp%2Fv2%2Ftags&post=188569"}],"curies":[{"name":"wp","href":"https:\/\/api.w.org\/{rel}","templated":true}]}}