{"id":188575,"date":"2025-06-30T18:45:58","date_gmt":"2025-06-30T22:45:58","guid":{"rendered":"https:\/\/sportseco.com\/?p=188575"},"modified":"2025-06-30T18:46:08","modified_gmt":"2025-06-30T22:46:08","slug":"la-seleccion-colombia-se-activa-en-morelos-concentracion-total-para-el-duelo-ante-mexico","status":"publish","type":"post","link":"https:\/\/sportseco.com\/?p=188575","title":{"rendered":"La Selecci\u00f3n Colombia se activa en Morelos: concentraci\u00f3n total para el duelo ante M\u00e9xico"},"content":{"rendered":"\n<p>La&nbsp;<strong>Selecci\u00f3n Colombia llev\u00f3 a cabo su primera sesi\u00f3n de entrenamiento en la ciudad de Cuernavaca, Estado de Morelos<\/strong>, M\u00e9xico, como parte de su preparaci\u00f3n para el segundo encuentro amistoso frente a la Selecci\u00f3n de M\u00e9xico.<\/p>\n\n\n\n<p>El&nbsp;<strong>entrenamiento se realiz\u00f3 en el estadio de Matamoros y comenz\u00f3 con la salida del equipo a las 9:00 a. m.&nbsp;<\/strong>La sesi\u00f3n, de car\u00e1cter corto pero intensa, tuvo una duraci\u00f3n aproximada de una hora y 14 minutos.<\/p>\n\n\n\n<p>La<strong>&nbsp;jornada inici\u00f3 con una entrada en calor dise\u00f1ada para elevar la temperatura corporal y prevenir lesiones<\/strong>, seguida de una serie de&nbsp;<strong>ejercicios en espacios reducidos enfocados en movimientos tanto defensivos como ofensivos<\/strong>, bajo la direcci\u00f3n del profesor Angelo Marsiglia.<\/p>\n\n\n\n<p>De cara&nbsp;<strong>al pr\u00f3ximo compromiso frente al seleccionado mexicano, el director t\u00e9cnico atender\u00e1 ma\u00f1ana, 1 de julio, a los medios locales en una conferencia de prensa.<\/strong>&nbsp;El encuentro Colombia vs. M\u00e9xico se disputar\u00e1 el 2 de julio a las 5:45 p. m.<\/p>\n\n\n\n<figure class=\"wp-block-image\"><img data-recalc-dims=\"1\" height=\"426\" width=\"640\" decoding=\"async\" src=\"https:\/\/i0.wp.com\/fcf.com.co\/wp-content\/uploads\/2025\/06\/SMR1667-1024x681.jpg?resize=640%2C426&#038;ssl=1\" alt=\"\" class=\"wp-image-124069\"\/><\/figure>\n\n\n\n<p>fcf.com.co<\/p>\n","protected":false},"excerpt":{"rendered":"<p>La&nbsp;Selecci\u00f3n Colombia llev\u00f3 a cabo su primera sesi\u00f3n de entrenamiento en la ciudad de Cuernavaca, Estado de Morelos, M\u00e9xico, como parte de su preparaci\u00f3n para el segundo encuentro amistoso frente a la Selecci\u00f3n de M\u00e9xico. El&nbsp;entrenamiento se realiz\u00f3 en el estadio de Matamoros y comenz\u00f3 con la salida del equipo a las 9:00 a. m.&nbsp;La [&hellip;]<\/p>\n","protected":false},"author":1,"featured_media":188576,"comment_status":"closed","ping_status":"closed","sticky":false,"template":"","format":"standard","meta":{"_acf_changed":false,"_jetpack_memberships_contains_paid_content":false,"footnotes":"","jetpack_publicize_message":"","jetpack_publicize_feature_enabled":true,"jetpack_social_post_already_shared":true,"jetpack_social_options":{"image_generator_settings":{"template":"highway","default_image_id":0,"font":"","enabled":false},"version":2}},"categories":[5],"tags":[],"class_list":["post-188575","post","type-post","status-publish","format-standard","has-post-thumbnail","hentry","category-futbol"],"acf":[],"jetpack_publicize_connections":[],"jetpack_featured_media_url":"https:\/\/i0.wp.com\/sportseco.com\/wp-content\/uploads\/2025\/06\/SMR1654.jpg?fit=1052%2C700&ssl=1","jetpack_sharing_enabled":true,"_links":{"self":[{"href":"https:\/\/sportseco.com\/index.php?rest_route=\/wp\/v2\/posts\/188575","targetHints":{"allow":["GET"]}}],"collection":[{"href":"https:\/\/sportseco.com\/index.php?rest_route=\/wp\/v2\/posts"}],"about":[{"href":"https:\/\/sportseco.com\/index.php?rest_route=\/wp\/v2\/types\/post"}],"author":[{"embeddable":true,"href":"https:\/\/sportseco.com\/index.php?rest_route=\/wp\/v2\/users\/1"}],"replies":[{"embeddable":true,"href":"https:\/\/sportseco.com\/index.php?rest_route=%2Fwp%2Fv2%2Fcomments&post=188575"}],"version-history":[{"count":1,"href":"https:\/\/sportseco.com\/index.php?rest_route=\/wp\/v2\/posts\/188575\/revisions"}],"predecessor-version":[{"id":188577,"href":"https:\/\/sportseco.com\/index.php?rest_route=\/wp\/v2\/posts\/188575\/revisions\/188577"}],"wp:featuredmedia":[{"embeddable":true,"href":"https:\/\/sportseco.com\/index.php?rest_route=\/wp\/v2\/media\/188576"}],"wp:attachment":[{"href":"https:\/\/sportseco.com\/index.php?rest_route=%2Fwp%2Fv2%2Fmedia&parent=188575"}],"wp:term":[{"taxonomy":"category","embeddable":true,"href":"https:\/\/sportseco.com\/index.php?rest_route=%2Fwp%2Fv2%2Fcategories&post=188575"},{"taxonomy":"post_tag","embeddable":true,"href":"https:\/\/sportseco.com\/index.php?rest_route=%2Fwp%2Fv2%2Ftags&post=188575"}],"curies":[{"name":"wp","href":"https:\/\/api.w.org\/{rel}","templated":true}]}}