{"id":188582,"date":"2025-07-01T08:06:37","date_gmt":"2025-07-01T12:06:37","guid":{"rendered":"https:\/\/sportseco.com\/?p=188582"},"modified":"2025-07-01T08:06:42","modified_gmt":"2025-07-01T12:06:42","slug":"dia-internacional-de-la-fruta-1-de-julio-2","status":"publish","type":"post","link":"https:\/\/sportseco.com\/?p=188582","title":{"rendered":"D\u00eda Internacional de la Fruta, 1 de Julio"},"content":{"rendered":"\n<p><strong>Desde el a\u00f1o 2007 se celebra el D\u00eda Internacional de la Fruta el 1 de julio<\/strong>, una fecha creada para divulgar la importancia del consumo de frutas para una vida m\u00e1s saludable.<\/p>\n\n\n\n<p>Contribuyen a mejorar la salud y la nutrici\u00f3n de las personas, as\u00ed como incrementar la biodiversidad y generar sostenibilidad ambiental.<\/p>\n\n\n\n<figure class=\"wp-block-image\"><img data-recalc-dims=\"1\" decoding=\"async\" src=\"https:\/\/i0.wp.com\/www.diainternacionalde.com\/imagenes\/dias\/julio\/07-01_dia-internacional-fruta_s.jpg?w=640&#038;ssl=1\" alt=\"\" title=\"\"\/><\/figure>\n\n\n\n<p>Por otra parte, la Organizaci\u00f3n de las Naciones Unidas anunci\u00f3 el a\u00f1o 2021 como el&nbsp;<strong>A\u00f1o Internacional de las Frutas y Verduras<\/strong>, para promover el consumo de frutas y verduras, as\u00ed como generar conciencia acerca de sus beneficios nutricionales y para la salud.<\/p>\n\n\n\n<p><\/p>\n\n\n\n<p>El credo permanente de este d\u00eda internacional es&nbsp;<strong><em>\u00abfruta para la paz\u00bb<\/em><\/strong>.<\/p>\n\n\n\n<h2 class=\"wp-block-heading\" id=\"resTit_1\">\u00bfC\u00f3mo se origin\u00f3 el D\u00eda Internacional de la Fruta?<\/h2>\n\n\n\n<p>Esta efem\u00e9ride surgi\u00f3 en el a\u00f1o 2007, durante una fiesta en la que asistieron los antiguos alumnos de trabajo social de la Universidad de Ciencias Aplicadas Alice Salomon, en Berl\u00edn. Tuvieron la idea de vincular a personas y organizaciones con un tema social b\u00e1sico: compartir una comida (frutas y verduras).<\/p>\n\n\n\n<p>El primer&nbsp;<strong>D\u00eda Internacional de la Fruta<\/strong>&nbsp;se celebr\u00f3 el 1 de julio de 2007, en el Mauerpark de Berl\u00edn. Se comparti\u00f3 con m\u00e1s de cuatrocientos invitados pasteles de frutas, trocitos y bocados de fruta fresca.<\/p>\n\n\n\n<p>Posteriormente a la creaci\u00f3n de esta efem\u00e9ride se incluy\u00f3 el voto por la fruta del a\u00f1o y el lema anual.<\/p>\n\n\n\n<h2 class=\"wp-block-heading\" id=\"resTit_2\">Lema a\u00f1o 2022<\/h2>\n\n\n\n<p>Anualmente se selecciona un lema y la fruta del a\u00f1o, para celebrar este d\u00eda internacional. Para el a\u00f1o 2022 el lema es&nbsp;<em><strong>\u00abPaz Fruct\u00edfera\u00bb<\/strong><\/em>&nbsp;y la fruta seleccionada del a\u00f1o es la&nbsp;<strong>mora<\/strong>.<\/p>\n\n\n\n<p>Conoce los lemas de a\u00f1os anteriores del D\u00eda Internacional de la Fruta:<\/p>\n\n\n\n<ul class=\"wp-block-list\">\n<li><strong>2021<\/strong>: Patilla. Lema \u00ab<em>crear cambios juntos<\/em>\u00ab.<\/li>\n\n\n\n<li><strong>2020<\/strong>: Mandarina. Lema \u00ab<em>toma un descanso de frutas<\/em>\u00ab.<\/li>\n\n\n\n<li><strong>2019<\/strong>: Papaya. Lema \u00ab<em>coquetea con m\u00e1s fruta<\/em>\u00ab.<\/li>\n\n\n\n<li><strong>2018<\/strong>: Kiwi. Lema \u00ab<em>aprecia a los dem\u00e1s<\/em>\u00ab.<\/li>\n\n\n\n<li><strong>2017<\/strong>: Quince. Lema \u00ab<em>reforma nuestra comida<\/em>\u00ab.<\/li>\n\n\n\n<li><strong>2016<\/strong>: Lima. Lema \u00ab<em>dale sabor a tu vida<\/em>\u00ab.<\/li>\n\n\n\n<li><strong>2015<\/strong>: Blueberry. Lema \u00ab<em>nuestro mundo, nuestra fruta, nuestro futuro<\/em>\u00ab.<\/li>\n\n\n\n<li><strong>2014<\/strong>: Pera. Lema \u00ab<em>crear mensajes positivos<\/em>\u00ab.<\/li>\n\n\n\n<li><strong>2013<\/strong>: Fig. Lema \u00ab<em>compartir frutos y sonrisas<\/em>\u00ab.<\/li>\n\n\n\n<li><strong>2012<\/strong>: Cherry. Lema \u00ab<em>envejecimiento activo y solidario entre generaciones<\/em>\u00ab.<\/li>\n\n\n\n<li><strong>2011<\/strong>: Mango. Lema \u00ab<em>voluntariado<\/em>\u00ab.<\/li>\n\n\n\n<li><strong>2010<\/strong>: Pi\u00f1a. Lema \u00ab<em>combatir la pobreza y la exclusi\u00f3n social<\/em>\u00ab.<\/li>\n\n\n\n<li><strong>2009<\/strong>: Manzana. Lema \u00ab<em>creatividad e innovaci\u00f3n<\/em>\u00ab.<\/li>\n\n\n\n<li><strong>2008<\/strong>: Frambuesa. Lema \u00ab<em>juntos en la diversidad<\/em>\u00ab.<\/li>\n\n\n\n<li><strong>2007<\/strong>: Fresa . Lema \u00ab<em>vengan juntos<\/em>\u00ab.<\/li>\n<\/ul>\n\n\n\n<h2 class=\"wp-block-heading\" id=\"resTit_3\">\u00bfC\u00f3mo podemos celebrar el D\u00eda Internacional de la Fruta?<\/h2>\n\n\n\n<p>No hay mejor manera de celebrar esta efem\u00e9ride, hoy y todos los d\u00edas, que comer tu fruta favorita. Tambi\u00e9n puedes disfrutar un d\u00eda de picnic, un paseo en el parque o tomar sol en la playa, compartiendo una deliciosa ensalada de frutas con la familia, amigos o alguien especial.<\/p>\n\n\n\n<p>Consulta informaci\u00f3n adicional sobre este tema en el art\u00edculo sobre el&nbsp;<a href=\"https:\/\/www.diainternacionalde.com\/ficha\/dia-mundial-de-la-alimentacion\" target=\"_blank\" rel=\"noreferrer noopener\"><strong>D\u00eda Mundial de la Alimentaci\u00f3n<\/strong><\/a>.<\/p>\n\n\n\n<p><\/p>\n\n\n\n<p>diainternacionalde.com<\/p>\n","protected":false},"excerpt":{"rendered":"<p>Desde el a\u00f1o 2007 se celebra el D\u00eda Internacional de la Fruta el 1 de julio, una fecha creada para divulgar la importancia del consumo de frutas para una vida m\u00e1s saludable. Contribuyen a mejorar la salud y la nutrici\u00f3n de las personas, as\u00ed como incrementar la biodiversidad y generar sostenibilidad ambiental. Por otra parte, [&hellip;]<\/p>\n","protected":false},"author":1,"featured_media":188583,"comment_status":"closed","ping_status":"closed","sticky":false,"template":"","format":"standard","meta":{"_acf_changed":false,"_jetpack_memberships_contains_paid_content":false,"footnotes":"","jetpack_publicize_message":"","jetpack_publicize_feature_enabled":true,"jetpack_social_post_already_shared":true,"jetpack_social_options":{"image_generator_settings":{"template":"highway","default_image_id":0,"font":"","enabled":false},"version":2}},"categories":[6],"tags":[],"class_list":["post-188582","post","type-post","status-publish","format-standard","has-post-thumbnail","hentry","category-ecologia"],"acf":[],"jetpack_publicize_connections":[],"jetpack_featured_media_url":"https:\/\/i0.wp.com\/sportseco.com\/wp-content\/uploads\/2025\/07\/07-01_dia-internacional-fruta_m.jpg?fit=650%2C434&ssl=1","jetpack_sharing_enabled":true,"_links":{"self":[{"href":"https:\/\/sportseco.com\/index.php?rest_route=\/wp\/v2\/posts\/188582","targetHints":{"allow":["GET"]}}],"collection":[{"href":"https:\/\/sportseco.com\/index.php?rest_route=\/wp\/v2\/posts"}],"about":[{"href":"https:\/\/sportseco.com\/index.php?rest_route=\/wp\/v2\/types\/post"}],"author":[{"embeddable":true,"href":"https:\/\/sportseco.com\/index.php?rest_route=\/wp\/v2\/users\/1"}],"replies":[{"embeddable":true,"href":"https:\/\/sportseco.com\/index.php?rest_route=%2Fwp%2Fv2%2Fcomments&post=188582"}],"version-history":[{"count":1,"href":"https:\/\/sportseco.com\/index.php?rest_route=\/wp\/v2\/posts\/188582\/revisions"}],"predecessor-version":[{"id":188584,"href":"https:\/\/sportseco.com\/index.php?rest_route=\/wp\/v2\/posts\/188582\/revisions\/188584"}],"wp:featuredmedia":[{"embeddable":true,"href":"https:\/\/sportseco.com\/index.php?rest_route=\/wp\/v2\/media\/188583"}],"wp:attachment":[{"href":"https:\/\/sportseco.com\/index.php?rest_route=%2Fwp%2Fv2%2Fmedia&parent=188582"}],"wp:term":[{"taxonomy":"category","embeddable":true,"href":"https:\/\/sportseco.com\/index.php?rest_route=%2Fwp%2Fv2%2Fcategories&post=188582"},{"taxonomy":"post_tag","embeddable":true,"href":"https:\/\/sportseco.com\/index.php?rest_route=%2Fwp%2Fv2%2Ftags&post=188582"}],"curies":[{"name":"wp","href":"https:\/\/api.w.org\/{rel}","templated":true}]}}