{"id":188600,"date":"2025-07-01T10:54:11","date_gmt":"2025-07-01T14:54:11","guid":{"rendered":"https:\/\/sportseco.com\/?p=188600"},"modified":"2025-07-01T10:54:18","modified_gmt":"2025-07-01T14:54:18","slug":"julio-arranca-con-temperaturas-maximas-en-europa-y-el-cierre-parcial-de-la-torre-eiffel","status":"publish","type":"post","link":"https:\/\/sportseco.com\/?p=188600","title":{"rendered":"Julio arranca con temperaturas m\u00e1ximas en Europa y el cierre parcial de la Torre Eiffel"},"content":{"rendered":"\n<p>Madrid, 1 jul (EFE).- M\u00e1ximas de 43 grados en Espa\u00f1a y Portugal, de 41 en Francia, de 40 en Italia, de 38 en Alemania&#8230; los pa\u00edses europeos reciben el mes de julio inmersos en la ola de calor que comenz\u00f3 el pasado fin de semana y que se resiste a remitir.<\/p>\n\n\n\n<p>Las autoridades han puesto en marcha nuevas medidas, como el cierre parcial de la Torre Eiffel en Par\u00eds o la prohibici\u00f3n de trabajar al aire libre en Italia, para mitigar los efectos de las altas temperaturas.<\/p>\n\n\n\n<p>Ni siquiera la playa es una alternativa para la poblaci\u00f3n: las aguas del mar alcanzan en algunos puntos del Mediterr\u00e1neo occidental los 30 grados y en el Cant\u00e1brico oriental llegan a los 24, valores cinco o seis grados superiores a lo habitual en estas fechas.<\/p>\n\n\n\n<p>Los servicios meteorol\u00f3gicos anticipan una tregua al calor, al menos en la costa atl\u00e1ntica europea, a partir del mi\u00e9rcoles.<\/p>\n\n\n\n<h2 class=\"wp-block-heading\">Toda Espa\u00f1a bajo aviso<\/h2>\n\n\n\n<p>Espa\u00f1a al completo est\u00e1 una jornada m\u00e1s bajo aviso, con once comunidades en nivel naranja (riesgo importante) debido a m\u00e1ximas que oscilar\u00e1n entre los 37 y los 43 grados.<\/p>\n\n\n\n<p>Especialmente significativas son tambi\u00e9n las m\u00ednimas nocturnas, que en la pasada madrugada no bajaron de 33,6 grados en la localidad extreme\u00f1a de Aliseda.<\/p>\n\n\n\n<p>A las habituales comunidades m\u00e1s afectadas por el calor, como Andaluc\u00eda o la propia Extremadura, se unen zonas del norte en el Pa\u00eds Vasco, Cantabria o Huesca (Arag\u00f3n).<\/p>\n\n\n\n<p>En paralelo al calor extremo se registrar\u00e1n tormentas en amplias zonas del pa\u00eds que podr\u00e1n dejar granizo y rachas muy fuertes de viento, seg\u00fan las previsiones de la Agencia Estatal de Meteorolog\u00eda (Aemet).<\/p>\n\n\n\n<h2 class=\"wp-block-heading\">La Torre Eiffel sucumbe a la can\u00edcula extrema<\/h2>\n\n\n\n<p>Una \u00abcan\u00edcula extrema\u00bb y un \u00abcalor sofocante\u00bb mantienen a 16 departamentos franceses, entre ellos Par\u00eds, en alerta roja y a otros 68 en naranja debido a m\u00e1ximas previstas entre los 36 y los 41 grados. Solo se libra la costa del canal de la Mancha en un martes que ser\u00e1 el&nbsp;d\u00eda m\u00e1s caluroso de esta ola de calor, seg\u00fan M\u00e9t\u00e9o-France.<\/p>\n\n\n\n<p>La torre Eiffel tambi\u00e9n se ha visto afectada por la can\u00edcula, ya que el lunes por la tarde se decidi\u00f3 el cierre de su \u00faltimo piso -el tercer nivel, situado a 276 metros de altura- a las visitas hasta el 2 de julio.<\/p>\n\n\n\n<p>La Prefectura de Polic\u00eda de Par\u00eds anunci\u00f3 restricciones a la circulaci\u00f3n en la regi\u00f3n de la capital para reducir la emisi\u00f3n de agentes contaminantes, ante el riesgo de que las altas temperaturas favorezcan las elevadas concentraciones de ozono.<\/p>\n\n\n\n<p>Unas 1.350 escuelas de todo el pa\u00eds han cerrado sus puertas total o parcialmente, frente a las 750 de la v\u00edspera.<\/p>\n\n\n\n<h2 class=\"wp-block-heading\">Limitado en Italia el trabajo al aire libre<\/h2>\n\n\n\n<p>Varias regiones italianas, con Roma incluida, han emitido una ordenanza que proh\u00edbe a partir de este martes trabajar al aire libre desde las 12.30 a las 16.00 horas.<\/p>\n\n\n\n<p>La medida se toma despu\u00e9s de que en Emilia Roma\u00f1a un hombre de 47 a\u00f1os muriese mientras trabajaba bajo el sol en la construcci\u00f3n de una escuela.<\/p>\n\n\n\n<p>Seg\u00fan las previsiones, las temperaturas se mantendr\u00e1n por encima de la media, entre los 36 y 38 grados, con picos de hasta 40 en algunas localidades, al menos hasta el 5 de julio.<\/p>\n\n\n\n<p>En cuanto a las ciudades con mayor riesgo de calor, este martes son 17 las que se encuentran en alerta roja, de norte a sur del pa\u00eds Bolonia, Bolzano, Brescia, Florencia, Perugia, Tur\u00edn, Ancona, Frosinone, G\u00e9nova, Latina, Mil\u00e1n, Palermo, Rieti, Roma, Trieste, Verona y Viterbo.<\/p>\n\n\n\n<h2 class=\"wp-block-heading\">Calor extremo en Alemania, alerta ambas en Reino Unido<\/h2>\n\n\n\n<p>Alemania se encuentra en el nivel de alerta de calor extremo en la mitad oeste y suroeste, y fuerte en la otra mitad del pa\u00eds, por temperaturas que ascender\u00e1n este martes hasta los 38 grados y que desembocar\u00e1n posteriormente en fuertes tormentas aisladas.<\/p>\n\n\n\n<p>Seg\u00fan el mapa del Servicio Meteorol\u00f3gico de Alemania, la mitad del pa\u00eds est\u00e1 en violeta oscuro (alerta de calor extremo) y la otra en violeta claro (calor fuerte).<\/p>\n\n\n\n<p>En Brandeburgo, el Ministerio de Sanidad ya ha hecho un llamamiento a las empresas del estado federado para recordar que la protecci\u00f3n contra el calor en el lugar de trabajo es obligatoria, lo que incluye asegurar una temperatura ambiente compatible con la salud, as\u00ed como protecci\u00f3n contra la luz solar excesiva.<\/p>\n\n\n\n<p>En Gran Breta\u00f1a se mantiene la denominada alerta \u00e1mbar, pen\u00faltima de la escala, en gran parte de Inglaterra, aunque se espera que las temperaturas bajen a partir del mi\u00e9rcoles. Antes, volver\u00e1n a llegar a 34-35 grados en el sureste.<\/p>\n\n\n\n<p>La Agencia de Seguridad Sanitaria brit\u00e1nica mantiene para hoy y hasta el mi\u00e9rcoles por la ma\u00f1ana el aviso de que el intenso calor puede afectar la salud y hay posibilidades de cortes el\u00e9ctricos o retrasos en el transporte.<\/p>\n\n\n\n<h2 class=\"wp-block-heading\">Tormentas e incendios, otro riesgo<\/h2>\n\n\n\n<p>Otros riesgos derivados de las altas temperaturas son las tormentas y los incendios, que tambi\u00e9n han causado da\u00f1os en zonas del continente.<\/p>\n\n\n\n<p>En Austria la inusitada ola de calor que sufre el pa\u00eds ha derivado en fuertes lluvias y tormentas el\u00e9ctricas que han causado importantes deslizamientos de tierra en los Alpes tiroleses. M\u00e1s de cien personas han tenido que ser evacuadas este martes, tras haber quedado atrapadas en sus localidades.<\/p>\n\n\n\n<p>En cuanto a los incendios, en Turqu\u00eda se ha evacuado a 1.800 personas y los equipos de bomberos luchan contra media docena de incendios activos en dos provincias del oeste del pa\u00eds y una en el sur.<\/p>\n\n\n\n<p>Los distritos del norte y centro de Portugal lim\u00edtrofes con Espa\u00f1a se encuentran en el nivel de \u00abpeligro m\u00e1ximo\u00bb, el m\u00e1s alto y el pa\u00eds&nbsp;ha prohibido todo tipo de barbacoas en las zonas de mayor riesgo de incendio o los trabajos de desbroce en el campo con todo tipo de maquinaria.<\/p>\n\n\n\n<p>Tambi\u00e9n los animales son v\u00edctimas del calor: en la Rep\u00fablica Checa han muerto pr\u00e1cticamente todos los peces del lago Modlanska, al norte del pa\u00eds, donde ya se han recogido m\u00e1s de once toneladas de pescado muerto por falta de ox\u00edgeno.<\/p>\n\n\n\n<h2 class=\"wp-block-heading\">No solo en Europa<\/h2>\n\n\n\n<p>Las elevadas temperaturas no afectan estos d\u00edas solo a Europa. Este martes la agencia meteorol\u00f3gica de Jap\u00f3n ha dado a conocer que el pa\u00eds registr\u00f3 el pasado junio las temperaturas medias m\u00e1s altas desde que existen registros (1898).<\/p>\n\n\n\n<p>En concreto, fue 2,34\u00b0C superior a la media mensual general registrada entre 1991 y 2020, eclipsando el r\u00e9cord anterior de 2020, cuando fue 1,43\u00b0C superior a la media. EFE<\/p>\n\n\n\n<p><\/p>\n\n\n\n<p><\/p>\n\n\n\n<p>efeverde.com<\/p>\n","protected":false},"excerpt":{"rendered":"<p>Madrid, 1 jul (EFE).- M\u00e1ximas de 43 grados en Espa\u00f1a y Portugal, de 41 en Francia, de 40 en Italia, de 38 en Alemania&#8230; los pa\u00edses europeos reciben el mes de julio inmersos en la ola de calor que comenz\u00f3 el pasado fin de semana y que se resiste a remitir. Las autoridades han puesto [&hellip;]<\/p>\n","protected":false},"author":1,"featured_media":188601,"comment_status":"closed","ping_status":"closed","sticky":false,"template":"","format":"standard","meta":{"_acf_changed":false,"_jetpack_memberships_contains_paid_content":false,"footnotes":"","jetpack_publicize_message":"","jetpack_publicize_feature_enabled":true,"jetpack_social_post_already_shared":true,"jetpack_social_options":{"image_generator_settings":{"template":"highway","default_image_id":0,"font":"","enabled":false},"version":2}},"categories":[6],"tags":[],"class_list":["post-188600","post","type-post","status-publish","format-standard","has-post-thumbnail","hentry","category-ecologia"],"acf":[],"jetpack_publicize_connections":[],"jetpack_featured_media_url":"https:\/\/i0.wp.com\/sportseco.com\/wp-content\/uploads\/2025\/07\/temperaturas-maximas.jpg?fit=900%2C599&ssl=1","jetpack_sharing_enabled":true,"_links":{"self":[{"href":"https:\/\/sportseco.com\/index.php?rest_route=\/wp\/v2\/posts\/188600","targetHints":{"allow":["GET"]}}],"collection":[{"href":"https:\/\/sportseco.com\/index.php?rest_route=\/wp\/v2\/posts"}],"about":[{"href":"https:\/\/sportseco.com\/index.php?rest_route=\/wp\/v2\/types\/post"}],"author":[{"embeddable":true,"href":"https:\/\/sportseco.com\/index.php?rest_route=\/wp\/v2\/users\/1"}],"replies":[{"embeddable":true,"href":"https:\/\/sportseco.com\/index.php?rest_route=%2Fwp%2Fv2%2Fcomments&post=188600"}],"version-history":[{"count":1,"href":"https:\/\/sportseco.com\/index.php?rest_route=\/wp\/v2\/posts\/188600\/revisions"}],"predecessor-version":[{"id":188602,"href":"https:\/\/sportseco.com\/index.php?rest_route=\/wp\/v2\/posts\/188600\/revisions\/188602"}],"wp:featuredmedia":[{"embeddable":true,"href":"https:\/\/sportseco.com\/index.php?rest_route=\/wp\/v2\/media\/188601"}],"wp:attachment":[{"href":"https:\/\/sportseco.com\/index.php?rest_route=%2Fwp%2Fv2%2Fmedia&parent=188600"}],"wp:term":[{"taxonomy":"category","embeddable":true,"href":"https:\/\/sportseco.com\/index.php?rest_route=%2Fwp%2Fv2%2Fcategories&post=188600"},{"taxonomy":"post_tag","embeddable":true,"href":"https:\/\/sportseco.com\/index.php?rest_route=%2Fwp%2Fv2%2Ftags&post=188600"}],"curies":[{"name":"wp","href":"https:\/\/api.w.org\/{rel}","templated":true}]}}