{"id":188611,"date":"2025-07-01T14:23:35","date_gmt":"2025-07-01T18:23:35","guid":{"rendered":"https:\/\/sportseco.com\/?p=188611"},"modified":"2025-07-01T14:23:41","modified_gmt":"2025-07-01T18:23:41","slug":"minambiente-fortalece-trabajo-en-el-territorio-por-la-gestion-integral-del-paramo-de-santurban","status":"publish","type":"post","link":"https:\/\/sportseco.com\/?p=188611","title":{"rendered":"Minambiente fortalece trabajo en el territorio por la gesti\u00f3n integral del p\u00e1ramo de Santurb\u00e1n"},"content":{"rendered":"\n<figure class=\"wp-block-image\"><img data-recalc-dims=\"1\" decoding=\"async\" src=\"https:\/\/i0.wp.com\/www.minambiente.gov.co\/wp-content\/uploads\/2025\/07\/Santurban-1.jpg?w=640&#038;ssl=1\" alt=\"Minambiente fortalece trabajo en el territorio por la gesti\u00f3n integral del p\u00e1ramo de Santurb\u00e1n\" title=\"Minambiente fortalece trabajo en el territorio por la gesti\u00f3n integral del p\u00e1ramo de Santurb\u00e1n\"\/><\/figure>\n\n\n\n<ul class=\"wp-block-list\">\n<li>El Ministerio de Ambiente y Desarrollo Sostenible fortaleci\u00f3 e intensific\u00f3 sus acciones en Norte de Santander, en cumplimiento de los compromisos con las comunidades locales, los propietarios de predios del p\u00e1ramo y los habitantes paramunos, derivados del paro de octubre de 2024, con el objetivo de continuar en el avance de \u00a0la gesti\u00f3n integral de los ecosistemas de p\u00e1ramo especialmente en la zona de Santurb\u00e1n.<\/li>\n<\/ul>\n\n\n\n<p><strong>Norte de Santander, 1 de julio de 2025 (@Minambienteco) \u2013<\/strong>&nbsp;Durante dos d\u00edas en el municipio de Mutiscua, Norte de Santander, los equipos t\u00e9cnicos del Ministerio de Ambiente y Desarrollo Sostenible, el Instituto Geogr\u00e1fico Agust\u00edn Codazzi -IGAC, Parques Nacionales Naturales, Superintendencia de Notariado y Registro, la Agencia Nacional de Tierras y&nbsp;&nbsp;Corponor&nbsp;llevaron a cabo jornadas de trabajo con comunidades locales , l\u00edderes sociales y propietarios de predios, con el prop\u00f3sito de presentar, socializar y aplicar la Metodolog\u00eda de Valoraci\u00f3n Ambiental General de la Conservaci\u00f3n (VAGC). Esta herramienta permite evaluar el grado de conservaci\u00f3n de los predios ubicados dentro del \u00e1rea delimitada del p\u00e1ramo, conforme al marco normativo establecido por el art\u00edculo 8 de la Ley 1930 de 2018.<\/p>\n\n\n\n<p>\u201cNuestra Ministra Lena Estrada contin\u00faa cumpliendo y trabajando por el P\u00e1ramo de Santurb\u00e1n. Avanzamos en el cumplimiento de los acuerdos establecidos durante el paro de octubre del 2024, demostrando que la gesti\u00f3n p\u00fablica est\u00e1 activa y en marcha. Finalmente, reafirmamos la voluntad de seguir avanzando en la gesti\u00f3n integral del P\u00e1ramo de Santurb\u00e1n, con la mira puesta en la protecci\u00f3n ambiental, el desarrollo social y la armon\u00eda territorial\u201d, se\u00f1al\u00f3 Jairton Habit Diez D\u00edaz, asesor de la ministra y responsable de los procesos de delimitaci\u00f3n de p\u00e1ramos.<\/p>\n\n\n\n<h2 class=\"wp-block-heading\"><strong>Resultados destacados de la jornada:<\/strong><\/h2>\n\n\n\n<p><strong>Logros D\u00eda 1:<\/strong><\/p>\n\n\n\n<ul class=\"wp-block-list\">\n<li>Presentaci\u00f3n de la metodolog\u00eda VAGC a l\u00edderes comunitarios, propietarios e instituciones locales.<\/li>\n\n\n\n<li>Resoluci\u00f3n de inquietudes y di\u00e1logo enfocado en los contextos socioambientales del territorio.<\/li>\n<\/ul>\n\n\n\n<p><strong>Logros D\u00eda 2:<\/strong><\/p>\n\n\n\n<ul class=\"wp-block-list\">\n<li>Visita interinstitucional a un predio ubicado en jurisdicci\u00f3n de Mutiscua y Silos.<\/li>\n\n\n\n<li>Aplicaci\u00f3n en terreno de la metodolog\u00eda VAGC para evaluar el grado de conservaci\u00f3n del predio.<\/li>\n<\/ul>\n\n\n\n<p>Estas actividades, desarrolladas en campo, materializan el cumplimiento de los compromisos asumidos por el Estado y fortalecen la articulaci\u00f3n interinstitucional para garantizar la protecci\u00f3n de estos ecosistemas estrat\u00e9gicos para la vida, fundamentales para la regulaci\u00f3n h\u00eddrica y el bienestar de las comunidades tanto del p\u00e1ramo como externos.<\/p>\n\n\n\n<p>Desde el Ministerio de Ambiente y Desarrollo Sostenible reiteramos nuestro compromiso con la conservaci\u00f3n de los p\u00e1ramos colombianos. Continuaremos trabajando de manera coordinada con las comunidades y actores territoriales, garantizando procesos participativos, t\u00e9cnicos y transparentes para la gesti\u00f3n ambiental integral del territorio de Santurb\u00e1n.<\/p>\n\n\n\n<p><\/p>\n\n\n\n<p><\/p>\n\n\n\n<p>minambiente.gov.co<\/p>\n","protected":false},"excerpt":{"rendered":"<p>Norte de Santander, 1 de julio de 2025 (@Minambienteco) \u2013&nbsp;Durante dos d\u00edas en el municipio de Mutiscua, Norte de Santander, los equipos t\u00e9cnicos del Ministerio de Ambiente y Desarrollo Sostenible, el Instituto Geogr\u00e1fico Agust\u00edn Codazzi -IGAC, Parques Nacionales Naturales, Superintendencia de Notariado y Registro, la Agencia Nacional de Tierras y&nbsp;&nbsp;Corponor&nbsp;llevaron a cabo jornadas de trabajo [&hellip;]<\/p>\n","protected":false},"author":1,"featured_media":188612,"comment_status":"closed","ping_status":"closed","sticky":false,"template":"","format":"standard","meta":{"_acf_changed":false,"_jetpack_memberships_contains_paid_content":false,"footnotes":"","jetpack_publicize_message":"","jetpack_publicize_feature_enabled":true,"jetpack_social_post_already_shared":true,"jetpack_social_options":{"image_generator_settings":{"template":"highway","default_image_id":0,"font":"","enabled":false},"version":2}},"categories":[6],"tags":[],"class_list":["post-188611","post","type-post","status-publish","format-standard","has-post-thumbnail","hentry","category-ecologia"],"acf":[],"jetpack_publicize_connections":[],"jetpack_featured_media_url":"https:\/\/i0.wp.com\/sportseco.com\/wp-content\/uploads\/2025\/07\/Santurban-1.jpg?fit=900%2C670&ssl=1","jetpack_sharing_enabled":true,"_links":{"self":[{"href":"https:\/\/sportseco.com\/index.php?rest_route=\/wp\/v2\/posts\/188611","targetHints":{"allow":["GET"]}}],"collection":[{"href":"https:\/\/sportseco.com\/index.php?rest_route=\/wp\/v2\/posts"}],"about":[{"href":"https:\/\/sportseco.com\/index.php?rest_route=\/wp\/v2\/types\/post"}],"author":[{"embeddable":true,"href":"https:\/\/sportseco.com\/index.php?rest_route=\/wp\/v2\/users\/1"}],"replies":[{"embeddable":true,"href":"https:\/\/sportseco.com\/index.php?rest_route=%2Fwp%2Fv2%2Fcomments&post=188611"}],"version-history":[{"count":1,"href":"https:\/\/sportseco.com\/index.php?rest_route=\/wp\/v2\/posts\/188611\/revisions"}],"predecessor-version":[{"id":188613,"href":"https:\/\/sportseco.com\/index.php?rest_route=\/wp\/v2\/posts\/188611\/revisions\/188613"}],"wp:featuredmedia":[{"embeddable":true,"href":"https:\/\/sportseco.com\/index.php?rest_route=\/wp\/v2\/media\/188612"}],"wp:attachment":[{"href":"https:\/\/sportseco.com\/index.php?rest_route=%2Fwp%2Fv2%2Fmedia&parent=188611"}],"wp:term":[{"taxonomy":"category","embeddable":true,"href":"https:\/\/sportseco.com\/index.php?rest_route=%2Fwp%2Fv2%2Fcategories&post=188611"},{"taxonomy":"post_tag","embeddable":true,"href":"https:\/\/sportseco.com\/index.php?rest_route=%2Fwp%2Fv2%2Ftags&post=188611"}],"curies":[{"name":"wp","href":"https:\/\/api.w.org\/{rel}","templated":true}]}}