{"id":188620,"date":"2025-07-01T16:44:23","date_gmt":"2025-07-01T20:44:23","guid":{"rendered":"https:\/\/sportseco.com\/?p=188620"},"modified":"2025-07-01T16:47:50","modified_gmt":"2025-07-01T20:47:50","slug":"el-calor-extremo-que-asola-a-europa-un-fenomeno-cada-vez-mas-frecuente","status":"publish","type":"post","link":"https:\/\/sportseco.com\/?p=188620","title":{"rendered":"El calor extremo que asola a Europa, un fen\u00f3meno cada vez m\u00e1s frecuente"},"content":{"rendered":"\n<figure class=\"wp-block-image\"><img data-recalc-dims=\"1\" decoding=\"async\" src=\"https:\/\/i0.wp.com\/global.unitednations.entermediadb.net\/assets\/mediadb\/services\/module\/asset\/downloads\/preset\/Collections\/Embargoed\/20-06-2025-ADB-Kazakhstan.jpg\/image1170x530cropped.jpg?w=640&#038;ssl=1\" alt=\"Una ola de calor afecta a gran parte del hemisferio norte.\" title=\"Una ola de calor afecta a gran parte del hemisferio norte.\"\/><\/figure>\n\n\n\n<p>El cambio clim\u00e1tico inducido por la actividad humana genera olas de calor cada vez m\u00e1s frecuentes, intensas y prolongadas, alerta la agencia meteorol\u00f3gica de la ONU, recordando que las altas temperaturas tienen un impacto letal en las poblaciones vulnerables.<\/p>\n\n\n\n<p>En las \u00faltimas semanas,&nbsp;<strong>muchas partes de Europa han registrado un calor extremo que pone en riesgo la salud e incluso la vida<\/strong>&nbsp;de los grupos de poblaci\u00f3n m\u00e1s vulnerables, advirti\u00f3 este martes la&nbsp;<a href=\"https:\/\/public.wmo.int\/es\" target=\"_blank\" rel=\"noreferrer noopener\">Organizaci\u00f3n Meteorol\u00f3gica Mundial<\/a>&nbsp;(<a href=\"https:\/\/public.wmo.int\/es\" target=\"_blank\" rel=\"noreferrer noopener\">OMM<\/a>), refiri\u00e9ndose a ese fen\u00f3meno como un \u201casesino silencioso\u201d en vista del impacto letal que puede tener.<\/p>\n\n\n\n<p>La intensificaci\u00f3n de estos eventos&nbsp;<strong>se atribuye al&nbsp;<a href=\"https:\/\/news.un.org\/es\/news\/topic\/climate-change\">cambio clim\u00e1tico<\/a>&nbsp;inducido por la actividad humana<\/strong>, explic\u00f3 la OMM.<\/p>\n\n\n\n<p>\u201cLas&nbsp;<strong>olas de calor son cada vez m\u00e1s frecuentes, intensas y prolongadas<\/strong>. La acci\u00f3n temprana y la cooperaci\u00f3n entre gobiernos, servicios meteorol\u00f3gicos y sectores de salud p\u00fablica son esenciales para salvar vidas\u201d, enfatiz\u00f3 la agencia.<\/p>\n\n\n\n<p>En &nbsp;conferencia de prensa en Ginebra, la portavoz de la OMM, recalc\u00f3 que toda la gente corre riesgos con tan altas temperaturas.<\/p>\n\n\n\n<p>\u201cQuien sale sin agua en pleno d\u00eda, a correr o a andar en bicicleta, probablemente tendr\u00e1 problemas de salud o incluso morir\u00e1\u201d, dijo Clare Nullis<\/p>\n\n\n\n<p>Julio es tradicionalmente el mes m\u00e1s c\u00e1lido en el hemisferio norte, y este a\u00f1o no es la excepci\u00f3n. Regiones de Europa Occidental, Am\u00e9rica del Norte, el norte de \u00c1frica, Medio Oriente y Asia Central experimentan actualmente temperaturas muy por encima del promedio.<\/p>\n\n\n\n<h2 class=\"wp-block-heading\">El sur de Espa\u00f1a y Marruecos superan los llega a 45\u00baC<\/h2>\n\n\n\n<p>En&nbsp;<strong>Europa occidental<\/strong>, un potente sistema de alta presi\u00f3n ha atrapado aire c\u00e1lido y seco proveniente del norte de \u00c1frica, generando un \u201cdomo de calor\u201d con efectos devastadores.<\/p>\n\n\n\n<p>Pa\u00edses como&nbsp;<strong>Espa\u00f1a, Portugal, Italia y Grecia<\/strong>&nbsp;enfrentan temperaturas extremas.<\/p>\n\n\n\n<p>La OMM se\u00f1al\u00f3 que la&nbsp;<strong>agencia meteorol\u00f3gica espa\u00f1ola report\u00f3 46,0\u00b0C en el sur del pa\u00eds<\/strong>&nbsp;durante el fin de semana.<\/p>\n\n\n\n<p>La agencia francesa, por su parte, emiti\u00f3 alertas rojas, nivel m\u00e1ximo de peligro, para 16 departamentos, mientras que otros 68 est\u00e1n bajo alerta naranja, con temperaturas que superan los 40\u00b0C.<\/p>\n\n\n\n<p>Suiza tambi\u00e9n mantiene alertas activas, incluyendo en ciudades como Ginebra.<\/p>\n\n\n\n<p>El mar&nbsp;<strong>Mediterr\u00e1neo presenta temperaturas superficiales del agua excepcionalmente c\u00e1lidas<\/strong>&nbsp;para esta \u00e9poca del a\u00f1o, lo que contribuye a reforzar el calor en las zonas costeras.<\/p>\n\n\n\n<p>En&nbsp;<strong>Marruecos,<\/strong>&nbsp;la ola de calor ha elevado el mercurio de los term\u00f3metros por&nbsp;<strong>encima de los 45\u00b0C<\/strong>&nbsp;en varias regiones.<\/p>\n\n\n\n<h2 class=\"wp-block-heading\">Las ciudades sufren m\u00e1s con el calor<\/h2>\n\n\n\n<p>La OMM indic\u00f3 que las ciudades est\u00e1n particularmente expuestas al calor extremo debido al efecto de \u201cisla de calor urbana\u201d, donde&nbsp;<strong>el asfalto, los edificios y la escasa vegetaci\u00f3n elevan significativamente las temperaturas nocturnas<\/strong>, agravando el estr\u00e9s t\u00e9rmico y la mortalidad, seg\u00fan datos del informe sobre el Estado del Clima en Europa de la OMM y Copernicus.<\/p>\n\n\n\n<p>Hist\u00f3ricamente, m\u00e1s de dos tercios de las olas de calor m\u00e1s severas en Europa desde 1950 han ocurrido a partir del a\u00f1o 2000, y el Sexto Informe del Panel Intergubernamental sobre Cambio Clim\u00e1tico (<a href=\"https:\/\/www.ipcc.ch\/\" target=\"_blank\" rel=\"noreferrer noopener\"><\/a><a href=\"https:\/\/www.ipcc.ch\/languages-2\/spanish\/\" target=\"_blank\" rel=\"noreferrer noopener\">IPCC<\/a>) prev\u00e9 que,&nbsp;<strong>para 2050, la mitad de la poblaci\u00f3n europea podr\u00eda enfrentar un riesgo alto o muy alto de estr\u00e9s t\u00e9rmico<\/strong>, especialmente en el sur del continente.<\/p>\n\n\n\n<h2 class=\"wp-block-heading\">Alertas para una r\u00e1pida respuesta sanitaria<\/h2>\n\n\n\n<p>Frente a este panorama, la OMM est\u00e1 ampliando la implementaci\u00f3n de su iniciativa \u201cAlertas Tempranas para Todos\u201d, que incluye el Mecanismo de Coordinaci\u00f3n de la OMM y la Red Global de Informaci\u00f3n sobre Calor y Salud, que reuni\u00f3 recientemente a expertos globales en Londres para avanzar en la vigilancia de la salud p\u00fablica relacionada con el calor y armonizar indicadores para&nbsp;<strong>monitorear enfermedades y muertes<\/strong>&nbsp;asociadas con las altas temperaturas.<\/p>\n\n\n\n<p>\u201cEl objetivo es que las agencias de salud puedan&nbsp;<strong>responder con mayor rapidez y eficacia<\/strong>, protegiendo especialmente a los grupos m\u00e1s vulnerables\u201d, subray\u00f3 la OMM.<\/p>\n\n\n\n<p>La Organizaci\u00f3n tambi\u00e9n impulsa el proyecto de Gobernanza del Riesgo por Calor Extremo, que busca integrar los esfuerzos de los sectores clim\u00e1tico, sanitario y de emergencia para hacer frente de manera coordinada a esta amenaza creciente.<\/p>\n\n\n\n<p><\/p>\n\n\n\n<p>news.un.org<\/p>\n","protected":false},"excerpt":{"rendered":"<p>El cambio clim\u00e1tico inducido por la actividad humana genera olas de calor cada vez m\u00e1s frecuentes, intensas y prolongadas, alerta la agencia meteorol\u00f3gica de la ONU, recordando que las altas temperaturas tienen un impacto letal en las poblaciones vulnerables. En las \u00faltimas semanas,&nbsp;muchas partes de Europa han registrado un calor extremo que pone en riesgo [&hellip;]<\/p>\n","protected":false},"author":1,"featured_media":188621,"comment_status":"closed","ping_status":"closed","sticky":false,"template":"","format":"standard","meta":{"_acf_changed":false,"_jetpack_memberships_contains_paid_content":false,"footnotes":"","jetpack_publicize_message":"","jetpack_publicize_feature_enabled":true,"jetpack_social_post_already_shared":true,"jetpack_social_options":{"image_generator_settings":{"template":"highway","default_image_id":0,"font":"","enabled":false},"version":2}},"categories":[6],"tags":[],"class_list":["post-188620","post","type-post","status-publish","format-standard","has-post-thumbnail","hentry","category-ecologia"],"acf":[],"jetpack_publicize_connections":[],"jetpack_featured_media_url":"https:\/\/i0.wp.com\/sportseco.com\/wp-content\/uploads\/2025\/07\/image1170x530cropped.jpg?fit=1170%2C530&ssl=1","jetpack_sharing_enabled":true,"_links":{"self":[{"href":"https:\/\/sportseco.com\/index.php?rest_route=\/wp\/v2\/posts\/188620","targetHints":{"allow":["GET"]}}],"collection":[{"href":"https:\/\/sportseco.com\/index.php?rest_route=\/wp\/v2\/posts"}],"about":[{"href":"https:\/\/sportseco.com\/index.php?rest_route=\/wp\/v2\/types\/post"}],"author":[{"embeddable":true,"href":"https:\/\/sportseco.com\/index.php?rest_route=\/wp\/v2\/users\/1"}],"replies":[{"embeddable":true,"href":"https:\/\/sportseco.com\/index.php?rest_route=%2Fwp%2Fv2%2Fcomments&post=188620"}],"version-history":[{"count":2,"href":"https:\/\/sportseco.com\/index.php?rest_route=\/wp\/v2\/posts\/188620\/revisions"}],"predecessor-version":[{"id":188623,"href":"https:\/\/sportseco.com\/index.php?rest_route=\/wp\/v2\/posts\/188620\/revisions\/188623"}],"wp:featuredmedia":[{"embeddable":true,"href":"https:\/\/sportseco.com\/index.php?rest_route=\/wp\/v2\/media\/188621"}],"wp:attachment":[{"href":"https:\/\/sportseco.com\/index.php?rest_route=%2Fwp%2Fv2%2Fmedia&parent=188620"}],"wp:term":[{"taxonomy":"category","embeddable":true,"href":"https:\/\/sportseco.com\/index.php?rest_route=%2Fwp%2Fv2%2Fcategories&post=188620"},{"taxonomy":"post_tag","embeddable":true,"href":"https:\/\/sportseco.com\/index.php?rest_route=%2Fwp%2Fv2%2Ftags&post=188620"}],"curies":[{"name":"wp","href":"https:\/\/api.w.org\/{rel}","templated":true}]}}