{"id":188778,"date":"2025-07-04T11:24:30","date_gmt":"2025-07-04T15:24:30","guid":{"rendered":"https:\/\/sportseco.com\/?p=188778"},"modified":"2025-07-04T11:24:34","modified_gmt":"2025-07-04T15:24:34","slug":"movistar-team-y-su-alineacion-para-el-tour-de-francia","status":"publish","type":"post","link":"https:\/\/sportseco.com\/?p=188778","title":{"rendered":"Movistar Team y su alineaci\u00f3n para el Tour de Francia"},"content":{"rendered":"\n<figure class=\"wp-block-image\"><img data-recalc-dims=\"1\" height=\"800\" width=\"640\" decoding=\"async\" src=\"https:\/\/i0.wp.com\/movistarteam.com\/wp-content\/uploads\/2025\/06\/plantilla-TOUR-2-736x920.jpg?resize=640%2C800&#038;ssl=1\" alt=\"\"\/><\/figure>\n\n\n\n<p>Enric Mas, Iv\u00e1n Romeo, Pablo Castrillo, Einer Rubio, Will Barta, Gregor M\u00fchlberger, Iv\u00e1n G. Cortina y Nelson Oliveira partir\u00e1n el pr\u00f3ximo s\u00e1bado desde Lille.<\/p>\n\n\n\n<p>Con salida desde el norte de Francia y final en la capital gala. Movistar Team presenta a su equipo para afrontar las 21 etapas y 3.336,8 km de la 112\u00ba edici\u00f3n del Tour de Francia.&nbsp;<\/p>\n\n\n\n<p>En un recorrido que transcurrir\u00e1 completamente por territorio franc\u00e9s. Con 2 contrarrelojes, 7 etapas de perfil llano, 6 de media monta\u00f1a y 6 de monta\u00f1a con cinco llegadas en alto en Hautacam, Luchon- Superbagn\u00e8res, Mont Ventoux, Courchevel Col de la Loze y La Plagne Tarentaise.<\/p>\n\n\n\n<p><strong>Enric Mas<\/strong>&nbsp;ser\u00e1 el jefe de filas del equipo telef\u00f3nico y afrontar\u00e1 su s\u00e9ptima participaci\u00f3n consecutiva en el Tour de Francia, tras su debut en 2019.<\/p>\n\n\n\n<figure class=\"wp-block-image\"><img data-recalc-dims=\"1\" height=\"427\" width=\"640\" decoding=\"async\" src=\"https:\/\/i0.wp.com\/movistarteam.com\/wp-content\/uploads\/2025\/06\/Enric-5-sprintcyclingagency_0892039_1_2000px-1380x920.jpg?resize=640%2C427&#038;ssl=1\" alt=\"\" class=\"wp-image-143791\"\/><\/figure>\n\n\n\n<p>El mallorqu\u00edn se rodear\u00e1 de un conjunto de corredores, j\u00f3venes y experimentados, que aportar\u00e1n valor al equipo y tambi\u00e9n buscar\u00e1n sus oportunidades en carrera.<\/p>\n\n\n\n<p>Entre los debutantes en la ronda gala:&nbsp;<strong>Iv\u00e1n Romeo<\/strong>,&nbsp;<strong>Pablo Castrillo<\/strong>,&nbsp;<strong>Einer Rubio<\/strong>&nbsp;y&nbsp;<strong>Will Barta<\/strong>. Entre los m\u00e1s experimentados,&nbsp;<strong>Nelson Oliveira<\/strong>&nbsp;sumar\u00e1 su novena participaci\u00f3n y&nbsp;<strong>Gregor M\u00fchlberger<\/strong>&nbsp;la s\u00e9ptima.<\/p>\n\n\n\n<p><\/p>\n\n\n\n<p>movistarteam.com<\/p>\n","protected":false},"excerpt":{"rendered":"<p>Enric Mas, Iv\u00e1n Romeo, Pablo Castrillo, Einer Rubio, Will Barta, Gregor M\u00fchlberger, Iv\u00e1n G. Cortina y Nelson Oliveira partir\u00e1n el pr\u00f3ximo s\u00e1bado desde Lille. Con salida desde el norte de Francia y final en la capital gala. Movistar Team presenta a su equipo para afrontar las 21 etapas y 3.336,8 km de la 112\u00ba edici\u00f3n [&hellip;]<\/p>\n","protected":false},"author":1,"featured_media":188779,"comment_status":"closed","ping_status":"closed","sticky":false,"template":"","format":"standard","meta":{"_acf_changed":false,"_jetpack_memberships_contains_paid_content":false,"footnotes":"","jetpack_publicize_message":"","jetpack_publicize_feature_enabled":true,"jetpack_social_post_already_shared":true,"jetpack_social_options":{"image_generator_settings":{"template":"highway","default_image_id":0,"font":"","enabled":false},"version":2}},"categories":[14],"tags":[],"class_list":["post-188778","post","type-post","status-publish","format-standard","has-post-thumbnail","hentry","category-ciclismo"],"acf":[],"jetpack_publicize_connections":[],"jetpack_featured_media_url":"https:\/\/i0.wp.com\/sportseco.com\/wp-content\/uploads\/2025\/07\/plantilla-TOUR-2-736x920-1.jpg?fit=736%2C920&ssl=1","jetpack_sharing_enabled":true,"_links":{"self":[{"href":"https:\/\/sportseco.com\/index.php?rest_route=\/wp\/v2\/posts\/188778","targetHints":{"allow":["GET"]}}],"collection":[{"href":"https:\/\/sportseco.com\/index.php?rest_route=\/wp\/v2\/posts"}],"about":[{"href":"https:\/\/sportseco.com\/index.php?rest_route=\/wp\/v2\/types\/post"}],"author":[{"embeddable":true,"href":"https:\/\/sportseco.com\/index.php?rest_route=\/wp\/v2\/users\/1"}],"replies":[{"embeddable":true,"href":"https:\/\/sportseco.com\/index.php?rest_route=%2Fwp%2Fv2%2Fcomments&post=188778"}],"version-history":[{"count":1,"href":"https:\/\/sportseco.com\/index.php?rest_route=\/wp\/v2\/posts\/188778\/revisions"}],"predecessor-version":[{"id":188780,"href":"https:\/\/sportseco.com\/index.php?rest_route=\/wp\/v2\/posts\/188778\/revisions\/188780"}],"wp:featuredmedia":[{"embeddable":true,"href":"https:\/\/sportseco.com\/index.php?rest_route=\/wp\/v2\/media\/188779"}],"wp:attachment":[{"href":"https:\/\/sportseco.com\/index.php?rest_route=%2Fwp%2Fv2%2Fmedia&parent=188778"}],"wp:term":[{"taxonomy":"category","embeddable":true,"href":"https:\/\/sportseco.com\/index.php?rest_route=%2Fwp%2Fv2%2Fcategories&post=188778"},{"taxonomy":"post_tag","embeddable":true,"href":"https:\/\/sportseco.com\/index.php?rest_route=%2Fwp%2Fv2%2Ftags&post=188778"}],"curies":[{"name":"wp","href":"https:\/\/api.w.org\/{rel}","templated":true}]}}