{"id":188856,"date":"2025-07-05T18:35:50","date_gmt":"2025-07-05T22:35:50","guid":{"rendered":"https:\/\/sportseco.com\/?p=188856"},"modified":"2025-07-05T18:35:54","modified_gmt":"2025-07-05T22:35:54","slug":"jasper-philipsen-alpecin-deceuninck-habia-sonado-con-este-maillot-amarillo","status":"publish","type":"post","link":"https:\/\/sportseco.com\/?p=188856","title":{"rendered":"Jasper Philipsen (Alpecin-Deceuninck): \u201cHab\u00eda so\u00f1ado con este maillot amarillo\u201d"},"content":{"rendered":"\n<p>\u201cHa sido fant\u00e1stico; nunca olvidar\u00e9 mi d\u00e9cima victoria en el Tour. La actuaci\u00f3n de mi equipo ha sido incre\u00edble. He estado nervioso todo el d\u00eda, porque ten\u00eda que estar bien colocado y al final la carrera no se rompi\u00f3 hasta los \u00faltimos 15 kil\u00f3metros. Sacamos partido de nuestra fuerza colectiva y logramos rematar la etapa con victoria. Sab\u00eda que ten\u00eda buenas piernas y la cantidad de aficionados que hab\u00eda en los \u00faltimos kil\u00f3metros me puso la piel de gallina. Ten\u00eda que lograr este triunfo, y mis piernas sintieron un chute de energ\u00eda de pura adrenalina. Ha sido una sensaci\u00f3n incre\u00edble\u201d.<\/p>\n\n\n\n<p>\u201cTen\u00edamos una grand\u00edsima oportunidad hoy, y estoy muy contento de haberla aprovechado. Hab\u00eda so\u00f1ado con este maillot amarillo. Gan\u00e9 el verde hace dos a\u00f1os y ahora voy a poder colgar el amarillo en casa; \u00a1es genial! Voy a celebrar esta victoria con mi equipo porque nos la merecemos todos. Mathieu [Van der Poel] ya consigui\u00f3 ponerse de amarillo en 2021, y es genial para el equipo lograrlo de nuevo\u201d.<\/p>\n\n\n\n<p>\u201cSiempre hay presi\u00f3n en el Tour. El nivel de la competici\u00f3n es muy alto. Ten\u00edamos que estar concentrados al 100% en todo momento. El apoyo de mis compa\u00f1eros, su experiencia, su calma\u2026 Me insuflaron confianza. Estoy muy contento de haber podido disponer de ellos en los kil\u00f3metros finales. Es un esfuerzo de equipo y estoy contento de haberlo rematado. Nos hemos quitado un peso de encima y ahora vamos a por m\u00e1s\u201d<\/p>\n\n\n\n<figure class=\"wp-block-image\"><a class=\"js-jzoom\" href=\"https:\/\/img.aso.fr\/core_app\/img-cycling-tdf-jpg\/course029\/65099\/0:0,1200:800-1200-0-70\/42b9f\"><img decoding=\"async\" src=\"https:\/\/img.aso.fr\/core_app\/img-cycling-tdf-jpg\/course029\/65099\/0:0,1200:800-2400-0-70\/3c57a\" alt=\"05\/07\/2025 \u2013 Tour de France 2025 \u2013 \u00c9tape 1 - Lille M\u00e9tropole \/ Lille M\u00e9tropole (184,9 km) - Jasper PHILIPSEN (ALPECIN-DECEUNINCK)\"\/><\/a><figcaption class=\"wp-element-caption\">05\/07\/2025 \u2013 Tour de France 2025 \u2013 \u00c9tape 1 &#8211; Lille M\u00e9tropole \/ Lille M\u00e9tropole (184,9 km) &#8211; Jasper PHILIPSEN (ALPECIN-DECEUNINCK) \u00a9 A.S.O.\/Billy Ceusters<\/figcaption><\/figure>\n\n\n\n<p>letour.fr<\/p>\n","protected":false},"excerpt":{"rendered":"<p>\u201cHa sido fant\u00e1stico; nunca olvidar\u00e9 mi d\u00e9cima victoria en el Tour. La actuaci\u00f3n de mi equipo ha sido incre\u00edble. He estado nervioso todo el d\u00eda, porque ten\u00eda que estar bien colocado y al final la carrera no se rompi\u00f3 hasta los \u00faltimos 15 kil\u00f3metros. Sacamos partido de nuestra fuerza colectiva y logramos rematar la etapa [&hellip;]<\/p>\n","protected":false},"author":1,"featured_media":188857,"comment_status":"closed","ping_status":"closed","sticky":false,"template":"","format":"standard","meta":{"_acf_changed":false,"_jetpack_memberships_contains_paid_content":false,"footnotes":"","jetpack_publicize_message":"","jetpack_publicize_feature_enabled":true,"jetpack_social_post_already_shared":true,"jetpack_social_options":{"image_generator_settings":{"template":"highway","default_image_id":0,"font":"","enabled":false},"version":2}},"categories":[14],"tags":[],"class_list":["post-188856","post","type-post","status-publish","format-standard","has-post-thumbnail","hentry","category-ciclismo"],"acf":[],"jetpack_publicize_connections":[],"jetpack_featured_media_url":"https:\/\/i0.wp.com\/sportseco.com\/wp-content\/uploads\/2025\/07\/3c57a.jpeg?fit=2400%2C1600&ssl=1","jetpack_sharing_enabled":true,"_links":{"self":[{"href":"https:\/\/sportseco.com\/index.php?rest_route=\/wp\/v2\/posts\/188856","targetHints":{"allow":["GET"]}}],"collection":[{"href":"https:\/\/sportseco.com\/index.php?rest_route=\/wp\/v2\/posts"}],"about":[{"href":"https:\/\/sportseco.com\/index.php?rest_route=\/wp\/v2\/types\/post"}],"author":[{"embeddable":true,"href":"https:\/\/sportseco.com\/index.php?rest_route=\/wp\/v2\/users\/1"}],"replies":[{"embeddable":true,"href":"https:\/\/sportseco.com\/index.php?rest_route=%2Fwp%2Fv2%2Fcomments&post=188856"}],"version-history":[{"count":1,"href":"https:\/\/sportseco.com\/index.php?rest_route=\/wp\/v2\/posts\/188856\/revisions"}],"predecessor-version":[{"id":188858,"href":"https:\/\/sportseco.com\/index.php?rest_route=\/wp\/v2\/posts\/188856\/revisions\/188858"}],"wp:featuredmedia":[{"embeddable":true,"href":"https:\/\/sportseco.com\/index.php?rest_route=\/wp\/v2\/media\/188857"}],"wp:attachment":[{"href":"https:\/\/sportseco.com\/index.php?rest_route=%2Fwp%2Fv2%2Fmedia&parent=188856"}],"wp:term":[{"taxonomy":"category","embeddable":true,"href":"https:\/\/sportseco.com\/index.php?rest_route=%2Fwp%2Fv2%2Fcategories&post=188856"},{"taxonomy":"post_tag","embeddable":true,"href":"https:\/\/sportseco.com\/index.php?rest_route=%2Fwp%2Fv2%2Ftags&post=188856"}],"curies":[{"name":"wp","href":"https:\/\/api.w.org\/{rel}","templated":true}]}}