{"id":188921,"date":"2025-07-07T08:26:21","date_gmt":"2025-07-07T12:26:21","guid":{"rendered":"https:\/\/sportseco.com\/?p=188921"},"modified":"2025-07-07T08:26:25","modified_gmt":"2025-07-07T12:26:25","slug":"inspirar-respirar-y-transpirar","status":"publish","type":"post","link":"https:\/\/sportseco.com\/?p=188921","title":{"rendered":"Inspirar, respirar y transpirar"},"content":{"rendered":"\n<p>Se atribuye a Thomas Edison la frase: \u201cUn genio es un 1% inspiraci\u00f3n y un 99% transpiraci\u00f3n\u201d. En el ciclismo actual, ciertamente, la base del \u00e9xito es el trabajo: cada hora, cada d\u00eda, durante meses, los corredores cumplen con una lista de tarea inagotable con una ciega determinaci\u00f3n que raya la obsesi\u00f3n por mor del adagio que reza que \u2018cada detalle cuenta\u2019. Sin embargo, llega un momento en que pasan tanto tiempo con la cabeza metida debajo del agua que necesitan salir a respirar: puede ser autoriz\u00e1ndose un trozo de tarta en el caf\u00e9, durmiendo hasta tarde con su pareja, o rubricando un resultado que les libera de la presi\u00f3n a la que han estado sometidos. A partir de ese primer \u00e9xito, el ciclista se inspira; a partir de ese primer \u00e9xito, le resulta m\u00e1s f\u00e1cil inspirar a los dem\u00e1s.<\/p>\n\n\n\n<p>Alpecin-Deceuninck ha firmado un arranque de Tour de Francia 2025 inmaculado. Su trabajo para las victorias de Jasper Philipsen y Mathieu Van der Poel en Lille y Boulogne-sur-Mer fue espectacular, del primer al \u00faltimo kil\u00f3metro. Son un equipo que sabe cu\u00e1ntos son recursos, cu\u00e1les sus objetivos, para qu\u00e9 corre. Centran el tiro en las cl\u00e1sicas y las grandes vueltas, y aciertan en la diana. Tras estos dos primeros triunfos, despojado de la t\u00fanica amarilla pero investido de verde, Philipsen habl\u00f3 de \u201cprolongar la racha\u201d. La jornada de Dunkerque es ideal para este prop\u00f3sito: bastante llana, con posibilidades de lluvia y viento de cara en la parte final para incomodar al m\u00e1s pintado, con varios puntos clave a los que sus Alpecin sabr\u00e1n llegar bien colocados y sacar partido de su inspiraci\u00f3n. Sin embargo, ah\u00ed estar\u00e1n transpirando los Jonathan Milan (Lidl-Trek), Tim Merlier (Soudal-Quick Step), Dylan Groenewegen (Jayco-AlUla) o Biniam Girmay (Intermarch\u00e9-Wanty). Ellos, y sus equipos, desean un \u00e9xito que les permita respirar; y buscar\u00e1n con ah\u00ednco la inspiraci\u00f3n a orillas del Mar del Norte.<\/p>\n\n\n\n<figure class=\"wp-block-image\"><a class=\"js-jzoom\" href=\"https:\/\/img.aso.fr\/core_app\/img-cycling-tdf-jpg\/course040\/65264\/0:1,1200:801-1200-0-70\/743d1\"><img decoding=\"async\" src=\"https:\/\/img.aso.fr\/core_app\/img-cycling-tdf-jpg\/course040\/65264\/0:1,1200:801-1400-0-70\/adb94\" alt=\"06\/07\/2025 \u2013 Tour de France 2025 \u2013 \u00c9tape 2 - Lauwin-Planque \/ Boulogne-sur-Mer (209,1 km) - Xandro MEURISSE, Mathieu VAN DER POEL (ALPECIN-DECEUNINCK)\"\/><\/a><figcaption class=\"wp-element-caption\">06\/07\/2025 \u2013 Tour de France 2025 \u2013 \u00c9tape 2 &#8211; Lauwin-Planque \/ Boulogne-sur-Mer (209,1 km) &#8211; Xandro MEURISSE, Mathieu VAN DER POEL (ALPECIN-DECEUNINCK) \u00a9 A.S.O.\/Billy Ceusters<\/figcaption><\/figure>\n\n\n\n<p><\/p>\n\n\n\n<p>letour.fr<\/p>\n","protected":false},"excerpt":{"rendered":"<p>Se atribuye a Thomas Edison la frase: \u201cUn genio es un 1% inspiraci\u00f3n y un 99% transpiraci\u00f3n\u201d. En el ciclismo actual, ciertamente, la base del \u00e9xito es el trabajo: cada hora, cada d\u00eda, durante meses, los corredores cumplen con una lista de tarea inagotable con una ciega determinaci\u00f3n que raya la obsesi\u00f3n por mor del [&hellip;]<\/p>\n","protected":false},"author":1,"featured_media":188922,"comment_status":"closed","ping_status":"closed","sticky":false,"template":"","format":"standard","meta":{"_acf_changed":false,"_jetpack_memberships_contains_paid_content":false,"footnotes":"","jetpack_publicize_message":"","jetpack_publicize_feature_enabled":true,"jetpack_social_post_already_shared":true,"jetpack_social_options":{"image_generator_settings":{"template":"highway","default_image_id":0,"font":"","enabled":false},"version":2}},"categories":[14],"tags":[],"class_list":["post-188921","post","type-post","status-publish","format-standard","has-post-thumbnail","hentry","category-ciclismo"],"acf":[],"jetpack_publicize_connections":[],"jetpack_featured_media_url":"https:\/\/i0.wp.com\/sportseco.com\/wp-content\/uploads\/2025\/07\/adb94.jpeg?fit=1400%2C933&ssl=1","jetpack_sharing_enabled":true,"_links":{"self":[{"href":"https:\/\/sportseco.com\/index.php?rest_route=\/wp\/v2\/posts\/188921","targetHints":{"allow":["GET"]}}],"collection":[{"href":"https:\/\/sportseco.com\/index.php?rest_route=\/wp\/v2\/posts"}],"about":[{"href":"https:\/\/sportseco.com\/index.php?rest_route=\/wp\/v2\/types\/post"}],"author":[{"embeddable":true,"href":"https:\/\/sportseco.com\/index.php?rest_route=\/wp\/v2\/users\/1"}],"replies":[{"embeddable":true,"href":"https:\/\/sportseco.com\/index.php?rest_route=%2Fwp%2Fv2%2Fcomments&post=188921"}],"version-history":[{"count":1,"href":"https:\/\/sportseco.com\/index.php?rest_route=\/wp\/v2\/posts\/188921\/revisions"}],"predecessor-version":[{"id":188923,"href":"https:\/\/sportseco.com\/index.php?rest_route=\/wp\/v2\/posts\/188921\/revisions\/188923"}],"wp:featuredmedia":[{"embeddable":true,"href":"https:\/\/sportseco.com\/index.php?rest_route=\/wp\/v2\/media\/188922"}],"wp:attachment":[{"href":"https:\/\/sportseco.com\/index.php?rest_route=%2Fwp%2Fv2%2Fmedia&parent=188921"}],"wp:term":[{"taxonomy":"category","embeddable":true,"href":"https:\/\/sportseco.com\/index.php?rest_route=%2Fwp%2Fv2%2Fcategories&post=188921"},{"taxonomy":"post_tag","embeddable":true,"href":"https:\/\/sportseco.com\/index.php?rest_route=%2Fwp%2Fv2%2Ftags&post=188921"}],"curies":[{"name":"wp","href":"https:\/\/api.w.org\/{rel}","templated":true}]}}