{"id":188951,"date":"2025-07-07T13:28:54","date_gmt":"2025-07-07T17:28:54","guid":{"rendered":"https:\/\/sportseco.com\/?p=188951"},"modified":"2025-07-07T13:28:59","modified_gmt":"2025-07-07T17:28:59","slug":"merlier-vuela-contra-el-viento","status":"publish","type":"post","link":"https:\/\/sportseco.com\/?p=188951","title":{"rendered":"Merlier vuela contra el viento"},"content":{"rendered":"\n<p>Tour de France 2025&nbsp;|&nbsp;Etapa 3&nbsp;|&nbsp;Valenciennes &gt; Dunkerque<\/p>\n\n\n\n<p>La tercera etapa del Tour de Francia 2025, muy plana tanto en su recorrido como en su desarrollo, estuvo marcada por el triste abandono del maillot verde Jasper Philipsen (Alpecin-Deceuninck), quien sufri\u00f3 una dur\u00edsima ca\u00edda en el sprint intermedio. Eliminado el principal favorito a la victoria en la previsible llegada masiva, el resto de velocistas se batieron hasta la misma l\u00ednea de meta de Dunkerque en una contienda abierta de resoluci\u00f3n milim\u00e9trica. A la postre, Tim Merlier (Soudal-Quick Step) fue quien mejor supo interpretar el viento de cara para imponerse a Jonathan Milan (Lidl-Trek) y Phil Bauhaus (Bahrain Victorious) en el \u00faltimo golpe de ri\u00f1\u00f3n. Es la segunda vez que el belga alza los brazos en el Tour de Francia: la primera fue hace cuatro a\u00f1os, y curiosamente tambi\u00e9n iba vestido de amarillo Mathieu Van der Poel (Alpecin-Deceuninck)\u2026 salvo que aquel d\u00eda, en Pontivy, el neerland\u00e9s era su coequipier y de hecho ofici\u00f3 de lanzador para \u00e9l. Este martes, nueva oportunidad para los clasic\u00f3manos con una repechera etapa camino de Rouen.<\/p>\n\n\n\n<p>182 corredores tomaron la salida en la tercera etapa del Tour de Francia 2025, con 178,3 kil\u00f3metros mayormente llanos entre Valenciennes y Dunkerque, a las 13:32. Pese a partir bajo la lluvia, los ciclistas fueron afrontando una meteorolog\u00eda m\u00e1s soleada y a la par ventosa conforme avanz\u00f3 la jornada. Los escarceos iniciales de Jonas Rickaert (Alpecin-Deceuninck) o Matej Mohoric (Bahrain Victorious) quedaron en nada, y la prueba discurri\u00f3 en calma chicha durante las tres primeras horas de competici\u00f3n. Los efectivos del Soudal-Quick Step de Tim Merlier y el Alpecin-Deceuninck del favorito Jasper Philipsen y el maillot amarillo Mathieu Van der Poel marcaron un ritmo narc\u00f3tico en el pelot\u00f3n, que pedale\u00f3 en son de paz hasta el sprint intermedio.<\/p>\n\n\n\n<p><strong>Chocante ca\u00edda y abandono de Jasper Philipsen<br \/><\/strong>Fue a 200 metros de Isbergues (SI, km 118,2) que sobrevino el infortunio y Jasper Philipsen se fue al suelo tras chocar con Bryan Coquard (Cofidis), vi\u00e9ndose obligado a abandonar con su maillot verde destrozado. Jonathan Milan (Lidl-Trek) lider\u00f3 el paso por el sprint intermedio de un pelot\u00f3n que r\u00e1pidamente se compact\u00f3 de nuevo, inmerso en una pelea por la posici\u00f3n relativamente suave. No fue hasta 38 kil\u00f3metros de meta que registramos un nuevo movimiento, con Tim Wellens (UAE Team Emirates) atacando para pasar en primera posici\u00f3n por el Mont Cassel (4\u00aa, km 147,4) y desbancar a su compa\u00f1ero y jefe de filas Tadej Pogacar del liderato de la clasificaci\u00f3n de la Monta\u00f1a. Cumplida su misi\u00f3n, el campe\u00f3n nacional belga renunci\u00f3 a la renta de 1\u201940\u201d que hab\u00eda construido y se dej\u00f3 atrapar por el pelot\u00f3n a 27 del final.<\/p>\n\n\n\n<p><strong>Resoluci\u00f3n de foto finish<br \/><\/strong>La \u2018volata\u2019 estaba servida, y todos los \u2018trenos\u2019 se aprestaron buscando colocar a sus velocistas en un pelot\u00f3n que se compactaba ante el viento de cara. Por desgracia, hubo un nuevo sobresalto con una dura ca\u00edda a 3 kil\u00f3metros de meta en la cual se vieron muy afectados Jordi Meeus y Laurence Pithie (Red Bull-Bora-Hansgrohe), e implicados hombres de la general como Remco Evenepoel (Soudal-Quick Step) o Geraint Thomas (Ineos Grenadiers). En lo referente a la competici\u00f3n, Lidl-Trek y Picnic-PostNL fueron los responsables de lanzar una llegada masiva cuya resoluci\u00f3n fue ajustada hasta el punto de requerir la intervenci\u00f3n de la \u2018foto finish\u2019.<\/p>\n\n\n\n<figure class=\"wp-block-image\"><a class=\"js-jzoom\" href=\"https:\/\/img.aso.fr\/core_app\/img-cycling-tdf-jpg\/header-hp-vainqueure2\/65433\/0:0,2000:890-1200-0-70\/d65bc\"><img decoding=\"async\" src=\"https:\/\/img.aso.fr\/core_app\/img-cycling-tdf-jpg\/header-hp-vainqueure2\/65433\/0:0,2000:890-2400-0-70\/87e00\" alt=\"\"\/><\/a><\/figure>\n\n\n\n<p>letour.fr<\/p>\n","protected":false},"excerpt":{"rendered":"<p>Tour de France 2025&nbsp;|&nbsp;Etapa 3&nbsp;|&nbsp;Valenciennes &gt; Dunkerque La tercera etapa del Tour de Francia 2025, muy plana tanto en su recorrido como en su desarrollo, estuvo marcada por el triste abandono del maillot verde Jasper Philipsen (Alpecin-Deceuninck), quien sufri\u00f3 una dur\u00edsima ca\u00edda en el sprint intermedio. Eliminado el principal favorito a la victoria en la [&hellip;]<\/p>\n","protected":false},"author":1,"featured_media":188952,"comment_status":"closed","ping_status":"closed","sticky":false,"template":"","format":"standard","meta":{"_acf_changed":false,"_jetpack_memberships_contains_paid_content":false,"footnotes":"","jetpack_publicize_message":"","jetpack_publicize_feature_enabled":true,"jetpack_social_post_already_shared":true,"jetpack_social_options":{"image_generator_settings":{"template":"highway","default_image_id":0,"font":"","enabled":false},"version":2}},"categories":[14],"tags":[],"class_list":["post-188951","post","type-post","status-publish","format-standard","has-post-thumbnail","hentry","category-ciclismo"],"acf":[],"jetpack_publicize_connections":[],"jetpack_featured_media_url":"https:\/\/i0.wp.com\/sportseco.com\/wp-content\/uploads\/2025\/07\/87e00.jpeg?fit=2400%2C1068&ssl=1","jetpack_sharing_enabled":true,"_links":{"self":[{"href":"https:\/\/sportseco.com\/index.php?rest_route=\/wp\/v2\/posts\/188951","targetHints":{"allow":["GET"]}}],"collection":[{"href":"https:\/\/sportseco.com\/index.php?rest_route=\/wp\/v2\/posts"}],"about":[{"href":"https:\/\/sportseco.com\/index.php?rest_route=\/wp\/v2\/types\/post"}],"author":[{"embeddable":true,"href":"https:\/\/sportseco.com\/index.php?rest_route=\/wp\/v2\/users\/1"}],"replies":[{"embeddable":true,"href":"https:\/\/sportseco.com\/index.php?rest_route=%2Fwp%2Fv2%2Fcomments&post=188951"}],"version-history":[{"count":1,"href":"https:\/\/sportseco.com\/index.php?rest_route=\/wp\/v2\/posts\/188951\/revisions"}],"predecessor-version":[{"id":188953,"href":"https:\/\/sportseco.com\/index.php?rest_route=\/wp\/v2\/posts\/188951\/revisions\/188953"}],"wp:featuredmedia":[{"embeddable":true,"href":"https:\/\/sportseco.com\/index.php?rest_route=\/wp\/v2\/media\/188952"}],"wp:attachment":[{"href":"https:\/\/sportseco.com\/index.php?rest_route=%2Fwp%2Fv2%2Fmedia&parent=188951"}],"wp:term":[{"taxonomy":"category","embeddable":true,"href":"https:\/\/sportseco.com\/index.php?rest_route=%2Fwp%2Fv2%2Fcategories&post=188951"},{"taxonomy":"post_tag","embeddable":true,"href":"https:\/\/sportseco.com\/index.php?rest_route=%2Fwp%2Fv2%2Ftags&post=188951"}],"curies":[{"name":"wp","href":"https:\/\/api.w.org\/{rel}","templated":true}]}}