{"id":188957,"date":"2025-07-07T14:57:59","date_gmt":"2025-07-07T18:57:59","guid":{"rendered":"https:\/\/sportseco.com\/?p=188957"},"modified":"2025-07-07T14:58:02","modified_gmt":"2025-07-07T18:58:02","slug":"mathieu-van-der-poel-no-ha-sido-un-buen-dia","status":"publish","type":"post","link":"https:\/\/sportseco.com\/?p=188957","title":{"rendered":"Mathieu Van der Poel: \u201cNo ha sido un buen d\u00eda\u201d"},"content":{"rendered":"\n<p><em>Mathieu Van der Poel (Alpecin-Deceuninck) es l\u00edder del Tour de Francia 2025 tras la disputa de la tercera etapa. Durante la etapa, su compa\u00f1ero Jasper Philipsen hubo de abandonar por ca\u00edda siendo l\u00edder de la clasificaci\u00f3n por Puntos.<\/em><\/p>\n\n\n\n<p>\u201cNo ha sido un buen d\u00eda. S\u00f3lo podemos pensar en Jasper [Philipsen] ahora mismo. Es muy triste que se haya tenido que ir del Tour as\u00ed. Es probable que se haya roto algo en la ca\u00edda. Ten\u00edamos un objetivo muy bonito con \u00e9l: volver a ganar el maillot verde. \u00bfPelearlo yo? No creo. Ser\u00eda muy dif\u00edcil para m\u00ed ganarlo, porque ya me he perdido un par de sprints masivos y no he peleado ning\u00fan sprint intermedio. M\u00e1s bien, me centrar\u00e9 en ganar otra etapa.<\/p>\n\n\n\n<p>\u201cCreo que Kaden Groves va a pasar a ser el sprinter de referencia del equipo. Ya ha demostrado en a\u00f1os anteriores su capacidad para ganar carreras grandes. Hoy era muy dif\u00edcil cambiar el chip tras lo sucedido con Jasper, pero en los pr\u00f3ximos d\u00edas pelearemos por sumar m\u00e1s triunfos\u201d.<\/p>\n\n\n\n<p>\u201cLa etapa de ma\u00f1ana parece bastante dura. Espero tener buenas piernas para poder disputar la victoria y mantener el maillot amarillo\u201d.<\/p>\n\n\n\n<figure class=\"wp-block-image\"><a class=\"js-jzoom\" href=\"https:\/\/img.aso.fr\/core_app\/img-cycling-tdf-jpg\/course027\/65447\/0:0,1200:800-1200-0-70\/5f72e\"><img decoding=\"async\" src=\"https:\/\/img.aso.fr\/core_app\/img-cycling-tdf-jpg\/course027\/65447\/0:0,1200:800-2400-0-70\/f97e9\" alt=\"07\/07\/2025 \u2013 Tour de France 2025 \u2013 \u00c9tape 3 - Valenciennes \/ Dunkerque (178,3 km) - Mathieu VAN DER POEL (ALPECIN-DECEUNINCK)\"\/><\/a><figcaption class=\"wp-element-caption\">07\/07\/2025 \u2013 Tour de France 2025 \u2013 \u00c9tape 3 &#8211; Va<\/figcaption><\/figure>\n\n\n\n<p><\/p>\n\n\n\n<p>letour.fr<\/p>\n","protected":false},"excerpt":{"rendered":"<p>Mathieu Van der Poel (Alpecin-Deceuninck) es l\u00edder del Tour de Francia 2025 tras la disputa de la tercera etapa. Durante la etapa, su compa\u00f1ero Jasper Philipsen hubo de abandonar por ca\u00edda siendo l\u00edder de la clasificaci\u00f3n por Puntos. \u201cNo ha sido un buen d\u00eda. S\u00f3lo podemos pensar en Jasper [Philipsen] ahora mismo. Es muy triste [&hellip;]<\/p>\n","protected":false},"author":1,"featured_media":188958,"comment_status":"closed","ping_status":"closed","sticky":false,"template":"","format":"standard","meta":{"_acf_changed":false,"_jetpack_memberships_contains_paid_content":false,"footnotes":"","jetpack_publicize_message":"","jetpack_publicize_feature_enabled":true,"jetpack_social_post_already_shared":true,"jetpack_social_options":{"image_generator_settings":{"template":"highway","default_image_id":0,"font":"","enabled":false},"version":2}},"categories":[14],"tags":[],"class_list":["post-188957","post","type-post","status-publish","format-standard","has-post-thumbnail","hentry","category-ciclismo"],"acf":[],"jetpack_publicize_connections":[],"jetpack_featured_media_url":"https:\/\/i0.wp.com\/sportseco.com\/wp-content\/uploads\/2025\/07\/f97e9.jpeg?fit=2400%2C1600&ssl=1","jetpack_sharing_enabled":true,"_links":{"self":[{"href":"https:\/\/sportseco.com\/index.php?rest_route=\/wp\/v2\/posts\/188957","targetHints":{"allow":["GET"]}}],"collection":[{"href":"https:\/\/sportseco.com\/index.php?rest_route=\/wp\/v2\/posts"}],"about":[{"href":"https:\/\/sportseco.com\/index.php?rest_route=\/wp\/v2\/types\/post"}],"author":[{"embeddable":true,"href":"https:\/\/sportseco.com\/index.php?rest_route=\/wp\/v2\/users\/1"}],"replies":[{"embeddable":true,"href":"https:\/\/sportseco.com\/index.php?rest_route=%2Fwp%2Fv2%2Fcomments&post=188957"}],"version-history":[{"count":1,"href":"https:\/\/sportseco.com\/index.php?rest_route=\/wp\/v2\/posts\/188957\/revisions"}],"predecessor-version":[{"id":188959,"href":"https:\/\/sportseco.com\/index.php?rest_route=\/wp\/v2\/posts\/188957\/revisions\/188959"}],"wp:featuredmedia":[{"embeddable":true,"href":"https:\/\/sportseco.com\/index.php?rest_route=\/wp\/v2\/media\/188958"}],"wp:attachment":[{"href":"https:\/\/sportseco.com\/index.php?rest_route=%2Fwp%2Fv2%2Fmedia&parent=188957"}],"wp:term":[{"taxonomy":"category","embeddable":true,"href":"https:\/\/sportseco.com\/index.php?rest_route=%2Fwp%2Fv2%2Fcategories&post=188957"},{"taxonomy":"post_tag","embeddable":true,"href":"https:\/\/sportseco.com\/index.php?rest_route=%2Fwp%2Fv2%2Ftags&post=188957"}],"curies":[{"name":"wp","href":"https:\/\/api.w.org\/{rel}","templated":true}]}}