{"id":189009,"date":"2025-07-08T12:44:19","date_gmt":"2025-07-08T16:44:19","guid":{"rendered":"https:\/\/sportseco.com\/?p=189009"},"modified":"2025-07-08T12:44:26","modified_gmt":"2025-07-08T16:44:26","slug":"cien-por-cien-tadej-pogacar","status":"publish","type":"post","link":"https:\/\/sportseco.com\/?p=189009","title":{"rendered":"Cien por cien Tadej Pogacar"},"content":{"rendered":"\n<p>Tour de France 2025&nbsp;|&nbsp;Etapa 4&nbsp;|&nbsp;Amiens M\u00e9tropole &gt; Rouen<\/p>\n\n\n\n<p><em><strong>Ic\u00f3nica actuaci\u00f3n de Tadej Pogacar en la cuarta etapa del Tour de Francia 2025 para sumar la victoria n\u00famero 100 de su carrera profesional. El campe\u00f3n del mundo fue el m\u00e1s fuerte en la sucesi\u00f3n de cotas dispuestas en torno a Rouen, bien apoyado por un brillante UAE Team Emirates que supo defenderse a la perfecci\u00f3n ante las acometidas del Visma-Lease a Bike de Jonas Vingegaard. Tras un intenso mano a mano en la \u00faltima ascensi\u00f3n puntuable entre Pogacar y Vingegaard, un selecto grupo de ocho ciclistas se present\u00f3 en la cuesta final, donde el esloveno redujo sin problemas tanto a Mathieu Van der Poel (Alpecin-Deceuninck) como a su eterno rival dan\u00e9s. No obstante el empate a tiempos tras las bonificaciones de meta, Van der Poel conserva el maillot amarillo por contar una menor suma de puestos en las etapas precedentes que Pogacar, con Vingegaard a 8\u201d. La general cambiar\u00e1 completamente este mi\u00e9rcoles por mor de una contrarreloj llana de 33 kil\u00f3metros en Caen.<\/strong><\/em><\/p>\n\n\n\n<p>181 corredores tomaron la salida en la cuarta etapa del Tour de Francia 2025, con 174,2 kil\u00f3metros entre Amiens y Rouen y cinco subidas puntuables en los \u00faltimos 50 kil\u00f3metros, a las 13:36. Nada m\u00e1s darse el banderazo de salida, Lenny Martinez (Bahrain Victorious) y Jonas Abrahamsen (Uno-X) atacaron para marcharse acto seguido del pelot\u00f3n. En el kil\u00f3metro 5, se unir\u00eda a su ofensiva Thomas Gachignard (TotalEnergies); y en el 19, despu\u00e9s de un cuarto de hora de persecuci\u00f3n, lo har\u00eda Kasper Asgreen (EF Education-EasyPost). El cuarteto construy\u00f3 una renta que lleg\u00f3 a los 2\u201915\u201d registrados en el kil\u00f3metro 49, mientras Alpecin-Deceuninck conduc\u00eda el grupo principal mediante Silvan Dillier. La carrera discurri\u00f3 serena y estable, apenas perturbada por alguna ca\u00edda intrascendente, camino de los momentos decisivos.<\/p>\n\n\n\n<p><strong>Lenny Martinez, el \u00faltimo en rendirse<\/strong><\/p>\n\n\n\n<p>Tras un toma y daca con Martinez, Asgreen fue el primero en coronar la C\u00f4te Jacques Anquetil (4\u00aa, km 128,2), que el pelot\u00f3n holl\u00f3 con 1\u201915\u201d de retraso respecto a los escapados. La renta se hab\u00eda reducido a 20\u201d al paso por Saint-Adrien (SI, km 143,3), liderado por Abrahamsen. Ser\u00eda en la C\u00f4te de Belbeuf (3\u00aa, km 146,6) que claudicar\u00edan, escalonadamente, Gachignard, Asgreen y Abrahamsen; solo Martinez resisti\u00f3 en cabeza, con 10\u201d de ventaja en la cima. No obstante, el a la postre ganador del premio de la Combatividad ser\u00eda atrapado al pie de la siguiente ascensi\u00f3n, la C\u00f4te de Bonsecours (4\u00aa, km 154,4), hollada por Anders Johannessen (Uno-X). UAE Team Emirates tir\u00f3 del pelot\u00f3n hasta la cima de la C\u00f4te de la Grand&#8217;Mare (4\u00aa, km 162,1), donde Tim Wellens cruz\u00f3 primero para afianzar su maillot de puntos rojos.<\/p>\n\n\n\n<p><strong>Cara a cara entre Pogacar y Vingegaard<\/strong><\/p>\n\n\n\n<p>Nada m\u00e1s coronarse la pen\u00faltima cota, Visma-Lease a Bike tom\u00f3 la cabeza del pelot\u00f3n para marcar un ritmo endiablado que cort\u00f3 el grupo hasta dejar apenas 30 hombres en concurso al pie de la Rampe Saint-Hilaire (3\u00aa, km 169). En ella, UAE Team Emirates recuper\u00f3 las riendas con Jhonatan Narv\u00e1ez primero y Joao Almeida despu\u00e9s para preparar el terreno a un espectacular ataque de Tadej Pogacar a 300 metros de coronar. S\u00f3lo Jonas Vingegaard (Visma-Lease a Bike) resisti\u00f3 su aceleraci\u00f3n y logr\u00f3 franquear la cima a su rueda. Pronto contactaron desde atr\u00e1s el maillot amarillo Mathieu Van der Poel (Alpecin-Deceuninck), Remco Evenepoel (Soudal-Quick Step), Matteo Jorgenson (Visma-Lease a Bike), Oscar Onley (Picnic-PostNL), Romain Gr\u00e9goire (Groupama-FDJ) y el propio Almeida, quien asumi\u00f3 el peso de llevar al grupo hasta la rampa final de 500 metros al 5%. En ella trat\u00f3 de lanzar el sprint Van der Poel, s\u00f3lo para ver c\u00f3mo Pogacar le rebasaba con tiempo para celebrar una victoria ic\u00f3nica.<\/p>\n\n\n\n<figure class=\"wp-block-image\"><a class=\"js-jzoom\" href=\"https:\/\/img.aso.fr\/core_app\/img-cycling-tdf-jpg\/header-e4-arrivee\/65640\/0:0,2000:890-1200-0-70\/9e4d1\"><img decoding=\"async\" src=\"https:\/\/img.aso.fr\/core_app\/img-cycling-tdf-jpg\/header-e4-arrivee\/65640\/0:0,2000:890-2400-0-70\/ebe2a\" alt=\"\"\/><\/a><figcaption class=\"wp-element-caption\">\u00a9 BILLY_LEBELGE<\/figcaption><\/figure>\n\n\n\n<p><\/p>\n\n\n\n<p>letour.fr<\/p>\n","protected":false},"excerpt":{"rendered":"<p>Tour de France 2025&nbsp;|&nbsp;Etapa 4&nbsp;|&nbsp;Amiens M\u00e9tropole &gt; Rouen Ic\u00f3nica actuaci\u00f3n de Tadej Pogacar en la cuarta etapa del Tour de Francia 2025 para sumar la victoria n\u00famero 100 de su carrera profesional. El campe\u00f3n del mundo fue el m\u00e1s fuerte en la sucesi\u00f3n de cotas dispuestas en torno a Rouen, bien apoyado por un brillante [&hellip;]<\/p>\n","protected":false},"author":1,"featured_media":189010,"comment_status":"closed","ping_status":"closed","sticky":false,"template":"","format":"standard","meta":{"_acf_changed":false,"_jetpack_memberships_contains_paid_content":false,"footnotes":"","jetpack_publicize_message":"","jetpack_publicize_feature_enabled":true,"jetpack_social_post_already_shared":true,"jetpack_social_options":{"image_generator_settings":{"template":"highway","default_image_id":0,"font":"","enabled":false},"version":2}},"categories":[14],"tags":[],"class_list":["post-189009","post","type-post","status-publish","format-standard","has-post-thumbnail","hentry","category-ciclismo"],"acf":[],"jetpack_publicize_connections":[],"jetpack_featured_media_url":"https:\/\/i0.wp.com\/sportseco.com\/wp-content\/uploads\/2025\/07\/ebe2a.jpeg?fit=2400%2C1068&ssl=1","jetpack_sharing_enabled":true,"_links":{"self":[{"href":"https:\/\/sportseco.com\/index.php?rest_route=\/wp\/v2\/posts\/189009","targetHints":{"allow":["GET"]}}],"collection":[{"href":"https:\/\/sportseco.com\/index.php?rest_route=\/wp\/v2\/posts"}],"about":[{"href":"https:\/\/sportseco.com\/index.php?rest_route=\/wp\/v2\/types\/post"}],"author":[{"embeddable":true,"href":"https:\/\/sportseco.com\/index.php?rest_route=\/wp\/v2\/users\/1"}],"replies":[{"embeddable":true,"href":"https:\/\/sportseco.com\/index.php?rest_route=%2Fwp%2Fv2%2Fcomments&post=189009"}],"version-history":[{"count":1,"href":"https:\/\/sportseco.com\/index.php?rest_route=\/wp\/v2\/posts\/189009\/revisions"}],"predecessor-version":[{"id":189011,"href":"https:\/\/sportseco.com\/index.php?rest_route=\/wp\/v2\/posts\/189009\/revisions\/189011"}],"wp:featuredmedia":[{"embeddable":true,"href":"https:\/\/sportseco.com\/index.php?rest_route=\/wp\/v2\/media\/189010"}],"wp:attachment":[{"href":"https:\/\/sportseco.com\/index.php?rest_route=%2Fwp%2Fv2%2Fmedia&parent=189009"}],"wp:term":[{"taxonomy":"category","embeddable":true,"href":"https:\/\/sportseco.com\/index.php?rest_route=%2Fwp%2Fv2%2Fcategories&post=189009"},{"taxonomy":"post_tag","embeddable":true,"href":"https:\/\/sportseco.com\/index.php?rest_route=%2Fwp%2Fv2%2Ftags&post=189009"}],"curies":[{"name":"wp","href":"https:\/\/api.w.org\/{rel}","templated":true}]}}