{"id":189138,"date":"2025-07-10T17:29:12","date_gmt":"2025-07-10T21:29:12","guid":{"rendered":"https:\/\/sportseco.com\/?p=189138"},"modified":"2025-07-10T17:29:18","modified_gmt":"2025-07-10T21:29:18","slug":"mathieu-van-der-poel-sera-muy-bonito-vestir-de-amarillo-en-mur-de-bretagne","status":"publish","type":"post","link":"https:\/\/sportseco.com\/?p=189138","title":{"rendered":"Mathieu Van der Poel: \u201cSer\u00e1 muy bonito vestir de amarillo en M\u00fbr-de-Bretagne\u201d"},"content":{"rendered":"\n<p><em>Mathieu Van der Poel (Alpecin-Deceuninck) es l\u00edder del Tour de Francia 2025 tras la disputa de la sexta etapa, recuperando el maillot amarillo de manos de Tadej Pogacar.<\/em><\/p>\n\n\n\n<p>\u00abEl plan inicial era intentar estar en la escapada. Ha sido una etapa muy dura, muy r\u00e1pida desde el principio. Pas\u00f3 un rato largo hasta que nuestro grupo se march\u00f3, e incluso entonces tuvimos que luchar para abrir hueco. Creo que no he tenido mi mejor d\u00eda y al final he luchado contra m\u00ed mismo\u201d.<\/p>\n\n\n\n<p>\u201cSer\u00e1 muy bonito vestir de amarillo en M\u00fbr-de-Bretagne, un lugar especial para m\u00ed. Pero, cuando ves c\u00f3mo va Tadej [Pogacar], si ataca ma\u00f1ana, o Jonas [Vingegaard] tambi\u00e9n, ser\u00e1 muy dif\u00edcil no s\u00f3lo para m\u00ed sino para todo el pelot\u00f3n seguirles en esta subida final. Intentar\u00e9 recuperarme lo mejor posible de hoy y ya veremos ma\u00f1ana, pero primero voy a disfrutar del maillot amarillo. Probablemente s\u00f3lo lo tenga un d\u00eda\u2026\u201d<\/p>\n\n\n\n<p>\u201cNo s\u00e9 por qu\u00e9 [UAE Team Emirates-XRG] ha tirado para perseguirme. No me tienen miedo; quiz\u00e1 quer\u00edan controlar a otra persona. Est\u00e1n en su derecho de tirar; hacen sus propias t\u00e1cticas y depende de nosotros rodar m\u00e1s r\u00e1pido si queremos el maillot amarillo. Me habr\u00eda encantado m\u00e1s renta que un segundo, pero estoy contento de volver a vestir de amarillo ma\u00f1ana, aunque s\u00f3lo sea por un d\u00eda\u00bb.<\/p>\n\n\n\n<figure class=\"wp-block-image\"><a class=\"js-jzoom\" href=\"https:\/\/img.aso.fr\/core_app\/img-cycling-tdf-jpg\/podium002\/66082\/0:0,1200:800-1200-0-70\/c80a5\"><img decoding=\"async\" src=\"https:\/\/img.aso.fr\/core_app\/img-cycling-tdf-jpg\/podium002\/66082\/0:0,1200:800-2400-0-70\/96bd2\" alt=\"10\/07\/2025 \u2013 Tour de France 2025 \u2013 \u00c9tape 6 - Bayeux \/ Vire Normandie (201,5 km) - Mathieu VAN DER POEL (ALPECIN-DECEUNINCK)\"\/><\/a><figcaption class=\"wp-element-caption\">10\/07\/2025 \u2013 Tour de France 2025 \u2013 \u00c9tape 6 &#8211; Bayeux \/ Vire Normandie (201,5 km) &#8211; Mathieu VAN DER POEL (ALPECIN-DECEUNINCK) \u00a9 A.S.O.\/Billy Ceusters<\/figcaption><\/figure>\n\n\n\n<p><\/p>\n\n\n\n<p>letour.fr<\/p>\n","protected":false},"excerpt":{"rendered":"<p>Mathieu Van der Poel (Alpecin-Deceuninck) es l\u00edder del Tour de Francia 2025 tras la disputa de la sexta etapa, recuperando el maillot amarillo de manos de Tadej Pogacar. \u00abEl plan inicial era intentar estar en la escapada. Ha sido una etapa muy dura, muy r\u00e1pida desde el principio. Pas\u00f3 un rato largo hasta que nuestro [&hellip;]<\/p>\n","protected":false},"author":1,"featured_media":189139,"comment_status":"closed","ping_status":"closed","sticky":false,"template":"","format":"standard","meta":{"_acf_changed":false,"_jetpack_memberships_contains_paid_content":false,"footnotes":"","jetpack_publicize_message":"","jetpack_publicize_feature_enabled":true,"jetpack_social_post_already_shared":true,"jetpack_social_options":{"image_generator_settings":{"template":"highway","default_image_id":0,"font":"","enabled":false},"version":2}},"categories":[14],"tags":[],"class_list":["post-189138","post","type-post","status-publish","format-standard","has-post-thumbnail","hentry","category-ciclismo"],"acf":[],"jetpack_publicize_connections":[],"jetpack_featured_media_url":"https:\/\/i0.wp.com\/sportseco.com\/wp-content\/uploads\/2025\/07\/96bd2.jpeg?fit=2400%2C1600&ssl=1","jetpack_sharing_enabled":true,"_links":{"self":[{"href":"https:\/\/sportseco.com\/index.php?rest_route=\/wp\/v2\/posts\/189138","targetHints":{"allow":["GET"]}}],"collection":[{"href":"https:\/\/sportseco.com\/index.php?rest_route=\/wp\/v2\/posts"}],"about":[{"href":"https:\/\/sportseco.com\/index.php?rest_route=\/wp\/v2\/types\/post"}],"author":[{"embeddable":true,"href":"https:\/\/sportseco.com\/index.php?rest_route=\/wp\/v2\/users\/1"}],"replies":[{"embeddable":true,"href":"https:\/\/sportseco.com\/index.php?rest_route=%2Fwp%2Fv2%2Fcomments&post=189138"}],"version-history":[{"count":1,"href":"https:\/\/sportseco.com\/index.php?rest_route=\/wp\/v2\/posts\/189138\/revisions"}],"predecessor-version":[{"id":189140,"href":"https:\/\/sportseco.com\/index.php?rest_route=\/wp\/v2\/posts\/189138\/revisions\/189140"}],"wp:featuredmedia":[{"embeddable":true,"href":"https:\/\/sportseco.com\/index.php?rest_route=\/wp\/v2\/media\/189139"}],"wp:attachment":[{"href":"https:\/\/sportseco.com\/index.php?rest_route=%2Fwp%2Fv2%2Fmedia&parent=189138"}],"wp:term":[{"taxonomy":"category","embeddable":true,"href":"https:\/\/sportseco.com\/index.php?rest_route=%2Fwp%2Fv2%2Fcategories&post=189138"},{"taxonomy":"post_tag","embeddable":true,"href":"https:\/\/sportseco.com\/index.php?rest_route=%2Fwp%2Fv2%2Ftags&post=189138"}],"curies":[{"name":"wp","href":"https:\/\/api.w.org\/{rel}","templated":true}]}}