{"id":189189,"date":"2025-07-11T11:10:47","date_gmt":"2025-07-11T15:10:47","guid":{"rendered":"https:\/\/sportseco.com\/?p=189189"},"modified":"2025-07-11T11:10:53","modified_gmt":"2025-07-11T15:10:53","slug":"tadej-pogacar-y-mur-de-bretagne-dos-leyendas-que-crecen","status":"publish","type":"post","link":"https:\/\/sportseco.com\/?p=189189","title":{"rendered":"Tadej Pogacar y M\u00fbr-de-Bretagne, dos leyendas que crecen"},"content":{"rendered":"\n<p>Tour de France 2025&nbsp;|&nbsp;Etapa 7&nbsp;|&nbsp;Saint-Malo &gt; M\u00fbr-de-Bretagne Guerl\u00e9dan<\/p>\n\n\n\n<p><em><strong>El Tour de Francia encar\u00f3 este viernes uno de sus iconos m\u00e1s modernos, la ascensi\u00f3n de M\u00fbr-de-Bretagne en la cual Mathieu Van der Poel tomara el maillot amarillo en nombre de su abuelo Raymond Poulidor all\u00e1 por 2021. Esta vez, el neerland\u00e9s de Alpecin-Deceuninck llegaba ya con la preciosa t\u00fanica\u2026 para ced\u00e9rsela en meta al irresistible Tadej Pogacar (UAE Team Emirates), quien todav\u00eda luciendo el maillot arco\u00edris se impuso en el demarraje final a Jonas Vingegaard (Visma-Lease a Bike) para recuperar el primer puesto de la general y anotar su 19\u00aa victoria de etapa en la gran ronda gala; la segunda en este Tour. Fue una victoria que&nbsp;alimenta dos leyendas: la personal de Pogacar y la local de M\u00fbr-de-Bretagne. Tambi\u00e9n la alternancia entre Van der Poel y Pogacar al frente de la general es hist\u00f3rica: \u00e9sta es la primera vez de siempre que dos ciclistas se rotan el maillot amarillo dos veces consecutivas. El pelot\u00f3n de la Grande Boucle afrontar\u00e1 este s\u00e1bado una etapa m\u00e1s tranquila a priori, con 171,4 kil\u00f3metros planos entre Saint-M\u00e9en-le-Grand y Laval.<\/strong><\/em><\/p>\n\n\n\n<figure class=\"wp-block-image\"><a class=\"media__item__link js-play-embed\" href=\"https:\/\/geo.dailymotion.com\/player\/xbbut.html?video=x9mqkyw&amp;autoplay=1\" target=\"_blank\" rel=\"noreferrer noopener\"><img decoding=\"async\" src=\"https:\/\/img.aso.fr\/core_app\/img-cycling-tdf-jpg\/video-10194\/66250\/0:0,1280:720-1200-0-70\/63dfc\" alt=\"\"\/><\/a><figcaption class=\"wp-element-caption\">\u00daltimo kil\u00f3metro &#8211; Etapa 7 &#8211; Tour de France 2025<\/figcaption><\/figure>\n\n\n\n<p>179 corredores tomaron la salida en la s\u00e9ptima etapa del Tour de Francia 2025, con 197 kil\u00f3metros entre Saint-Malo y M\u00fbr-de-Bretagne, cuyo dur\u00edsimo repecho final auguraba una resoluci\u00f3n muy emocionante. Wout van Aert (Visma-Lease a Bike) fue el autor del primer ataque, y de hecho logr\u00f3 circular una veintena de kil\u00f3metros por delante del pelot\u00f3n acompa\u00f1ado por Mauro Schmid. Una vez devuelto el d\u00fao a la disciplina del pelot\u00f3n, los ataques se sucedieron en cascada y s\u00f3lo desembocaron en una escapada en el kil\u00f3metro 55, cuando se marcharon Alex Baudin (EF Education-EasyPost), Geraint Thomas (Ineos Grenadiers), Marco Haller (Tudor), Ewen Costiou (Ark\u00e9a-B&amp;B Hotels) e Iv\u00e1n Garc\u00eda Cortina (Movistar Team) una vez completada la hora de competici\u00f3n m\u00e1s r\u00e1pida de lo que llevamos de Tour: 53,7 km\/h.<\/p>\n\n\n\n<p><strong>UAE y Alpecin controlaron la escapada<\/strong><\/p>\n\n\n\n<p>El pelot\u00f3n, controlado por UAE Team Emirates y Alpecin-Deceuninck, mantuvo a la fuga a tiro de piedra: s\u00f3lo le permiti\u00f3 una renta m\u00e1xima de 1\u201940\u201d al paso por Yffiniac (km 120,5), ciudad natal de Bernard Hinault. Antes, Mattia Cattaneo (Soudal-Quick Step) se vio obligado a abandonar, dejando a Remco Evenepoel sin un gregario clave. Garc\u00eda Cortina encabez\u00f3 el paso por Pl\u00e9dran (SI, km 139,2), donde la fuga conservaba un minuto de ventaja respecto al grupo principal. Haller levantar\u00eda el pie, obligado por unos calambres, a 42,5 kil\u00f3metros de meta.<\/p>\n\n\n\n<p><strong>Merecido premio de la Combatividad para Ewen Costiou<\/strong><\/p>\n\n\n\n<p>Los 20 kil\u00f3metros finales conten\u00edan los tres puertos puntuables del d\u00eda, incluyendo un doble paso por el repecho final. Costiou coron\u00f3 en primera posici\u00f3n la C\u00f4te du village de M\u00fbr-de-Bretagne (4\u00aa, km 178,8) antes de deshacerse de sus tres compa\u00f1eros de escapada para coronar en solitario la subida de M\u00fbr-de-Bretagne Guerledan (3\u00aa, km 181,7), con 15\u201d de ventaja sobre un pelot\u00f3n reducido a unos 40 ciclistas por el impulso de Visma-Lease a Bike mediante Simon Yates. El bret\u00f3n ser\u00eda atrapado a 12 de meta, si bien recibi\u00f3 el premio de la Combatividad para subir al podio en casa.<\/p>\n\n\n\n<p><strong>Dura ca\u00edda en la aproximaci\u00f3n a la ascensi\u00f3n final<\/strong><\/p>\n\n\n\n<p>Una dura ca\u00edda a 6 kil\u00f3metros de meta da\u00f1\u00f3 a Joao Almeida (UAE Team Emirates-XRG) y Santiago Buitrago (Bahrain Victorious), vi\u00e9ndose implicados con menores consecuencias otros hombres de la general como Enric Mas (Movistar Team) \u00f3 Guillaume Martin-Guyonnet (Groupama-FDJ). El maillot de puntos rojos Tim Wellens (UAE Team Emirates-XRG) aceler\u00f3 en los primeros compases de la ascensi\u00f3n definitiva de M\u00fbr-de-Bretagne (3\u00aa, km 197), preparando un ataque de su jefe de filas Tadej Pogacar que dej\u00f3 a s\u00f3lo nueve ciclistas en cabeza de carrera. Entre ellos, un Jhonatan Narv\u00e1ez que se puso al servicio del esloveno para lanzarle la llegada. A 200 metros del final, el campe\u00f3n del mundo arranc\u00f3 con su eterno rival Jonas Vingegaard (Visma-Lease a Bike). El dan\u00e9s s\u00f3lo pudo ser un espectador de lujo mientras el maillot arco\u00edris alzaba los brazos y recuperaba el maillot amarillo.<\/p>\n\n\n\n<figure class=\"wp-block-image\"><a class=\"js-jzoom\" href=\"https:\/\/img.aso.fr\/core_app\/img-cycling-tdf-jpg\/header-e7-arrivee\/66249\/0:0,2000:890-1200-0-70\/67798\"><img decoding=\"async\" src=\"https:\/\/img.aso.fr\/core_app\/img-cycling-tdf-jpg\/header-e7-arrivee\/66249\/0:0,2000:890-2400-0-70\/c8d9d\" alt=\"\"\/><\/a><\/figure>\n\n\n\n<p><\/p>\n\n\n\n<p>LETOUR.FR<\/p>\n","protected":false},"excerpt":{"rendered":"<p>Tour de France 2025&nbsp;|&nbsp;Etapa 7&nbsp;|&nbsp;Saint-Malo &gt; M\u00fbr-de-Bretagne Guerl\u00e9dan El Tour de Francia encar\u00f3 este viernes uno de sus iconos m\u00e1s modernos, la ascensi\u00f3n de M\u00fbr-de-Bretagne en la cual Mathieu Van der Poel tomara el maillot amarillo en nombre de su abuelo Raymond Poulidor all\u00e1 por 2021. Esta vez, el neerland\u00e9s de Alpecin-Deceuninck llegaba ya con [&hellip;]<\/p>\n","protected":false},"author":1,"featured_media":189190,"comment_status":"closed","ping_status":"closed","sticky":false,"template":"","format":"standard","meta":{"_acf_changed":false,"_jetpack_memberships_contains_paid_content":false,"footnotes":"","jetpack_publicize_message":"","jetpack_publicize_feature_enabled":true,"jetpack_social_post_already_shared":true,"jetpack_social_options":{"image_generator_settings":{"template":"highway","default_image_id":0,"font":"","enabled":false},"version":2}},"categories":[14],"tags":[],"class_list":["post-189189","post","type-post","status-publish","format-standard","has-post-thumbnail","hentry","category-ciclismo"],"acf":[],"jetpack_publicize_connections":[],"jetpack_featured_media_url":"https:\/\/i0.wp.com\/sportseco.com\/wp-content\/uploads\/2025\/07\/c8d9d.jpeg?fit=2400%2C1068&ssl=1","jetpack_sharing_enabled":true,"_links":{"self":[{"href":"https:\/\/sportseco.com\/index.php?rest_route=\/wp\/v2\/posts\/189189","targetHints":{"allow":["GET"]}}],"collection":[{"href":"https:\/\/sportseco.com\/index.php?rest_route=\/wp\/v2\/posts"}],"about":[{"href":"https:\/\/sportseco.com\/index.php?rest_route=\/wp\/v2\/types\/post"}],"author":[{"embeddable":true,"href":"https:\/\/sportseco.com\/index.php?rest_route=\/wp\/v2\/users\/1"}],"replies":[{"embeddable":true,"href":"https:\/\/sportseco.com\/index.php?rest_route=%2Fwp%2Fv2%2Fcomments&post=189189"}],"version-history":[{"count":1,"href":"https:\/\/sportseco.com\/index.php?rest_route=\/wp\/v2\/posts\/189189\/revisions"}],"predecessor-version":[{"id":189191,"href":"https:\/\/sportseco.com\/index.php?rest_route=\/wp\/v2\/posts\/189189\/revisions\/189191"}],"wp:featuredmedia":[{"embeddable":true,"href":"https:\/\/sportseco.com\/index.php?rest_route=\/wp\/v2\/media\/189190"}],"wp:attachment":[{"href":"https:\/\/sportseco.com\/index.php?rest_route=%2Fwp%2Fv2%2Fmedia&parent=189189"}],"wp:term":[{"taxonomy":"category","embeddable":true,"href":"https:\/\/sportseco.com\/index.php?rest_route=%2Fwp%2Fv2%2Fcategories&post=189189"},{"taxonomy":"post_tag","embeddable":true,"href":"https:\/\/sportseco.com\/index.php?rest_route=%2Fwp%2Fv2%2Ftags&post=189189"}],"curies":[{"name":"wp","href":"https:\/\/api.w.org\/{rel}","templated":true}]}}