{"id":189235,"date":"2025-07-12T12:42:18","date_gmt":"2025-07-12T16:42:18","guid":{"rendered":"https:\/\/sportseco.com\/?p=189235"},"modified":"2025-07-12T12:42:25","modified_gmt":"2025-07-12T16:42:25","slug":"tadej-pogacar-joao-almeida-es-todo-un-guerrero","status":"publish","type":"post","link":"https:\/\/sportseco.com\/?p=189235","title":{"rendered":"Tadej Pogacar: \u201cJoao Almeida es todo un guerrero\u201d"},"content":{"rendered":"\n<p><em>Tadej Pogacar (UAE Team Emirates) contin\u00faa l\u00edder de la clasificaci\u00f3n general tras la octava etapa del Tour de Francia 2025, en la que su compa\u00f1ero Joao Almeida resisti\u00f3 pese a los problemas f\u00edsicos&nbsp;provocados&nbsp;por una ca\u00edda en la v\u00edspera.<\/em><\/p>\n\n\n\n<p>\u201cHa sido una etapa mucho m\u00e1s tranquila que las anteriores. Me hubiera gustado que las carreteras fueran m\u00e1s rectas, porque nos hemos metido en muchos pueblos donde el pelot\u00f3n se pon\u00eda un tanto nervioso. En todo caso, ha sido un buen d\u00eda para recuperarnos de todos los esfuerzos que hemos hecho en d\u00edas previos\u201d.<\/p>\n\n\n\n<p>\u201cJoao [Almeida] es todo un guerrero. Hemos podido ver c\u00f3mo sufr\u00eda a lo largo de toda la etapa, especialmente cuando hab\u00eda aceleraciones; sin embargo, logr\u00f3 aguantar y llegar hasta meta. Tiene el esp\u00edritu de un aut\u00e9ntico campe\u00f3n\u201d.<\/p>\n\n\n\n<p>\u201cDurante la etapa, ped\u00ed a mis directores que me informaran de qu\u00e9 tal le hab\u00eda ido a mi pareja Urska [Zigart] en el Giro d\u2019Italia femenino. Cuando los dos estamos corriendo a la vez, me pongo un poco nervioso. Me gusta saber qu\u00e9 tal le va. Cuando la carrera le sale bien, me pongo muy contento\u201d.<\/p>\n\n\n\n<figure class=\"wp-block-image\"><a class=\"js-jzoom\" href=\"https:\/\/img.aso.fr\/core_app\/img-cycling-tdf-jpg\/podium002\/66440\/0:0,1200:800-1200-0-70\/4fdc0\"><img decoding=\"async\" src=\"https:\/\/img.aso.fr\/core_app\/img-cycling-tdf-jpg\/podium002\/66440\/0:0,1200:800-2400-0-70\/d989c\" alt=\"12\/07\/2025 \u2013 Tour de France 2025 \u2013 \u00c9tape 8 - Saint-M\u00e9en-le-Grand \/ Laval Espace Mayenne (171,4 km) - Tadej POGACAR (UAE TEAM EMIRATES XRG)\"\/><\/a><figcaption class=\"wp-element-caption\">12\/07\/2025 \u2013 Tour de France 2025 \u2013 \u00c9tape 8 &#8211; Saint-M\u00e9en-le-Grand \/ Laval Espace Mayenne (171,4 km) &#8211; Tadej POGACAR (UAE TEAM EMIRATES XRG) \u00a9 A.S.O.\/Billy Ceusters<\/figcaption><\/figure>\n\n\n\n<p>letour.fr<\/p>\n","protected":false},"excerpt":{"rendered":"<p>Tadej Pogacar (UAE Team Emirates) contin\u00faa l\u00edder de la clasificaci\u00f3n general tras la octava etapa del Tour de Francia 2025, en la que su compa\u00f1ero Joao Almeida resisti\u00f3 pese a los problemas f\u00edsicos&nbsp;provocados&nbsp;por una ca\u00edda en la v\u00edspera. \u201cHa sido una etapa mucho m\u00e1s tranquila que las anteriores. Me hubiera gustado que las carreteras fueran [&hellip;]<\/p>\n","protected":false},"author":1,"featured_media":189236,"comment_status":"closed","ping_status":"closed","sticky":false,"template":"","format":"standard","meta":{"_acf_changed":false,"_jetpack_memberships_contains_paid_content":false,"footnotes":"","jetpack_publicize_message":"","jetpack_publicize_feature_enabled":true,"jetpack_social_post_already_shared":true,"jetpack_social_options":{"image_generator_settings":{"template":"highway","default_image_id":0,"font":"","enabled":false},"version":2}},"categories":[14],"tags":[],"class_list":["post-189235","post","type-post","status-publish","format-standard","has-post-thumbnail","hentry","category-ciclismo"],"acf":[],"jetpack_publicize_connections":[],"jetpack_featured_media_url":"https:\/\/i0.wp.com\/sportseco.com\/wp-content\/uploads\/2025\/07\/d989c.jpeg?fit=2400%2C1600&ssl=1","jetpack_sharing_enabled":true,"_links":{"self":[{"href":"https:\/\/sportseco.com\/index.php?rest_route=\/wp\/v2\/posts\/189235","targetHints":{"allow":["GET"]}}],"collection":[{"href":"https:\/\/sportseco.com\/index.php?rest_route=\/wp\/v2\/posts"}],"about":[{"href":"https:\/\/sportseco.com\/index.php?rest_route=\/wp\/v2\/types\/post"}],"author":[{"embeddable":true,"href":"https:\/\/sportseco.com\/index.php?rest_route=\/wp\/v2\/users\/1"}],"replies":[{"embeddable":true,"href":"https:\/\/sportseco.com\/index.php?rest_route=%2Fwp%2Fv2%2Fcomments&post=189235"}],"version-history":[{"count":1,"href":"https:\/\/sportseco.com\/index.php?rest_route=\/wp\/v2\/posts\/189235\/revisions"}],"predecessor-version":[{"id":189237,"href":"https:\/\/sportseco.com\/index.php?rest_route=\/wp\/v2\/posts\/189235\/revisions\/189237"}],"wp:featuredmedia":[{"embeddable":true,"href":"https:\/\/sportseco.com\/index.php?rest_route=\/wp\/v2\/media\/189236"}],"wp:attachment":[{"href":"https:\/\/sportseco.com\/index.php?rest_route=%2Fwp%2Fv2%2Fmedia&parent=189235"}],"wp:term":[{"taxonomy":"category","embeddable":true,"href":"https:\/\/sportseco.com\/index.php?rest_route=%2Fwp%2Fv2%2Fcategories&post=189235"},{"taxonomy":"post_tag","embeddable":true,"href":"https:\/\/sportseco.com\/index.php?rest_route=%2Fwp%2Fv2%2Ftags&post=189235"}],"curies":[{"name":"wp","href":"https:\/\/api.w.org\/{rel}","templated":true}]}}