{"id":189276,"date":"2025-07-13T13:03:39","date_gmt":"2025-07-13T17:03:39","guid":{"rendered":"https:\/\/sportseco.com\/?p=189276"},"modified":"2025-07-13T13:03:43","modified_gmt":"2025-07-13T17:03:43","slug":"merlier-tras-los-pasos-de-cavendish","status":"publish","type":"post","link":"https:\/\/sportseco.com\/?p=189276","title":{"rendered":"Merlier, tras los pasos de Cavendish"},"content":{"rendered":"\n<p>Tour de France 2025&nbsp;|&nbsp;Etapa 9&nbsp;|&nbsp;Chinon &gt; Ch\u00e2teauroux<\/p>\n\n\n\n<p>La quinta visita del Tour de Francia a Ch\u00e2teauroux, rebautizada como \u2018Cavendish City\u2019 despu\u00e9s de las tres victorias consecutivas del brit\u00e1nico en sus calles, volvi\u00f3 a resolverse con una llegada masiva pese al empe\u00f1o de Alpecin-Deceuninck por evitarlo. El conjunto belga lanz\u00f3 a su estrella Mathieu Van der Poel junto al esforzado gregario Jonas Rickaert a la fuga. Rodando en comandita a una media de 50 km\/h y asistidos por un viento generalmente favorable, el d\u00fao mantuvo al pelot\u00f3n a raya hasta el mismo \u00faltimo kil\u00f3metro, cuando el neerland\u00e9s fue cazado por un grupo diezmado por los nervios, la fatiga y los abanicos. En la \u2018volata\u2019 se impuso Tim Merlier por delante de Jonathan Milan (Lidl-Trek) y Arnaud de Lie (Lotto) para anotar la tercera victoria de Soudal-Quick Step en este Tour de Francia, un guarismo que el conjunto belga no alcanzaban en la gran ronda gala\u2026 desde la \u00e9poca de Cavendish. No hubo cambios de relieve en la general, que contin\u00faa encabezada por un Tadej Pogacar (UAE Team Emirates) que perdi\u00f3 a su gregario Joao Almeida, muy mermado por su ca\u00edda camino de M\u00fbr-de-Bretagne. S\u00ed los habr\u00e1 este lunes, 14 de julio, en una quebrad\u00edsima etapa por el Macizo Central con meta en la cima del Mont-Dore.<\/p>\n\n\n\n<p>176 corredores tomaron la salida en la novena etapa del Tour de Francia 2025, de 174,1 kil\u00f3metros entre Chinon y Ch\u00e2teauroux, llana y azotada por un viento pertinaz, a las 13:25. Nada m\u00e1s bajar la bandera el director de la carrera Christian Prudhomme, Jonas Rickaert y Mathieu Van der Poel (Alpecin-Deceuninck) saltaron del pelot\u00f3n sin oposici\u00f3n. Al paso por el sprint intermedio de La Belle Indienne (SI, km 24,2), liderado por el neerland\u00e9s, su ventaja sobre el grupo principal ascend\u00eda a 3\u201945\u201d. \u00c9sta llegar\u00eda a picar los 5\u201935\u201d en Ch\u00e2tellerault (km 46,2), pese al trabajo de un Lidl-Trek que encontrar\u00eda m\u00e1s adelante aliados en Uno-X, Soudal-Quick Step\u2026 e incluso Jayco-AlUla o Tudor.<\/p>\n\n\n\n<p><strong>Joao Almeida, v\u00edctima de la velocidad<br \/><\/strong>El continuo viento favorable permiti\u00f3 a los Alpecin-Deceuninck rodar a 48,5 km\/h de media en las dos primeras horas, obligando al pelot\u00f3n a perseguir a similar velocidad. Esto convirti\u00f3 la etapa en una tortura para un Joao Almeida (UAE Team Emirates) que, diezmado por la dur\u00edsima ca\u00edda camino de M\u00fbr-de-Bretagne que le rompi\u00f3 una costilla, hizo la goma durante buena parte del d\u00eda hasta descolgarse y abandonar la carrera en torno al kil\u00f3metro 94. Tambi\u00e9n padeci\u00f3 el campe\u00f3n alem\u00e1n Georg Zimmermann (Intermarch\u00e9-Wanty), quien sufri\u00f3 una ca\u00edda en el kil\u00f3metro 55 y pas\u00f3 mucho tiempo al filo de la navaja, conectando y reconectando con el endiablado pelot\u00f3n.<\/p>\n\n\n\n<p><strong>Van der Poel hasta el \u00faltimo kil\u00f3metro<br \/><\/strong>La segunda mitad de la etapa inclu\u00eda varios cambios de direcci\u00f3n en el recorrido que provocaban que el viento soplara de costado respecto a los corredores. Esto provoc\u00f3 varios escarceos de conjuntos como Soudal-Quick Step, Lidl-Trek o Visma-Lease a Bike que no cristalizaron en cortes significativos pero dejaron la ventaja de Van der Poel y Rickaert en s\u00f3lo 35\u201d a 24 kil\u00f3metros de meta. Sin embargo, el pelot\u00f3n comenz\u00f3 a contemporizar y el d\u00fao de Alpecin aprovech\u00f3 para incrementar su renta y llevarla hasta 1\u201900\u201d a 11 del final. Todos los equipos hubieron de contribuir con todos sus efectivos para cazarles, con Rickaert, premio de la Combatividad, claudicando a 7 de meta; y Van der Poel, ya dentro del \u00faltimo kil\u00f3metro. Finalmente, Tim Merlier (Soudal-Quick Step) se impondr\u00eda en una \u2018volata\u2019 tan ajustada como desordenada.<\/p>\n\n\n\n<figure class=\"wp-block-image\"><a class=\"js-jzoom\" href=\"https:\/\/img.aso.fr\/core_app\/img-cycling-tdf-jpg\/header-e9-arrivee\/66583\/0:0,2000:890-1200-0-70\/d8397\"><img decoding=\"async\" src=\"https:\/\/img.aso.fr\/core_app\/img-cycling-tdf-jpg\/header-e9-arrivee\/66583\/0:0,2000:890-2400-0-70\/15a28\" alt=\"\"\/><\/a><\/figure>\n\n\n\n<p><\/p>\n\n\n\n<p><\/p>\n\n\n\n<p>letour.fr<\/p>\n","protected":false},"excerpt":{"rendered":"<p>Tour de France 2025&nbsp;|&nbsp;Etapa 9&nbsp;|&nbsp;Chinon &gt; Ch\u00e2teauroux La quinta visita del Tour de Francia a Ch\u00e2teauroux, rebautizada como \u2018Cavendish City\u2019 despu\u00e9s de las tres victorias consecutivas del brit\u00e1nico en sus calles, volvi\u00f3 a resolverse con una llegada masiva pese al empe\u00f1o de Alpecin-Deceuninck por evitarlo. El conjunto belga lanz\u00f3 a su estrella Mathieu Van der [&hellip;]<\/p>\n","protected":false},"author":1,"featured_media":189277,"comment_status":"closed","ping_status":"closed","sticky":false,"template":"","format":"standard","meta":{"_acf_changed":false,"_jetpack_memberships_contains_paid_content":false,"footnotes":"","jetpack_publicize_message":"","jetpack_publicize_feature_enabled":true,"jetpack_social_post_already_shared":true,"jetpack_social_options":{"image_generator_settings":{"template":"highway","default_image_id":0,"font":"","enabled":false},"version":2}},"categories":[14],"tags":[],"class_list":["post-189276","post","type-post","status-publish","format-standard","has-post-thumbnail","hentry","category-ciclismo"],"acf":[],"jetpack_publicize_connections":[],"jetpack_featured_media_url":"https:\/\/i0.wp.com\/sportseco.com\/wp-content\/uploads\/2025\/07\/15a28.jpeg?fit=2400%2C1068&ssl=1","jetpack_sharing_enabled":true,"_links":{"self":[{"href":"https:\/\/sportseco.com\/index.php?rest_route=\/wp\/v2\/posts\/189276","targetHints":{"allow":["GET"]}}],"collection":[{"href":"https:\/\/sportseco.com\/index.php?rest_route=\/wp\/v2\/posts"}],"about":[{"href":"https:\/\/sportseco.com\/index.php?rest_route=\/wp\/v2\/types\/post"}],"author":[{"embeddable":true,"href":"https:\/\/sportseco.com\/index.php?rest_route=\/wp\/v2\/users\/1"}],"replies":[{"embeddable":true,"href":"https:\/\/sportseco.com\/index.php?rest_route=%2Fwp%2Fv2%2Fcomments&post=189276"}],"version-history":[{"count":1,"href":"https:\/\/sportseco.com\/index.php?rest_route=\/wp\/v2\/posts\/189276\/revisions"}],"predecessor-version":[{"id":189278,"href":"https:\/\/sportseco.com\/index.php?rest_route=\/wp\/v2\/posts\/189276\/revisions\/189278"}],"wp:featuredmedia":[{"embeddable":true,"href":"https:\/\/sportseco.com\/index.php?rest_route=\/wp\/v2\/media\/189277"}],"wp:attachment":[{"href":"https:\/\/sportseco.com\/index.php?rest_route=%2Fwp%2Fv2%2Fmedia&parent=189276"}],"wp:term":[{"taxonomy":"category","embeddable":true,"href":"https:\/\/sportseco.com\/index.php?rest_route=%2Fwp%2Fv2%2Fcategories&post=189276"},{"taxonomy":"post_tag","embeddable":true,"href":"https:\/\/sportseco.com\/index.php?rest_route=%2Fwp%2Fv2%2Ftags&post=189276"}],"curies":[{"name":"wp","href":"https:\/\/api.w.org\/{rel}","templated":true}]}}