{"id":189279,"date":"2025-07-13T13:12:11","date_gmt":"2025-07-13T17:12:11","guid":{"rendered":"https:\/\/sportseco.com\/?p=189279"},"modified":"2025-07-13T13:12:16","modified_gmt":"2025-07-13T17:12:16","slug":"tadej-pogacar-la-de-manana-no-es-la-etapa-mas-dura-pero-ofrece-muchas-posibilidades","status":"publish","type":"post","link":"https:\/\/sportseco.com\/?p=189279","title":{"rendered":"Tadej Pogacar: \u201cLa de ma\u00f1ana no es la etapa m\u00e1s dura, pero ofrece muchas posibilidades\u201d"},"content":{"rendered":"\n<p><em>Tadej Pogacar (UAE Team Emirates) contin\u00faa l\u00edder de la clasificaci\u00f3n general tras la novena etapa del Tour de Francia 2025, en la que su compa\u00f1ero Joao Almeida se retir\u00f3 mermado por una ca\u00edda en la s\u00e9ptima etapa.<\/em><\/p>\n\n\n\n<p>\u00abEsper\u00e1bamos que la etapa de hoy fuera as\u00ed. El calor la hizo m\u00e1s dif\u00edcil, y tener a Mathieu Van der Poel en la escapada tampoco ayud\u00f3. Ha resultado s\u00faper dura para ser una etapa llana\u00bb.<\/p>\n\n\n\n<p>\u00abMa\u00f1ana esperamos una etapa muy calurosa y dura. Habr\u00e1 una gran lucha por la escapada, ya que es la fiesta nacional francesa y todos los corredores franceses querr\u00e1n dar un gran espect\u00e1culo. Ser\u00e1 dif\u00edcil de controlar, pero estaremos delante y muy atentos a los movimientos de los dem\u00e1s equipos. No es el recorrido m\u00e1s duro, pero ofrece muchas posibilidades; tambi\u00e9n pensando en la general\u00bb.<\/p>\n\n\n\n<p>\u00abHab\u00eda sido incre\u00edble c\u00f3mo Joao [Almeida] hab\u00eda lidiado con las consecuencias de su ca\u00edda durante los dos \u00faltimos d\u00edas. Si yo he sufrido durante toda la etapa de hoy, no me puedo imaginar lo que habr\u00e1 sufrido \u00e9l. Siento un gran respeto por \u00e9l y me entristece mucho que tenga que abandonar. Tenerlo metido en la lucha de la general era un lujo para nosotros. Ahora nos toca replantear nuestra estrategia para que su ausencia nos afecte lo menos posible. Estaba en plena forma y tengo muchas ganas de que se recupere y vuelva a competir. Y, por supuesto, ahora quiero ganar este Tour de Francia tambi\u00e9n por Joao\u00bb.<\/p>\n\n\n\n<figure class=\"wp-block-image\"><a class=\"js-jzoom\" href=\"https:\/\/img.aso.fr\/core_app\/img-cycling-tdf-jpg\/podium002\/66605\/0:0,1200:800-1200-0-70\/f58ec\"><img decoding=\"async\" src=\"https:\/\/img.aso.fr\/core_app\/img-cycling-tdf-jpg\/podium002\/66605\/0:0,1200:800-2400-0-70\/697e2\" alt=\"13\/07\/2025 \u2013 Tour de France 2025 \u2013 \u00c9tape 9 - Chinon \/ Ch\u00e2teauroux (174,1 km) - Tadej POGACAR (UAE TEAM EMIRATES XRG)\"\/><\/a><figcaption class=\"wp-element-caption\">13\/07\/2025 \u2013 Tour de France 2025 \u2013 \u00c9tape 9 &#8211; Chinon \/ Ch\u00e2teauroux (174,1 km) &#8211; Tadej POGACAR (UAE TEAM EMIRATES XRG) \u00a9 A.S.O.\/Charly Lopez<\/figcaption><\/figure>\n\n\n\n<p>letour.fr<\/p>\n","protected":false},"excerpt":{"rendered":"<p>Tadej Pogacar (UAE Team Emirates) contin\u00faa l\u00edder de la clasificaci\u00f3n general tras la novena etapa del Tour de Francia 2025, en la que su compa\u00f1ero Joao Almeida se retir\u00f3 mermado por una ca\u00edda en la s\u00e9ptima etapa. \u00abEsper\u00e1bamos que la etapa de hoy fuera as\u00ed. El calor la hizo m\u00e1s dif\u00edcil, y tener a Mathieu [&hellip;]<\/p>\n","protected":false},"author":1,"featured_media":189280,"comment_status":"closed","ping_status":"closed","sticky":false,"template":"","format":"standard","meta":{"_acf_changed":false,"_jetpack_memberships_contains_paid_content":false,"footnotes":"","jetpack_publicize_message":"","jetpack_publicize_feature_enabled":true,"jetpack_social_post_already_shared":true,"jetpack_social_options":{"image_generator_settings":{"template":"highway","default_image_id":0,"font":"","enabled":false},"version":2}},"categories":[14],"tags":[],"class_list":["post-189279","post","type-post","status-publish","format-standard","has-post-thumbnail","hentry","category-ciclismo"],"acf":[],"jetpack_publicize_connections":[],"jetpack_featured_media_url":"https:\/\/i0.wp.com\/sportseco.com\/wp-content\/uploads\/2025\/07\/697e2.jpeg?fit=2400%2C1600&ssl=1","jetpack_sharing_enabled":true,"_links":{"self":[{"href":"https:\/\/sportseco.com\/index.php?rest_route=\/wp\/v2\/posts\/189279","targetHints":{"allow":["GET"]}}],"collection":[{"href":"https:\/\/sportseco.com\/index.php?rest_route=\/wp\/v2\/posts"}],"about":[{"href":"https:\/\/sportseco.com\/index.php?rest_route=\/wp\/v2\/types\/post"}],"author":[{"embeddable":true,"href":"https:\/\/sportseco.com\/index.php?rest_route=\/wp\/v2\/users\/1"}],"replies":[{"embeddable":true,"href":"https:\/\/sportseco.com\/index.php?rest_route=%2Fwp%2Fv2%2Fcomments&post=189279"}],"version-history":[{"count":1,"href":"https:\/\/sportseco.com\/index.php?rest_route=\/wp\/v2\/posts\/189279\/revisions"}],"predecessor-version":[{"id":189281,"href":"https:\/\/sportseco.com\/index.php?rest_route=\/wp\/v2\/posts\/189279\/revisions\/189281"}],"wp:featuredmedia":[{"embeddable":true,"href":"https:\/\/sportseco.com\/index.php?rest_route=\/wp\/v2\/media\/189280"}],"wp:attachment":[{"href":"https:\/\/sportseco.com\/index.php?rest_route=%2Fwp%2Fv2%2Fmedia&parent=189279"}],"wp:term":[{"taxonomy":"category","embeddable":true,"href":"https:\/\/sportseco.com\/index.php?rest_route=%2Fwp%2Fv2%2Fcategories&post=189279"},{"taxonomy":"post_tag","embeddable":true,"href":"https:\/\/sportseco.com\/index.php?rest_route=%2Fwp%2Fv2%2Ftags&post=189279"}],"curies":[{"name":"wp","href":"https:\/\/api.w.org\/{rel}","templated":true}]}}