{"id":189366,"date":"2025-07-14T18:25:18","date_gmt":"2025-07-14T22:25:18","guid":{"rendered":"https:\/\/sportseco.com\/?p=189366"},"modified":"2025-07-14T18:25:22","modified_gmt":"2025-07-14T22:25:22","slug":"yates-gana-la-decima-etapa-el-dia-de-la-bastilla-y-el-irlandes-healy-se-pone-el-maillot-amarillo","status":"publish","type":"post","link":"https:\/\/sportseco.com\/?p=189366","title":{"rendered":"Yates gana la d\u00e9cima etapa el D\u00eda de la Bastilla y el irland\u00e9s Healy se pone el maillot amarillo"},"content":{"rendered":"\n<p>El brit\u00e1nico Simon Yates gan\u00f3 la d\u00e9cima etapa del Tour de Francia el D\u00eda de la Bastilla, y Ben Healy se convirti\u00f3 en el primer ciclista irland\u00e9s en conseguir el maillot amarillo en 38 a\u00f1os.<\/p>\n\n\n\n<p>Yates, quien triunf\u00f3 en su segunda Gran Vuelta en el Giro de Italia en junio, calcul\u00f3 su ataque con gran precisi\u00f3n en el ascenso final de la etapa de 165,3 km entre Ennezat &#8211; Le Mont-Dore Puy de Sancy, tras formar parte de una escapada de larga distancia.<\/p>\n\n\n\n<p>Ese grupo de 28 ciclistas se vio reducido significativamente en una jornada exigente en el Macizo Central, con ocho puertos de monta\u00f1a categorizados. El ciclista del Visma-Lease a Bike se alej\u00f3 de Thymen Arensman, Healy, Ben O&#8217;Connor, Michael Storer y su compatriota Joe Blackmore en las \u00faltimas etapas.<\/p>\n\n\n\n<p>\u00abFue un comienzo muy dif\u00edcil estar all\u00ed con tantos corredores fuertes, y por eso aprovech\u00e9 esa ventaja justo antes de la \u00faltima subida, porque buscaba una ventaja\u00bb, dijo Yates.<\/p>\n\n\n\n<p>ANUNCIO<\/p>\n\n\n\n<p>\u00abHa pasado mucho tiempo. Realmente no esperaba tener ninguna oportunidad aqu\u00ed. Vinimos totalmente concentrados en Jonas y la general.<\/p>\n\n\n\n<p>\u00abLa etapa se desarroll\u00f3 de tal manera que pude estar all\u00ed y la asum\u00ed con todas mis fuerzas. No es f\u00e1cil. He mejorado cada d\u00eda desde que estoy aqu\u00ed. He ido adapt\u00e1ndome a la carrera.<\/p>\n\n\n\n<p>El escalador holand\u00e9s del Ineos Grenadiers, Arensman, termin\u00f3 segundo, mientras que Healy, nacido en West Midlands, lleg\u00f3 tercero y se adelant\u00f3 en la clasificaci\u00f3n general, 29 segundos por delante del vigente campe\u00f3n, Tadej Pogacar.<\/p>\n\n\n\n<p>El belga Remco Evenepoel se sit\u00faa tercero, un minuto m\u00e1s atr\u00e1s, tras perder seis segundos en los \u00faltimos kil\u00f3metros cuando Pogacar aceler\u00f3 y solo Jonas Vingegaard pudo mantenerse a su rueda en un grupo con varios favoritos para la general.<\/p>\n\n\n\n<p>El dan\u00e9s es cuarto en la clasificaci\u00f3n general, a un minuto y 46 segundos de Healy, quien ya hab\u00eda triunfado en la sexta etapa y se convertir\u00e1 en el primer irland\u00e9s en vestir el maillot jaune desde que Stephen Roche gan\u00f3 la carrera en 1987.<\/p>\n\n\n\n<p>\u00abFue una locura\u00bb. Fue una batalla contra m\u00ed mismo y tuve que esforzarme al m\u00e1ximo. Mis compa\u00f1eros se esforzaron tanto por m\u00ed que realmente quer\u00eda corresponderles\u00bb, dijo Healy.<\/p>\n\n\n\n<p>\u00ab\u00bfCon qu\u00e9 frecuencia tienes la oportunidad de ponerte en amarillo? Tuve que afrontarlo con todas mis fuerzas y lanzarme a por ello.<\/p>\n\n\n\n<p>Habr\u00e1 un d\u00eda de descanso el martes antes de que la carrera se reanude el mi\u00e9rcoles con un recorrido de 156,8 km alrededor de Toulouse que se espera que finalice en un sprint masivo.<\/p>\n\n\n\n<p>El primer gran d\u00eda en los Pirineos llega el jueves con una visita a la estaci\u00f3n de esqu\u00ed de Hautacam.<\/p>\n\n\n\n<p>Resultados de la etapa 10<\/p>\n\n\n\n<ol class=\"wp-block-list\">\n<li>Simon Yates (GB\/Visma-Lease a Bike)<\/li>\n\n\n\n<li>Thymen Arensman (Ned\/Ineos Grenadiers), +9 segundos<\/li>\n\n\n\n<li>Ben Healy (Ire\/EF Education-EasyPost), +31 segundos<\/li>\n\n\n\n<li>Ben O&#8217;Connor (Aus\/Jayco AlUla), +49 segundos<\/li>\n\n\n\n<li>Michael Storer (Aus\/Tudor Pro Cycling), +1 min 23 s<\/li>\n\n\n\n<li>Joe Blackmore (GB\/Israel &#8211; Premier Tech) +3 min 57 s<\/li>\n\n\n\n<li>Anders Johannessen (Nor\/Uno-X Mobility) +4 min 38 s<\/li>\n\n\n\n<li>Lenny Martinez (Fra\/Bahrain-Victorious) +4 min 51 s<\/li>\n\n\n\n<li>Tadej Pogacar (Slo\/UAE Emirates-XRG) Mismo tiempo<\/li>\n\n\n\n<li>Jonas Vingegaard (Den\/Visma-Lease a Bike)<\/li>\n<\/ol>\n\n\n\n<p>Clasificaci\u00f3n general tras la etapa 10<\/p>\n\n\n\n<ol class=\"wp-block-list\">\n<li>Ben Healy (Ire\/EF Education-EasyPost) 37 h 41 min 49 s<\/li>\n\n\n\n<li>Tadej Pogacar (Slo\/UAE Team Emirates-XRG) +29 s<\/li>\n\n\n\n<li>Remco Evenepoel (Bel\/Soudal Quick-Step) +1 min 29 s<\/li>\n\n\n\n<li>Jonas Vingegaard (Den\/Visma-Lease a Bike) +1 min 46 s<\/li>\n\n\n\n<li>Matteo Jorgenson (US\/Visma-Lease a Bike) Bicicleta)+2min 6seg<\/li>\n\n\n\n<li>Kevin Vauquelin (Fra\/Arkea-B&amp;B Hotels) +2 minutos 26 segundos<\/li>\n\n\n\n<li>Oscar Onley (GB\/Picnic PostNL) +3 minutos 24 segundos<\/li>\n\n\n\n<li>Florian Lipowitz (Alemania\/Red Bull &#8211; Bora-hansgrohe) +3 minutos 34 segundos<\/li>\n\n\n\n<li>Primoz Roglic (Slo\/Red Bull &#8211; Bora-hansgrohe +3min 41seg<\/li>\n\n\n\n<li>Anders Johannessen (Nor\/Uno-X Mobility) +5 minutos 3 segundos<\/li>\n<\/ol>\n\n\n\n<p>bbc.com<\/p>\n","protected":false},"excerpt":{"rendered":"<p>El brit\u00e1nico Simon Yates gan\u00f3 la d\u00e9cima etapa del Tour de Francia el D\u00eda de la Bastilla, y Ben Healy se convirti\u00f3 en el primer ciclista irland\u00e9s en conseguir el maillot amarillo en 38 a\u00f1os. Yates, quien triunf\u00f3 en su segunda Gran Vuelta en el Giro de Italia en junio, calcul\u00f3 su ataque con gran [&hellip;]<\/p>\n","protected":false},"author":1,"featured_media":189350,"comment_status":"closed","ping_status":"closed","sticky":false,"template":"","format":"standard","meta":{"_acf_changed":false,"_jetpack_memberships_contains_paid_content":false,"footnotes":"","jetpack_publicize_message":"","jetpack_publicize_feature_enabled":true,"jetpack_social_post_already_shared":true,"jetpack_social_options":{"image_generator_settings":{"template":"highway","default_image_id":0,"font":"","enabled":false},"version":2}},"categories":[14],"tags":[],"class_list":["post-189366","post","type-post","status-publish","format-standard","has-post-thumbnail","hentry","category-ciclismo"],"acf":[],"jetpack_publicize_connections":[],"jetpack_featured_media_url":"https:\/\/i0.wp.com\/sportseco.com\/wp-content\/uploads\/2025\/07\/90595.jpeg?fit=2400%2C1068&ssl=1","jetpack_sharing_enabled":true,"_links":{"self":[{"href":"https:\/\/sportseco.com\/index.php?rest_route=\/wp\/v2\/posts\/189366","targetHints":{"allow":["GET"]}}],"collection":[{"href":"https:\/\/sportseco.com\/index.php?rest_route=\/wp\/v2\/posts"}],"about":[{"href":"https:\/\/sportseco.com\/index.php?rest_route=\/wp\/v2\/types\/post"}],"author":[{"embeddable":true,"href":"https:\/\/sportseco.com\/index.php?rest_route=\/wp\/v2\/users\/1"}],"replies":[{"embeddable":true,"href":"https:\/\/sportseco.com\/index.php?rest_route=%2Fwp%2Fv2%2Fcomments&post=189366"}],"version-history":[{"count":1,"href":"https:\/\/sportseco.com\/index.php?rest_route=\/wp\/v2\/posts\/189366\/revisions"}],"predecessor-version":[{"id":189367,"href":"https:\/\/sportseco.com\/index.php?rest_route=\/wp\/v2\/posts\/189366\/revisions\/189367"}],"wp:featuredmedia":[{"embeddable":true,"href":"https:\/\/sportseco.com\/index.php?rest_route=\/wp\/v2\/media\/189350"}],"wp:attachment":[{"href":"https:\/\/sportseco.com\/index.php?rest_route=%2Fwp%2Fv2%2Fmedia&parent=189366"}],"wp:term":[{"taxonomy":"category","embeddable":true,"href":"https:\/\/sportseco.com\/index.php?rest_route=%2Fwp%2Fv2%2Fcategories&post=189366"},{"taxonomy":"post_tag","embeddable":true,"href":"https:\/\/sportseco.com\/index.php?rest_route=%2Fwp%2Fv2%2Ftags&post=189366"}],"curies":[{"name":"wp","href":"https:\/\/api.w.org\/{rel}","templated":true}]}}