{"id":189526,"date":"2025-07-17T15:51:10","date_gmt":"2025-07-17T19:51:10","guid":{"rendered":"https:\/\/sportseco.com\/?p=189526"},"modified":"2025-07-17T15:51:13","modified_gmt":"2025-07-17T19:51:13","slug":"remco-evenepoel-no-corri-de-una-forma-inteligente-sino-de-la-unica-posible","status":"publish","type":"post","link":"https:\/\/sportseco.com\/?p=189526","title":{"rendered":"Remco Evenepoel: \u201cNo corr\u00ed de una forma inteligente, sino de la \u00fanica posible\u201d"},"content":{"rendered":"\n<p><em>Remco Evenepoel (Soudal-Quick Step) recupera el liderato de la clasificaci\u00f3n de los J\u00f3venes tras la duod\u00e9cima etapa del Tour de Francia 2025.<\/em><\/p>\n\n\n\n<p>\u201cNo tuve las mejores sensaciones desde el principio de la carrera. Incluso en el tramo llano me pesaban las piernas. Trat\u00e9 de marcarme mi propio ritmo en los puertos y hacer una especie de contrarreloj de 50 kil\u00f3metros. Fue una larga batalla contra m\u00ed mismo, contra mi cabeza y mis piernas. No corr\u00ed de una forma inteligente, sino de la \u00fanica posible. He luchado pensando en el podio de Par\u00eds. Despu\u00e9s de todo, las diferencias con Tadej eran muy grandes, pero con los dem\u00e1s eran razonables. Espero estar mejor ma\u00f1ana para poder hacer algo en la contrarreloj. Quiero mantener la calma y, d\u00eda a d\u00eda, olvidar este mal d\u00eda\u201d<\/p>\n\n\n\n<p>\u201cHoy Tadej ha estado por encima de todos. A\u00fan quedan diez d\u00edas de carrera, pero ha dado un gran paso hacia la victoria en el Tour de Francia. Algunos equipos han corrido hoy como si quisieran ayudarle a \u00e9l y a los UAE, y eso es un error. Tenemos que cambiar de mentalidad; sobre todo ahora que el maillot amarillo est\u00e1 bastante lejos\u201d<\/p>\n\n\n\n<figure class=\"wp-block-image\"><a class=\"js-jzoom\" href=\"https:\/\/img.aso.fr\/core_app\/img-cycling-tdf-jpg\/depart024\/67052\/0:0,1200:800-1200-0-70\/605ac\"><img decoding=\"async\" src=\"https:\/\/img.aso.fr\/core_app\/img-cycling-tdf-jpg\/depart024\/67052\/0:0,1200:800-2400-0-70\/85c37\" alt=\"16\/07\/2025 \u2013 Tour de France 2025 \u2013 \u00c9tape 11 - Toulouse \/ Toulouse (156,8 km) - Remco EVENEPOEL (SOUDAL QUICK-STEP)\"\/><\/a><figcaption class=\"wp-element-caption\">16\/07\/2025 \u2013 Tour de France 2025 \u2013 \u00c9tape 11 &#8211; Toulouse \/ Toulouse (156,8 km) &#8211; Remco EVENEPOEL (SOUDAL QUICK-STEP) \u00a9 A.S.O.\/Charly Lopez<\/figcaption><\/figure>\n\n\n\n<p><\/p>\n\n\n\n<p>letour.fr<\/p>\n","protected":false},"excerpt":{"rendered":"<p>Remco Evenepoel (Soudal-Quick Step) recupera el liderato de la clasificaci\u00f3n de los J\u00f3venes tras la duod\u00e9cima etapa del Tour de Francia 2025. \u201cNo tuve las mejores sensaciones desde el principio de la carrera. Incluso en el tramo llano me pesaban las piernas. Trat\u00e9 de marcarme mi propio ritmo en los puertos y hacer una especie [&hellip;]<\/p>\n","protected":false},"author":1,"featured_media":189527,"comment_status":"closed","ping_status":"closed","sticky":false,"template":"","format":"standard","meta":{"_acf_changed":false,"_jetpack_memberships_contains_paid_content":false,"footnotes":"","jetpack_publicize_message":"","jetpack_publicize_feature_enabled":true,"jetpack_social_post_already_shared":true,"jetpack_social_options":{"image_generator_settings":{"template":"highway","default_image_id":0,"font":"","enabled":false},"version":2}},"categories":[14],"tags":[],"class_list":["post-189526","post","type-post","status-publish","format-standard","has-post-thumbnail","hentry","category-ciclismo"],"acf":[],"jetpack_publicize_connections":[],"jetpack_featured_media_url":"https:\/\/i0.wp.com\/sportseco.com\/wp-content\/uploads\/2025\/07\/85c37.jpeg?fit=2400%2C1600&ssl=1","jetpack_sharing_enabled":true,"_links":{"self":[{"href":"https:\/\/sportseco.com\/index.php?rest_route=\/wp\/v2\/posts\/189526","targetHints":{"allow":["GET"]}}],"collection":[{"href":"https:\/\/sportseco.com\/index.php?rest_route=\/wp\/v2\/posts"}],"about":[{"href":"https:\/\/sportseco.com\/index.php?rest_route=\/wp\/v2\/types\/post"}],"author":[{"embeddable":true,"href":"https:\/\/sportseco.com\/index.php?rest_route=\/wp\/v2\/users\/1"}],"replies":[{"embeddable":true,"href":"https:\/\/sportseco.com\/index.php?rest_route=%2Fwp%2Fv2%2Fcomments&post=189526"}],"version-history":[{"count":1,"href":"https:\/\/sportseco.com\/index.php?rest_route=\/wp\/v2\/posts\/189526\/revisions"}],"predecessor-version":[{"id":189528,"href":"https:\/\/sportseco.com\/index.php?rest_route=\/wp\/v2\/posts\/189526\/revisions\/189528"}],"wp:featuredmedia":[{"embeddable":true,"href":"https:\/\/sportseco.com\/index.php?rest_route=\/wp\/v2\/media\/189527"}],"wp:attachment":[{"href":"https:\/\/sportseco.com\/index.php?rest_route=%2Fwp%2Fv2%2Fmedia&parent=189526"}],"wp:term":[{"taxonomy":"category","embeddable":true,"href":"https:\/\/sportseco.com\/index.php?rest_route=%2Fwp%2Fv2%2Fcategories&post=189526"},{"taxonomy":"post_tag","embeddable":true,"href":"https:\/\/sportseco.com\/index.php?rest_route=%2Fwp%2Fv2%2Ftags&post=189526"}],"curies":[{"name":"wp","href":"https:\/\/api.w.org\/{rel}","templated":true}]}}